{"id":229,"date":"2023-05-18T10:41:57","date_gmt":"2023-05-18T08:41:57","guid":{"rendered":"https:\/\/blocsenresidencia.bcn.cat\/joanbrossa2023\/?p=229"},"modified":"2023-05-18T10:41:57","modified_gmt":"2023-05-18T08:41:57","slug":"compartim-idees","status":"publish","type":"post","link":"https:\/\/blocsenresidencia.bcn.cat\/joanbrossa2023\/2023\/05\/18\/compartim-idees\/","title":{"rendered":"Compartim idees"},"content":{"rendered":"\n<p>Despr\u00e9s de trobar-nos amb diferents col\u00b7lectius, vam posar en com\u00fa idees i opinions, intentant de qu\u00e8 tot tingui un fill en com\u00fa. Vam parlar de diverses coses, per\u00f2 en especial de la import\u00e0ncia de no jutjar sense con\u00e8ixer a les persones, d&#8217;empatitzar, de generar un ambient i espai de confian\u00e7a per parlar dels problemes.&nbsp;<\/p>\n\n\n\n<figure class=\"wp-block-image size-large\"><img loading=\"lazy\" decoding=\"async\" width=\"1024\" height=\"768\" src=\"https:\/\/blocsenresidencia.bcn.cat\/joanbrossa2023\/wp-content\/uploads\/2023\/05\/IMG20230316121728-1024x768.jpg\" alt=\"\" class=\"wp-image-230\" srcset=\"https:\/\/blocsenresidencia.bcn.cat\/joanbrossa2023\/wp-content\/uploads\/2023\/05\/IMG20230316121728-1024x768.jpg 1024w, https:\/\/blocsenresidencia.bcn.cat\/joanbrossa2023\/wp-content\/uploads\/2023\/05\/IMG20230316121728-300x225.jpg 300w, https:\/\/blocsenresidencia.bcn.cat\/joanbrossa2023\/wp-content\/uploads\/2023\/05\/IMG20230316121728-768x576.jpg 768w, https:\/\/blocsenresidencia.bcn.cat\/joanbrossa2023\/wp-content\/uploads\/2023\/05\/IMG20230316121728-1536x1152.jpg 1536w, https:\/\/blocsenresidencia.bcn.cat\/joanbrossa2023\/wp-content\/uploads\/2023\/05\/IMG20230316121728-2048x1536.jpg 2048w\" sizes=\"auto, (max-width: 767px) 89vw, (max-width: 1000px) 54vw, (max-width: 1071px) 543px, 580px\" \/><\/figure>\n\n\n\n<p>Una l\u00ednia de treball era generar situacions de trobada amb la gent de manera espont\u00e0nia, compartir dubtes, parlar de coses personals i que la difer\u00e8ncia d&#8217;edat no sigui cap obstacle.&nbsp;<\/p>\n\n\n\n<p>Van sorgir idees com per exemple, fer esport amb els nois de l&#8217;organitzaci\u00f3 de Santa Creu, trobar-se al carrer i propiciar trobades amb altres col\u00b7lectius.&nbsp;<\/p>\n\n\n\n<p>Al final vam decidir fer accions al carrer, per cridar l\u2019atenci\u00f3 i que les persones puguin participar i compartir moments amb diferents col\u00b7lectius que a vegades estan invisibilitzats.<\/p>\n","protected":false},"excerpt":{"rendered":"<p>Despr\u00e9s de trobar-nos amb diferents col\u00b7lectius, vam posar en com\u00fa idees i opinions, intentant de qu\u00e8 tot tingui un fill en com\u00fa. Vam parlar de diverses coses, per\u00f2 en especial de la import\u00e0ncia de no jutjar sense con\u00e8ixer a les persones, d&#8217;empatitzar, de generar un ambient i espai de confian\u00e7a per parlar dels problemes.&nbsp; Una &hellip; <\/p>\n<p class=\"link-more\"><a href=\"https:\/\/blocsenresidencia.bcn.cat\/joanbrossa2023\/2023\/05\/18\/compartim-idees\/\" class=\"more-link\">Continua llegint <span class=\"screen-reader-text\">\u00abCompartim idees\u00bb<\/span><\/a><\/p>\n","protected":false},"author":4,"featured_media":0,"comment_status":"open","ping_status":"open","sticky":false,"template":"","format":"standard","meta":{"footnotes":""},"categories":[1],"tags":[],"class_list":["post-229","post","type-post","status-publish","format-standard","hentry","category-general"],"_links":{"self":[{"href":"https:\/\/blocsenresidencia.bcn.cat\/joanbrossa2023\/wp-json\/wp\/v2\/posts\/229","targetHints":{"allow":["GET"]}}],"collection":[{"href":"https:\/\/blocsenresidencia.bcn.cat\/joanbrossa2023\/wp-json\/wp\/v2\/posts"}],"about":[{"href":"https:\/\/blocsenresidencia.bcn.cat\/joanbrossa2023\/wp-json\/wp\/v2\/types\/post"}],"author":[{"embeddable":true,"href":"https:\/\/blocsenresidencia.bcn.cat\/joanbrossa2023\/wp-json\/wp\/v2\/users\/4"}],"replies":[{"embeddable":true,"href":"https:\/\/blocsenresidencia.bcn.cat\/joanbrossa2023\/wp-json\/wp\/v2\/comments?post=229"}],"version-history":[{"count":1,"href":"https:\/\/blocsenresidencia.bcn.cat\/joanbrossa2023\/wp-json\/wp\/v2\/posts\/229\/revisions"}],"predecessor-version":[{"id":231,"href":"https:\/\/blocsenresidencia.bcn.cat\/joanbrossa2023\/wp-json\/wp\/v2\/posts\/229\/revisions\/231"}],"wp:attachment":[{"href":"https:\/\/blocsenresidencia.bcn.cat\/joanbrossa2023\/wp-json\/wp\/v2\/media?parent=229"}],"wp:term":[{"taxonomy":"category","embeddable":true,"href":"https:\/\/blocsenresidencia.bcn.cat\/joanbrossa2023\/wp-json\/wp\/v2\/categories?post=229"},{"taxonomy":"post_tag","embeddable":true,"href":"https:\/\/blocsenresidencia.bcn.cat\/joanbrossa2023\/wp-json\/wp\/v2\/tags?post=229"}],"curies":[{"name":"wp","href":"https:\/\/api.w.org\/{rel}","templated":true}]}}