{"id":286,"date":"2023-07-01T19:06:21","date_gmt":"2023-07-01T17:06:21","guid":{"rendered":"https:\/\/blocsenresidencia.bcn.cat\/joanbrossa2023\/?p=286"},"modified":"2023-07-01T19:52:11","modified_gmt":"2023-07-01T17:52:11","slug":"la-recta-final","status":"publish","type":"post","link":"https:\/\/blocsenresidencia.bcn.cat\/joanbrossa2023\/2023\/07\/01\/la-recta-final\/","title":{"rendered":"La recta final"},"content":{"rendered":"\n<p>La presentaci\u00f3 ser\u00e0 el 14 de juny a la tarda. Ens queden pocs dies per a la presentaci\u00f3 final. Hem parlat del que hem de millorar amb el Curro i l\u2019Adriana, i ens queda poc temps. Estem molt cansats. Fer els \u00faltims retocs est\u00e0 sent una feina dif\u00edcil.&nbsp;&nbsp;<\/p>\n\n\n\n<p>Hi ha un grup que s\u2019encarrega de presentar i ho estan preparant.<\/p>\n\n\n\n<figure class=\"wp-block-gallery has-nested-images columns-default is-cropped wp-block-gallery-1 is-layout-flex wp-block-gallery-is-layout-flex\">\n<figure class=\"wp-block-image size-large\"><img loading=\"lazy\" decoding=\"async\" width=\"768\" height=\"1024\" data-id=\"357\" src=\"https:\/\/blocsenresidencia.bcn.cat\/joanbrossa2023\/wp-content\/uploads\/2023\/07\/IMG20230614120223-1-768x1024.jpg\" alt=\"\" class=\"wp-image-357\" srcset=\"https:\/\/blocsenresidencia.bcn.cat\/joanbrossa2023\/wp-content\/uploads\/2023\/07\/IMG20230614120223-1-768x1024.jpg 768w, https:\/\/blocsenresidencia.bcn.cat\/joanbrossa2023\/wp-content\/uploads\/2023\/07\/IMG20230614120223-1-225x300.jpg 225w, https:\/\/blocsenresidencia.bcn.cat\/joanbrossa2023\/wp-content\/uploads\/2023\/07\/IMG20230614120223-1-1152x1536.jpg 1152w, https:\/\/blocsenresidencia.bcn.cat\/joanbrossa2023\/wp-content\/uploads\/2023\/07\/IMG20230614120223-1-1536x2048.jpg 1536w, https:\/\/blocsenresidencia.bcn.cat\/joanbrossa2023\/wp-content\/uploads\/2023\/07\/IMG20230614120223-1-scaled.jpg 1920w\" sizes=\"auto, (max-width: 767px) 89vw, (max-width: 1000px) 54vw, (max-width: 1071px) 543px, 580px\" \/><\/figure>\n<\/figure>\n","protected":false},"excerpt":{"rendered":"<p>La presentaci\u00f3 ser\u00e0 el 14 de juny a la tarda. Ens queden pocs dies per a la presentaci\u00f3 final. Hem parlat del que hem de millorar amb el Curro i l\u2019Adriana, i ens queda poc temps. Estem molt cansats. Fer els \u00faltims retocs est\u00e0 sent una feina dif\u00edcil.&nbsp;&nbsp; Hi ha un grup que s\u2019encarrega de &hellip; <\/p>\n<p class=\"link-more\"><a href=\"https:\/\/blocsenresidencia.bcn.cat\/joanbrossa2023\/2023\/07\/01\/la-recta-final\/\" class=\"more-link\">Continua llegint <span class=\"screen-reader-text\">\u00abLa recta final\u00bb<\/span><\/a><\/p>\n","protected":false},"author":4,"featured_media":0,"comment_status":"open","ping_status":"open","sticky":false,"template":"","format":"standard","meta":{"footnotes":""},"categories":[1],"tags":[],"class_list":["post-286","post","type-post","status-publish","format-standard","hentry","category-general"],"_links":{"self":[{"href":"https:\/\/blocsenresidencia.bcn.cat\/joanbrossa2023\/wp-json\/wp\/v2\/posts\/286","targetHints":{"allow":["GET"]}}],"collection":[{"href":"https:\/\/blocsenresidencia.bcn.cat\/joanbrossa2023\/wp-json\/wp\/v2\/posts"}],"about":[{"href":"https:\/\/blocsenresidencia.bcn.cat\/joanbrossa2023\/wp-json\/wp\/v2\/types\/post"}],"author":[{"embeddable":true,"href":"https:\/\/blocsenresidencia.bcn.cat\/joanbrossa2023\/wp-json\/wp\/v2\/users\/4"}],"replies":[{"embeddable":true,"href":"https:\/\/blocsenresidencia.bcn.cat\/joanbrossa2023\/wp-json\/wp\/v2\/comments?post=286"}],"version-history":[{"count":3,"href":"https:\/\/blocsenresidencia.bcn.cat\/joanbrossa2023\/wp-json\/wp\/v2\/posts\/286\/revisions"}],"predecessor-version":[{"id":358,"href":"https:\/\/blocsenresidencia.bcn.cat\/joanbrossa2023\/wp-json\/wp\/v2\/posts\/286\/revisions\/358"}],"wp:attachment":[{"href":"https:\/\/blocsenresidencia.bcn.cat\/joanbrossa2023\/wp-json\/wp\/v2\/media?parent=286"}],"wp:term":[{"taxonomy":"category","embeddable":true,"href":"https:\/\/blocsenresidencia.bcn.cat\/joanbrossa2023\/wp-json\/wp\/v2\/categories?post=286"},{"taxonomy":"post_tag","embeddable":true,"href":"https:\/\/blocsenresidencia.bcn.cat\/joanbrossa2023\/wp-json\/wp\/v2\/tags?post=286"}],"curies":[{"name":"wp","href":"https:\/\/api.w.org\/{rel}","templated":true}]}}