{"id":35,"date":"2022-12-01T07:53:30","date_gmt":"2022-12-01T05:53:30","guid":{"rendered":"https:\/\/blocsenresidencia.bcn.cat\/joanbrossa2023\/?p=35"},"modified":"2022-12-01T07:53:30","modified_gmt":"2022-12-01T05:53:30","slug":"ens-presentem","status":"publish","type":"post","link":"https:\/\/blocsenresidencia.bcn.cat\/joanbrossa2023\/2022\/12\/01\/ens-presentem\/","title":{"rendered":"Ens presentem"},"content":{"rendered":"\n<p>Som alumnes de 4t ESO, de l\u2019Institut Joan Brossa, i en uns dies comen\u00e7arem el projecte \u201cEn resid\u00e8ncia\u201d amb el Curro Claret i la nostra professora Adriana Zampa. Esperem aprendre a millorar la nostra capacitat de treball en grup, veure el proc\u00e9s que segueix un artista en treballar i poder expressar-nos millor.<\/p>\n\n\n\n<p>Creiem que aquest projecte \u00e9s interessant i una oportunitat \u00fanica, tamb\u00e9 que qualsevol cosa pot ser art, per molt que no sigui convencionalment atractiu. Som un grup variat amb gent de totes les parts del m\u00f3n i tenim moltes expectatives per aquest projecte.<\/p>\n\n\n\n<figure class=\"wp-block-image size-large is-resized\"><img loading=\"lazy\" decoding=\"async\" src=\"https:\/\/blocsenresidencia.bcn.cat\/joanbrossa2023\/wp-content\/uploads\/2022\/12\/IMG20221103115939-1024x768.jpg\" alt=\"\" class=\"wp-image-43\" width=\"506\" height=\"380\" srcset=\"https:\/\/blocsenresidencia.bcn.cat\/joanbrossa2023\/wp-content\/uploads\/2022\/12\/IMG20221103115939-1024x768.jpg 1024w, https:\/\/blocsenresidencia.bcn.cat\/joanbrossa2023\/wp-content\/uploads\/2022\/12\/IMG20221103115939-300x225.jpg 300w, https:\/\/blocsenresidencia.bcn.cat\/joanbrossa2023\/wp-content\/uploads\/2022\/12\/IMG20221103115939-768x576.jpg 768w, https:\/\/blocsenresidencia.bcn.cat\/joanbrossa2023\/wp-content\/uploads\/2022\/12\/IMG20221103115939-1536x1152.jpg 1536w, https:\/\/blocsenresidencia.bcn.cat\/joanbrossa2023\/wp-content\/uploads\/2022\/12\/IMG20221103115939-2048x1536.jpg 2048w\" sizes=\"auto, (max-width: 506px) 100vw, 506px\" \/><\/figure>\n","protected":false},"excerpt":{"rendered":"<p>Som alumnes de 4t ESO, de l\u2019Institut Joan Brossa, i en uns dies comen\u00e7arem el projecte \u201cEn resid\u00e8ncia\u201d amb el Curro Claret i la nostra professora Adriana Zampa. Esperem aprendre a millorar la nostra capacitat de treball en grup, veure el proc\u00e9s que segueix un artista en treballar i poder expressar-nos millor. Creiem que aquest &hellip; <\/p>\n<p class=\"link-more\"><a href=\"https:\/\/blocsenresidencia.bcn.cat\/joanbrossa2023\/2022\/12\/01\/ens-presentem\/\" class=\"more-link\">Continua llegint <span class=\"screen-reader-text\">\u00abEns presentem\u00bb<\/span><\/a><\/p>\n","protected":false},"author":4,"featured_media":0,"comment_status":"open","ping_status":"open","sticky":false,"template":"","format":"standard","meta":{"footnotes":""},"categories":[1],"tags":[],"class_list":["post-35","post","type-post","status-publish","format-standard","hentry","category-general"],"_links":{"self":[{"href":"https:\/\/blocsenresidencia.bcn.cat\/joanbrossa2023\/wp-json\/wp\/v2\/posts\/35","targetHints":{"allow":["GET"]}}],"collection":[{"href":"https:\/\/blocsenresidencia.bcn.cat\/joanbrossa2023\/wp-json\/wp\/v2\/posts"}],"about":[{"href":"https:\/\/blocsenresidencia.bcn.cat\/joanbrossa2023\/wp-json\/wp\/v2\/types\/post"}],"author":[{"embeddable":true,"href":"https:\/\/blocsenresidencia.bcn.cat\/joanbrossa2023\/wp-json\/wp\/v2\/users\/4"}],"replies":[{"embeddable":true,"href":"https:\/\/blocsenresidencia.bcn.cat\/joanbrossa2023\/wp-json\/wp\/v2\/comments?post=35"}],"version-history":[{"count":7,"href":"https:\/\/blocsenresidencia.bcn.cat\/joanbrossa2023\/wp-json\/wp\/v2\/posts\/35\/revisions"}],"predecessor-version":[{"id":48,"href":"https:\/\/blocsenresidencia.bcn.cat\/joanbrossa2023\/wp-json\/wp\/v2\/posts\/35\/revisions\/48"}],"wp:attachment":[{"href":"https:\/\/blocsenresidencia.bcn.cat\/joanbrossa2023\/wp-json\/wp\/v2\/media?parent=35"}],"wp:term":[{"taxonomy":"category","embeddable":true,"href":"https:\/\/blocsenresidencia.bcn.cat\/joanbrossa2023\/wp-json\/wp\/v2\/categories?post=35"},{"taxonomy":"post_tag","embeddable":true,"href":"https:\/\/blocsenresidencia.bcn.cat\/joanbrossa2023\/wp-json\/wp\/v2\/tags?post=35"}],"curies":[{"name":"wp","href":"https:\/\/api.w.org\/{rel}","templated":true}]}}