{"id":199,"date":"2023-04-29T10:06:33","date_gmt":"2023-04-29T08:06:33","guid":{"rendered":"https:\/\/blocsenresidencia.bcn.cat\/mariaespinalt2023\/?p=199"},"modified":"2023-07-10T15:22:18","modified_gmt":"2023-07-10T13:22:18","slug":"can-felipa","status":"publish","type":"post","link":"https:\/\/blocsenresidencia.bcn.cat\/mariaespinalt2023\/2023\/04\/29\/can-felipa\/","title":{"rendered":"Can Felipa"},"content":{"rendered":"\n<p>\u00c9s el primer dia que coneixem l&#8217;espai i fem proves on farem l\u2019exposici\u00f3. <\/p>\n\n\n\n<p>Molta emoci\u00f3 de con\u00e8ixer l\u2019espai! La Cl\u00e0udia Elias, la responsable de l&#8217;espai, ens rep i li expliquem el projecte. Ens posem a fer proves amb llum, l&#8217;eix del nostre projecte.<\/p>\n\n\n\n<figure class=\"wp-block-gallery has-nested-images columns-default is-cropped wp-block-gallery-1 is-layout-flex wp-block-gallery-is-layout-flex\">\n<figure class=\"wp-block-image size-large\"><img loading=\"lazy\" decoding=\"async\" width=\"1024\" height=\"682\" data-id=\"212\" src=\"https:\/\/blocsenresidencia.bcn.cat\/mariaespinalt2023\/wp-content\/uploads\/2023\/06\/230227_canfelipa_01-1024x682.jpg\" alt=\"\" class=\"wp-image-212\" srcset=\"https:\/\/blocsenresidencia.bcn.cat\/mariaespinalt2023\/wp-content\/uploads\/2023\/06\/230227_canfelipa_01-1024x682.jpg 1024w, https:\/\/blocsenresidencia.bcn.cat\/mariaespinalt2023\/wp-content\/uploads\/2023\/06\/230227_canfelipa_01-300x200.jpg 300w, https:\/\/blocsenresidencia.bcn.cat\/mariaespinalt2023\/wp-content\/uploads\/2023\/06\/230227_canfelipa_01-768x512.jpg 768w, https:\/\/blocsenresidencia.bcn.cat\/mariaespinalt2023\/wp-content\/uploads\/2023\/06\/230227_canfelipa_01-1536x1024.jpg 1536w, https:\/\/blocsenresidencia.bcn.cat\/mariaespinalt2023\/wp-content\/uploads\/2023\/06\/230227_canfelipa_01.jpg 2000w\" sizes=\"auto, (max-width: 767px) 89vw, (max-width: 1000px) 54vw, (max-width: 1071px) 543px, 580px\" \/><\/figure>\n\n\n\n<figure class=\"wp-block-image size-large\"><img loading=\"lazy\" decoding=\"async\" width=\"1024\" height=\"682\" data-id=\"210\" src=\"https:\/\/blocsenresidencia.bcn.cat\/mariaespinalt2023\/wp-content\/uploads\/2023\/06\/230227_canfelipa_12-1024x682.jpg\" alt=\"\" class=\"wp-image-210\" srcset=\"https:\/\/blocsenresidencia.bcn.cat\/mariaespinalt2023\/wp-content\/uploads\/2023\/06\/230227_canfelipa_12-1024x682.jpg 1024w, https:\/\/blocsenresidencia.bcn.cat\/mariaespinalt2023\/wp-content\/uploads\/2023\/06\/230227_canfelipa_12-300x200.jpg 300w, https:\/\/blocsenresidencia.bcn.cat\/mariaespinalt2023\/wp-content\/uploads\/2023\/06\/230227_canfelipa_12-768x512.jpg 768w, https:\/\/blocsenresidencia.bcn.cat\/mariaespinalt2023\/wp-content\/uploads\/2023\/06\/230227_canfelipa_12-1536x1024.jpg 1536w, https:\/\/blocsenresidencia.bcn.cat\/mariaespinalt2023\/wp-content\/uploads\/2023\/06\/230227_canfelipa_12.jpg 2000w\" sizes=\"auto, (max-width: 767px) 89vw, (max-width: 1000px) 54vw, (max-width: 1071px) 543px, 580px\" \/><\/figure>\n\n\n\n<figure class=\"wp-block-image size-large\"><img loading=\"lazy\" decoding=\"async\" width=\"1024\" height=\"682\" data-id=\"211\" src=\"https:\/\/blocsenresidencia.bcn.cat\/mariaespinalt2023\/wp-content\/uploads\/2023\/06\/230227_canfelipa_14-1024x682.jpg\" alt=\"\" class=\"wp-image-211\" srcset=\"https:\/\/blocsenresidencia.bcn.cat\/mariaespinalt2023\/wp-content\/uploads\/2023\/06\/230227_canfelipa_14-1024x682.jpg 1024w, https:\/\/blocsenresidencia.bcn.cat\/mariaespinalt2023\/wp-content\/uploads\/2023\/06\/230227_canfelipa_14-300x200.jpg 300w, https:\/\/blocsenresidencia.bcn.cat\/mariaespinalt2023\/wp-content\/uploads\/2023\/06\/230227_canfelipa_14-768x512.jpg 768w, https:\/\/blocsenresidencia.bcn.cat\/mariaespinalt2023\/wp-content\/uploads\/2023\/06\/230227_canfelipa_14-1536x1024.jpg 1536w, https:\/\/blocsenresidencia.bcn.cat\/mariaespinalt2023\/wp-content\/uploads\/2023\/06\/230227_canfelipa_14.jpg 2000w\" sizes=\"auto, (max-width: 767px) 89vw, (max-width: 1000px) 54vw, (max-width: 1071px) 543px, 580px\" \/><\/figure>\n\n\n\n<figure class=\"wp-block-image size-large\"><img loading=\"lazy\" decoding=\"async\" width=\"1024\" height=\"682\" data-id=\"209\" src=\"https:\/\/blocsenresidencia.bcn.cat\/mariaespinalt2023\/wp-content\/uploads\/2023\/06\/230227_canfelipa_17-1024x682.jpg\" alt=\"\" class=\"wp-image-209\" srcset=\"https:\/\/blocsenresidencia.bcn.cat\/mariaespinalt2023\/wp-content\/uploads\/2023\/06\/230227_canfelipa_17-1024x682.jpg 1024w, https:\/\/blocsenresidencia.bcn.cat\/mariaespinalt2023\/wp-content\/uploads\/2023\/06\/230227_canfelipa_17-300x200.jpg 300w, https:\/\/blocsenresidencia.bcn.cat\/mariaespinalt2023\/wp-content\/uploads\/2023\/06\/230227_canfelipa_17-768x512.jpg 768w, https:\/\/blocsenresidencia.bcn.cat\/mariaespinalt2023\/wp-content\/uploads\/2023\/06\/230227_canfelipa_17-1536x1024.jpg 1536w, https:\/\/blocsenresidencia.bcn.cat\/mariaespinalt2023\/wp-content\/uploads\/2023\/06\/230227_canfelipa_17.jpg 2000w\" sizes=\"auto, (max-width: 767px) 89vw, (max-width: 1000px) 54vw, (max-width: 1071px) 543px, 580px\" \/><\/figure>\n\n\n\n<figure class=\"wp-block-image size-large\"><img loading=\"lazy\" decoding=\"async\" width=\"1024\" height=\"682\" data-id=\"213\" src=\"https:\/\/blocsenresidencia.bcn.cat\/mariaespinalt2023\/wp-content\/uploads\/2023\/06\/230227_canfelipa_24-1024x682.jpg\" alt=\"\" class=\"wp-image-213\" srcset=\"https:\/\/blocsenresidencia.bcn.cat\/mariaespinalt2023\/wp-content\/uploads\/2023\/06\/230227_canfelipa_24-1024x682.jpg 1024w, https:\/\/blocsenresidencia.bcn.cat\/mariaespinalt2023\/wp-content\/uploads\/2023\/06\/230227_canfelipa_24-300x200.jpg 300w, https:\/\/blocsenresidencia.bcn.cat\/mariaespinalt2023\/wp-content\/uploads\/2023\/06\/230227_canfelipa_24-768x512.jpg 768w, https:\/\/blocsenresidencia.bcn.cat\/mariaespinalt2023\/wp-content\/uploads\/2023\/06\/230227_canfelipa_24-1536x1024.jpg 1536w, https:\/\/blocsenresidencia.bcn.cat\/mariaespinalt2023\/wp-content\/uploads\/2023\/06\/230227_canfelipa_24.jpg 2000w\" sizes=\"auto, (max-width: 767px) 89vw, (max-width: 1000px) 54vw, (max-width: 1071px) 543px, 580px\" \/><\/figure>\n\n\n\n<figure class=\"wp-block-image size-large\"><img loading=\"lazy\" decoding=\"async\" width=\"1024\" height=\"682\" data-id=\"208\" src=\"https:\/\/blocsenresidencia.bcn.cat\/mariaespinalt2023\/wp-content\/uploads\/2023\/06\/230227_canfelipa_31-1024x682.jpg\" alt=\"\" class=\"wp-image-208\" srcset=\"https:\/\/blocsenresidencia.bcn.cat\/mariaespinalt2023\/wp-content\/uploads\/2023\/06\/230227_canfelipa_31-1024x682.jpg 1024w, https:\/\/blocsenresidencia.bcn.cat\/mariaespinalt2023\/wp-content\/uploads\/2023\/06\/230227_canfelipa_31-300x200.jpg 300w, https:\/\/blocsenresidencia.bcn.cat\/mariaespinalt2023\/wp-content\/uploads\/2023\/06\/230227_canfelipa_31-768x512.jpg 768w, https:\/\/blocsenresidencia.bcn.cat\/mariaespinalt2023\/wp-content\/uploads\/2023\/06\/230227_canfelipa_31-1536x1024.jpg 1536w, https:\/\/blocsenresidencia.bcn.cat\/mariaespinalt2023\/wp-content\/uploads\/2023\/06\/230227_canfelipa_31.jpg 2000w\" sizes=\"auto, (max-width: 767px) 89vw, (max-width: 1000px) 54vw, (max-width: 1071px) 543px, 580px\" \/><\/figure>\n\n\n\n<figure class=\"wp-block-image size-large\"><img loading=\"lazy\" decoding=\"async\" width=\"1024\" height=\"682\" data-id=\"214\" src=\"https:\/\/blocsenresidencia.bcn.cat\/mariaespinalt2023\/wp-content\/uploads\/2023\/06\/230227_canfelipa_32-1024x682.jpg\" alt=\"\" class=\"wp-image-214\" srcset=\"https:\/\/blocsenresidencia.bcn.cat\/mariaespinalt2023\/wp-content\/uploads\/2023\/06\/230227_canfelipa_32-1024x682.jpg 1024w, https:\/\/blocsenresidencia.bcn.cat\/mariaespinalt2023\/wp-content\/uploads\/2023\/06\/230227_canfelipa_32-300x200.jpg 300w, https:\/\/blocsenresidencia.bcn.cat\/mariaespinalt2023\/wp-content\/uploads\/2023\/06\/230227_canfelipa_32-768x512.jpg 768w, https:\/\/blocsenresidencia.bcn.cat\/mariaespinalt2023\/wp-content\/uploads\/2023\/06\/230227_canfelipa_32-1536x1024.jpg 1536w, https:\/\/blocsenresidencia.bcn.cat\/mariaespinalt2023\/wp-content\/uploads\/2023\/06\/230227_canfelipa_32.jpg 2000w\" sizes=\"auto, (max-width: 767px) 89vw, (max-width: 1000px) 54vw, (max-width: 1071px) 543px, 580px\" \/><\/figure>\n<\/figure>\n","protected":false},"excerpt":{"rendered":"<p>\u00c9s el primer dia que coneixem l&#8217;espai i fem proves on farem l\u2019exposici\u00f3. Molta emoci\u00f3 de con\u00e8ixer l\u2019espai! La Cl\u00e0udia Elias, la responsable de l&#8217;espai, ens rep i li expliquem el projecte. Ens posem a fer proves amb llum, l&#8217;eix del nostre projecte.<\/p>\n","protected":false},"author":3,"featured_media":0,"comment_status":"open","ping_status":"open","sticky":false,"template":"","format":"standard","meta":{"footnotes":""},"categories":[1],"tags":[],"class_list":["post-199","post","type-post","status-publish","format-standard","hentry","category-general"],"_links":{"self":[{"href":"https:\/\/blocsenresidencia.bcn.cat\/mariaespinalt2023\/wp-json\/wp\/v2\/posts\/199","targetHints":{"allow":["GET"]}}],"collection":[{"href":"https:\/\/blocsenresidencia.bcn.cat\/mariaespinalt2023\/wp-json\/wp\/v2\/posts"}],"about":[{"href":"https:\/\/blocsenresidencia.bcn.cat\/mariaespinalt2023\/wp-json\/wp\/v2\/types\/post"}],"author":[{"embeddable":true,"href":"https:\/\/blocsenresidencia.bcn.cat\/mariaespinalt2023\/wp-json\/wp\/v2\/users\/3"}],"replies":[{"embeddable":true,"href":"https:\/\/blocsenresidencia.bcn.cat\/mariaespinalt2023\/wp-json\/wp\/v2\/comments?post=199"}],"version-history":[{"count":4,"href":"https:\/\/blocsenresidencia.bcn.cat\/mariaespinalt2023\/wp-json\/wp\/v2\/posts\/199\/revisions"}],"predecessor-version":[{"id":295,"href":"https:\/\/blocsenresidencia.bcn.cat\/mariaespinalt2023\/wp-json\/wp\/v2\/posts\/199\/revisions\/295"}],"wp:attachment":[{"href":"https:\/\/blocsenresidencia.bcn.cat\/mariaespinalt2023\/wp-json\/wp\/v2\/media?parent=199"}],"wp:term":[{"taxonomy":"category","embeddable":true,"href":"https:\/\/blocsenresidencia.bcn.cat\/mariaespinalt2023\/wp-json\/wp\/v2\/categories?post=199"},{"taxonomy":"post_tag","embeddable":true,"href":"https:\/\/blocsenresidencia.bcn.cat\/mariaespinalt2023\/wp-json\/wp\/v2\/tags?post=199"}],"curies":[{"name":"wp","href":"https:\/\/api.w.org\/{rel}","templated":true}]}}