{"id":316,"date":"2024-03-13T18:43:07","date_gmt":"2024-03-13T16:43:07","guid":{"rendered":"https:\/\/blocsenresidencia.bcn.cat\/martipous2024\/?p=316"},"modified":"2024-03-13T18:43:07","modified_gmt":"2024-03-13T16:43:07","slug":"28e-circ-dhivern-glatir-ateneu-popular-9-barris","status":"publish","type":"post","link":"https:\/\/blocsenresidencia.bcn.cat\/martipous2024\/28e-circ-dhivern-glatir-ateneu-popular-9-barris\/","title":{"rendered":"28\u00e8 Circ d&#8217;Hivern &#8211; Glatir &#8211; Ateneu Popular 9 barris"},"content":{"rendered":"\n<p>El 13 de desembre de 2023 vam poder gaudir de l&#8217;espectacle Glatir a l&#8217;Ateneu 9 barris. <\/p>\n\n\n\n<p>Aquest espectacle de circ reflexiona sobre la tradici\u00f3 mentre el m\u00f3n evoluciona. Un muntatge amb artistes de perxa xinesa, trapezi fix i Washington, verticals i acro dansa com a protagonistes. <\/p>\n\n\n\n<p>Abans d&#8217;anar a l&#8217;espectacle, a classe vam fer cinc c\u00e8ntims per con\u00e8ixer qui son i quins espais disposa aquest teatre. L&#8217;Ateneu 9 barris \u00e9s una equipament cultural de gesti\u00f3 comunit\u00e0ria i un agent pol\u00edtic que, a trav\u00e9s de la participaci\u00f3, l&#8217;alegria, l&#8217;esperit cr\u00edtic de la cultura potencia la just\u00edcia social a trav\u00e9s de pr\u00e0ctiques col\u00b7lectives, entenent la cultura com a dret intr\u00ednsec de tots i totes i les comunitats.<\/p>\n\n\n\n<p>Tot l&#8217;alumnat va gaudir molt de l&#8217;espectacle!<\/p>\n\n\n\n<figure class=\"wp-block-gallery has-nested-images columns-default is-cropped wp-block-gallery-1 is-layout-flex wp-block-gallery-is-layout-flex\">\n<figure class=\"wp-block-image size-large\"><img loading=\"lazy\" decoding=\"async\" width=\"723\" height=\"1024\" data-id=\"317\" src=\"https:\/\/blocsenresidencia.bcn.cat\/martipous2024\/wp-content\/uploads\/2024\/03\/thumb_3092_1428_0_0_0_auto-723x1024.jpg\" alt=\"\" class=\"wp-image-317\" srcset=\"https:\/\/blocsenresidencia.bcn.cat\/martipous2024\/wp-content\/uploads\/2024\/03\/thumb_3092_1428_0_0_0_auto-723x1024.jpg 723w, https:\/\/blocsenresidencia.bcn.cat\/martipous2024\/wp-content\/uploads\/2024\/03\/thumb_3092_1428_0_0_0_auto-212x300.jpg 212w, https:\/\/blocsenresidencia.bcn.cat\/martipous2024\/wp-content\/uploads\/2024\/03\/thumb_3092_1428_0_0_0_auto-768x1087.jpg 768w, https:\/\/blocsenresidencia.bcn.cat\/martipous2024\/wp-content\/uploads\/2024\/03\/thumb_3092_1428_0_0_0_auto-1085x1536.jpg 1085w, https:\/\/blocsenresidencia.bcn.cat\/martipous2024\/wp-content\/uploads\/2024\/03\/thumb_3092_1428_0_0_0_auto.jpg 1428w\" sizes=\"auto, (max-width: 723px) 100vw, 723px\" \/><\/figure>\n<\/figure>\n\n\n\n<p><\/p>\n","protected":false},"excerpt":{"rendered":"<p>El 13 de desembre de 2023 vam poder gaudir de l&#8217;espectacle Glatir a l&#8217;Ateneu 9 barris. Aquest espectacle de circ reflexiona sobre la tradici\u00f3 mentre el m\u00f3n evoluciona. Un muntatge amb artistes de perxa xinesa, trapezi fix i Washington, verticals i acro dansa com a protagonistes. Abans d&#8217;anar a l&#8217;espectacle, a classe vam fer cinc &hellip; <\/p>\n<p class=\"link-more\"><a href=\"https:\/\/blocsenresidencia.bcn.cat\/martipous2024\/28e-circ-dhivern-glatir-ateneu-popular-9-barris\/\" class=\"more-link\">Continua llegint <span class=\"screen-reader-text\">\u00ab28\u00e8 Circ d&#8217;Hivern &#8211; Glatir &#8211; Ateneu Popular 9 barris\u00bb<\/span><\/a><\/p>\n","protected":false},"author":9,"featured_media":0,"comment_status":"open","ping_status":"open","sticky":false,"template":"","format":"standard","meta":{"footnotes":""},"categories":[1],"tags":[],"class_list":["post-316","post","type-post","status-publish","format-standard","hentry","category-general"],"_links":{"self":[{"href":"https:\/\/blocsenresidencia.bcn.cat\/martipous2024\/wp-json\/wp\/v2\/posts\/316","targetHints":{"allow":["GET"]}}],"collection":[{"href":"https:\/\/blocsenresidencia.bcn.cat\/martipous2024\/wp-json\/wp\/v2\/posts"}],"about":[{"href":"https:\/\/blocsenresidencia.bcn.cat\/martipous2024\/wp-json\/wp\/v2\/types\/post"}],"author":[{"embeddable":true,"href":"https:\/\/blocsenresidencia.bcn.cat\/martipous2024\/wp-json\/wp\/v2\/users\/9"}],"replies":[{"embeddable":true,"href":"https:\/\/blocsenresidencia.bcn.cat\/martipous2024\/wp-json\/wp\/v2\/comments?post=316"}],"version-history":[{"count":1,"href":"https:\/\/blocsenresidencia.bcn.cat\/martipous2024\/wp-json\/wp\/v2\/posts\/316\/revisions"}],"predecessor-version":[{"id":318,"href":"https:\/\/blocsenresidencia.bcn.cat\/martipous2024\/wp-json\/wp\/v2\/posts\/316\/revisions\/318"}],"wp:attachment":[{"href":"https:\/\/blocsenresidencia.bcn.cat\/martipous2024\/wp-json\/wp\/v2\/media?parent=316"}],"wp:term":[{"taxonomy":"category","embeddable":true,"href":"https:\/\/blocsenresidencia.bcn.cat\/martipous2024\/wp-json\/wp\/v2\/categories?post=316"},{"taxonomy":"post_tag","embeddable":true,"href":"https:\/\/blocsenresidencia.bcn.cat\/martipous2024\/wp-json\/wp\/v2\/tags?post=316"}],"curies":[{"name":"wp","href":"https:\/\/api.w.org\/{rel}","templated":true}]}}