{"id":349,"date":"2024-04-19T14:19:14","date_gmt":"2024-04-19T12:19:14","guid":{"rendered":"https:\/\/blocsenresidencia.bcn.cat\/martipous2024\/?p=349"},"modified":"2024-04-19T14:19:14","modified_gmt":"2024-04-19T12:19:14","slug":"videos-de-mostra-de-la-nostra-coreografia","status":"publish","type":"post","link":"https:\/\/blocsenresidencia.bcn.cat\/martipous2024\/videos-de-mostra-de-la-nostra-coreografia\/","title":{"rendered":"V\u00eddeos de mostra de la nostra coreografia"},"content":{"rendered":"\n<p>Els alumnes de 2n d\u2019ESO de l\u2019Institut Mart\u00ed Pous portem moltes sessions practicant la nostra coreografia grupal per l\u2019espectacle del 7 de juny a la Central del Circ. Avui hem decidit gravar-nos algunes de les escenes com a tastet del que veureu el dia de l\u2019actuaci\u00f3. Aquestes gravacions ens serveixen per observar-nos, saber que podem millorar i quines coses estem fent b\u00e9. Volem fer i transmetre un espectacle on cadascuna aporti el seu granet de sorra. Des del principi els artistes de PSIRC ens deixen expressar les nostres idees i tot l\u2019espectacle que veureu son idees que han anat sortin dia darrera dia, \u00e9s per aix\u00f2 que ens sentim molt identificades amb el nostre treball. Darrera de tot aix\u00f2 hi ha molta feina i moltes hores de treball per part de tot el grup, per\u00f2 ho estem gaudint i aprofitant al m\u00e0xim. Esperem que us agradi i tingueu ganes de venir a veure\u2019ns.<\/p>\n\n\n\n<p>Fins aviat.<\/p>\n\n\n\n<p><a href=\"https:\/\/drive.google.com\/file\/d\/1KSHFMcik0uVQ0NF-JkVYuDUN0rXOGoq9\/view?usp=drive_link\">https:\/\/drive.google.com\/file\/d\/1KSHFMcik0uVQ0NF-JkVYuDUN0rXOGoq9\/view?usp=drive_link<\/a><\/p>\n\n\n\n<p><a href=\"https:\/\/drive.google.com\/file\/d\/1Yh75Ldr3jVY_vVAw8h4BRh1rO4b4_AXP\/view?usp=sharing&amp;t=9\">https:\/\/drive.google.com\/file\/d\/1Yh75Ldr3jVY_vVAw8h4BRh1rO4b4_AXP\/view?usp=sharing&amp;t=9<\/a><\/p>\n\n\n\n<p><\/p>\n","protected":false},"excerpt":{"rendered":"<p>Els alumnes de 2n d\u2019ESO de l\u2019Institut Mart\u00ed Pous portem moltes sessions practicant la nostra coreografia grupal per l\u2019espectacle del 7 de juny a la Central del Circ. Avui hem decidit gravar-nos algunes de les escenes com a tastet del que veureu el dia de l\u2019actuaci\u00f3. Aquestes gravacions ens serveixen per observar-nos, saber que podem &hellip; <\/p>\n<p class=\"link-more\"><a href=\"https:\/\/blocsenresidencia.bcn.cat\/martipous2024\/videos-de-mostra-de-la-nostra-coreografia\/\" class=\"more-link\">Continua llegint <span class=\"screen-reader-text\">\u00abV\u00eddeos de mostra de la nostra coreografia\u00bb<\/span><\/a><\/p>\n","protected":false},"author":9,"featured_media":0,"comment_status":"open","ping_status":"open","sticky":false,"template":"","format":"standard","meta":{"footnotes":""},"categories":[1],"tags":[],"class_list":["post-349","post","type-post","status-publish","format-standard","hentry","category-general"],"_links":{"self":[{"href":"https:\/\/blocsenresidencia.bcn.cat\/martipous2024\/wp-json\/wp\/v2\/posts\/349","targetHints":{"allow":["GET"]}}],"collection":[{"href":"https:\/\/blocsenresidencia.bcn.cat\/martipous2024\/wp-json\/wp\/v2\/posts"}],"about":[{"href":"https:\/\/blocsenresidencia.bcn.cat\/martipous2024\/wp-json\/wp\/v2\/types\/post"}],"author":[{"embeddable":true,"href":"https:\/\/blocsenresidencia.bcn.cat\/martipous2024\/wp-json\/wp\/v2\/users\/9"}],"replies":[{"embeddable":true,"href":"https:\/\/blocsenresidencia.bcn.cat\/martipous2024\/wp-json\/wp\/v2\/comments?post=349"}],"version-history":[{"count":2,"href":"https:\/\/blocsenresidencia.bcn.cat\/martipous2024\/wp-json\/wp\/v2\/posts\/349\/revisions"}],"predecessor-version":[{"id":352,"href":"https:\/\/blocsenresidencia.bcn.cat\/martipous2024\/wp-json\/wp\/v2\/posts\/349\/revisions\/352"}],"wp:attachment":[{"href":"https:\/\/blocsenresidencia.bcn.cat\/martipous2024\/wp-json\/wp\/v2\/media?parent=349"}],"wp:term":[{"taxonomy":"category","embeddable":true,"href":"https:\/\/blocsenresidencia.bcn.cat\/martipous2024\/wp-json\/wp\/v2\/categories?post=349"},{"taxonomy":"post_tag","embeddable":true,"href":"https:\/\/blocsenresidencia.bcn.cat\/martipous2024\/wp-json\/wp\/v2\/tags?post=349"}],"curies":[{"name":"wp","href":"https:\/\/api.w.org\/{rel}","templated":true}]}}