{"id":135,"date":"2023-06-06T08:34:10","date_gmt":"2023-06-06T06:34:10","guid":{"rendered":"https:\/\/blocsenresidencia.bcn.cat\/milaifontanals2023\/?p=135"},"modified":"2023-06-06T08:34:10","modified_gmt":"2023-06-06T06:34:10","slug":"9-de-maig","status":"publish","type":"post","link":"https:\/\/blocsenresidencia.bcn.cat\/milaifontanals2023\/2023\/06\/06\/9-de-maig\/","title":{"rendered":"9 de maig"},"content":{"rendered":"\n<p>El dia 9 de maig, a l&#8217;hora de m\u00fasica vam comen\u00e7ar provant el projector i com quedarien els v\u00eddeos que hav\u00edem preparat. Despr\u00e9s, la Sabina ens va ensenyar la melodia que hav\u00edem de tocar i cantar, vam cantar tots junts una part de la melodia per sentir les veus, la vam repetir diverses vegades per saber si eren agudes o greus.  Despr\u00e9s, l&#8217;Adaia va posar-se a dirigir-nos ( fent improvisaci\u00f3 lliure), i vam avan\u00e7ar molt aquell dia en el tema de cooperar en equip. Kevin va trobar un ritme per combinar-ho amb la melodia, i finalment va acabar la sessi\u00f3.<\/p>\n\n\n\n<p>En conclusi\u00f3: vam avan\u00e7ar molt en la melodia i en treballar en equip.<\/p>\n","protected":false},"excerpt":{"rendered":"<p>El dia 9 de maig, a l&#8217;hora de m\u00fasica vam comen\u00e7ar provant el projector i com quedarien els v\u00eddeos que hav\u00edem preparat. Despr\u00e9s, la Sabina ens va ensenyar la melodia que hav\u00edem de tocar i cantar, vam cantar tots junts una part de la melodia per sentir les veus, la vam repetir diverses vegades per &hellip; <\/p>\n<p class=\"link-more\"><a href=\"https:\/\/blocsenresidencia.bcn.cat\/milaifontanals2023\/2023\/06\/06\/9-de-maig\/\" class=\"more-link\">Continua llegint <span class=\"screen-reader-text\">\u00ab9 de maig\u00bb<\/span><\/a><\/p>\n","protected":false},"author":5,"featured_media":0,"comment_status":"open","ping_status":"open","sticky":false,"template":"","format":"standard","meta":{"footnotes":""},"categories":[1],"tags":[],"class_list":["post-135","post","type-post","status-publish","format-standard","hentry","category-general"],"_links":{"self":[{"href":"https:\/\/blocsenresidencia.bcn.cat\/milaifontanals2023\/wp-json\/wp\/v2\/posts\/135","targetHints":{"allow":["GET"]}}],"collection":[{"href":"https:\/\/blocsenresidencia.bcn.cat\/milaifontanals2023\/wp-json\/wp\/v2\/posts"}],"about":[{"href":"https:\/\/blocsenresidencia.bcn.cat\/milaifontanals2023\/wp-json\/wp\/v2\/types\/post"}],"author":[{"embeddable":true,"href":"https:\/\/blocsenresidencia.bcn.cat\/milaifontanals2023\/wp-json\/wp\/v2\/users\/5"}],"replies":[{"embeddable":true,"href":"https:\/\/blocsenresidencia.bcn.cat\/milaifontanals2023\/wp-json\/wp\/v2\/comments?post=135"}],"version-history":[{"count":1,"href":"https:\/\/blocsenresidencia.bcn.cat\/milaifontanals2023\/wp-json\/wp\/v2\/posts\/135\/revisions"}],"predecessor-version":[{"id":136,"href":"https:\/\/blocsenresidencia.bcn.cat\/milaifontanals2023\/wp-json\/wp\/v2\/posts\/135\/revisions\/136"}],"wp:attachment":[{"href":"https:\/\/blocsenresidencia.bcn.cat\/milaifontanals2023\/wp-json\/wp\/v2\/media?parent=135"}],"wp:term":[{"taxonomy":"category","embeddable":true,"href":"https:\/\/blocsenresidencia.bcn.cat\/milaifontanals2023\/wp-json\/wp\/v2\/categories?post=135"},{"taxonomy":"post_tag","embeddable":true,"href":"https:\/\/blocsenresidencia.bcn.cat\/milaifontanals2023\/wp-json\/wp\/v2\/tags?post=135"}],"curies":[{"name":"wp","href":"https:\/\/api.w.org\/{rel}","templated":true}]}}