{"id":138,"date":"2023-06-06T08:40:48","date_gmt":"2023-06-06T06:40:48","guid":{"rendered":"https:\/\/blocsenresidencia.bcn.cat\/milaifontanals2023\/?p=138"},"modified":"2023-06-06T08:42:56","modified_gmt":"2023-06-06T06:42:56","slug":"darreres-setmanes","status":"publish","type":"post","link":"https:\/\/blocsenresidencia.bcn.cat\/milaifontanals2023\/2023\/06\/06\/darreres-setmanes\/","title":{"rendered":"Darreres setmanes"},"content":{"rendered":"\n<p>Aquestes darreres setmanes hem tingut el viatge de fi de curs i tamb\u00e9 hem tingut dies festius, aix\u00f2 ha fet que no vei\u00e9ssim a Sabina durant tres setmanes.<\/p>\n\n\n\n<p>Ara estem treballant molt en la mostra final. Cada nova sessi\u00f3 sentim que les improvisacions lliures ens surten millor i que tamb\u00e9 ens atrevim m\u00e9s a cantar.<\/p>\n\n\n\n<p>Estem afrontant la recta final!<\/p>\n\n\n\n<p><\/p>\n","protected":false},"excerpt":{"rendered":"<p>Aquestes darreres setmanes hem tingut el viatge de fi de curs i tamb\u00e9 hem tingut dies festius, aix\u00f2 ha fet que no vei\u00e9ssim a Sabina durant tres setmanes. Ara estem treballant molt en la mostra final. Cada nova sessi\u00f3 sentim que les improvisacions lliures ens surten millor i que tamb\u00e9 ens atrevim m\u00e9s a cantar. &hellip; <\/p>\n<p class=\"link-more\"><a href=\"https:\/\/blocsenresidencia.bcn.cat\/milaifontanals2023\/2023\/06\/06\/darreres-setmanes\/\" class=\"more-link\">Continua llegint <span class=\"screen-reader-text\">\u00abDarreres setmanes\u00bb<\/span><\/a><\/p>\n","protected":false},"author":5,"featured_media":0,"comment_status":"open","ping_status":"open","sticky":false,"template":"","format":"standard","meta":{"footnotes":""},"categories":[1],"tags":[],"class_list":["post-138","post","type-post","status-publish","format-standard","hentry","category-general"],"_links":{"self":[{"href":"https:\/\/blocsenresidencia.bcn.cat\/milaifontanals2023\/wp-json\/wp\/v2\/posts\/138","targetHints":{"allow":["GET"]}}],"collection":[{"href":"https:\/\/blocsenresidencia.bcn.cat\/milaifontanals2023\/wp-json\/wp\/v2\/posts"}],"about":[{"href":"https:\/\/blocsenresidencia.bcn.cat\/milaifontanals2023\/wp-json\/wp\/v2\/types\/post"}],"author":[{"embeddable":true,"href":"https:\/\/blocsenresidencia.bcn.cat\/milaifontanals2023\/wp-json\/wp\/v2\/users\/5"}],"replies":[{"embeddable":true,"href":"https:\/\/blocsenresidencia.bcn.cat\/milaifontanals2023\/wp-json\/wp\/v2\/comments?post=138"}],"version-history":[{"count":3,"href":"https:\/\/blocsenresidencia.bcn.cat\/milaifontanals2023\/wp-json\/wp\/v2\/posts\/138\/revisions"}],"predecessor-version":[{"id":141,"href":"https:\/\/blocsenresidencia.bcn.cat\/milaifontanals2023\/wp-json\/wp\/v2\/posts\/138\/revisions\/141"}],"wp:attachment":[{"href":"https:\/\/blocsenresidencia.bcn.cat\/milaifontanals2023\/wp-json\/wp\/v2\/media?parent=138"}],"wp:term":[{"taxonomy":"category","embeddable":true,"href":"https:\/\/blocsenresidencia.bcn.cat\/milaifontanals2023\/wp-json\/wp\/v2\/categories?post=138"},{"taxonomy":"post_tag","embeddable":true,"href":"https:\/\/blocsenresidencia.bcn.cat\/milaifontanals2023\/wp-json\/wp\/v2\/tags?post=138"}],"curies":[{"name":"wp","href":"https:\/\/api.w.org\/{rel}","templated":true}]}}