{"id":71,"date":"2023-02-13T20:31:34","date_gmt":"2023-02-13T18:31:34","guid":{"rendered":"https:\/\/blocsenresidencia.bcn.cat\/moisesbroggi2023\/?p=71"},"modified":"2023-02-13T20:47:21","modified_gmt":"2023-02-13T18:47:21","slug":"un-cor-fet-per-nosaltres","status":"publish","type":"post","link":"https:\/\/blocsenresidencia.bcn.cat\/moisesbroggi2023\/2023\/02\/13\/un-cor-fet-per-nosaltres\/","title":{"rendered":"Un cor fet per nosaltres"},"content":{"rendered":"\n<p>La Victoria Szpunberg i el David Arnaiz ens van dividir en grups, i ens va donar unes indicacions sobre quins personatges hav\u00edem de representar. A trav\u00e9s d\u2019aquesta informaci\u00f3 hav\u00edem de crear un cor fet per nosaltres. Primer hav\u00edem de pensar qu\u00e8 posar en el cor i sobre qu\u00e8 anava, despr\u00e9s comen\u00e7\u00e0vem a redactar el cor. Quan ja acab\u00e0vem de redactar el cor, el grup s&#8217;havia de posar d&#8217;acord&nbsp; sobre qu\u00e8 feia cadasc\u00fa. i per \u00faltim hav\u00edem de posar en pr\u00e0ctica el cor per despr\u00e9s representa-lo als companys de classe.<\/p>\n\n\n\n<figure class=\"wp-block-image size-full\"><img loading=\"lazy\" decoding=\"async\" width=\"726\" height=\"316\" src=\"https:\/\/blocsenresidencia.bcn.cat\/moisesbroggi2023\/wp-content\/uploads\/2023\/02\/Cor.png\" alt=\"\" class=\"wp-image-76\" srcset=\"https:\/\/blocsenresidencia.bcn.cat\/moisesbroggi2023\/wp-content\/uploads\/2023\/02\/Cor.png 726w, https:\/\/blocsenresidencia.bcn.cat\/moisesbroggi2023\/wp-content\/uploads\/2023\/02\/Cor-300x131.png 300w\" sizes=\"auto, (max-width: 726px) 100vw, 726px\" \/><\/figure>\n\n\n\n<p>Jo crec que l&#8217;objectiu \u00e9s treure&#8217;ns la vergonya de sobre i practicar per fer l\u2019obra. Gr\u00e0cies a aquestes activitats he apr\u00e8s moltes coses com: saber escriure un cor, situar-me a l&#8217;escenari, perdre la vergonya a l\u2019hora d&#8217;actuar .<\/p>\n\n\n\n<p>El m\u00e9s rellevant de l\u2019activitat crec que \u00e9s el final perqu\u00e8 et dones compte que el teatre t\u00e9 un procediment i totes les activitats que fem servir serveixen per preparar-te a fer l\u2019obra final.<\/p>\n\n\n\n<p class=\"has-text-align-right\"><strong>Rub\u00e9n Pantani<\/strong><\/p>\n","protected":false},"excerpt":{"rendered":"<p>La Victoria Szpunberg i el David Arnaiz ens van dividir en grups, i ens va donar unes indicacions sobre quins personatges hav\u00edem de representar. A trav\u00e9s d\u2019aquesta informaci\u00f3 hav\u00edem de crear un cor fet per nosaltres. Primer hav\u00edem de pensar qu\u00e8 posar en el cor i sobre qu\u00e8 anava, despr\u00e9s comen\u00e7\u00e0vem a redactar el cor. &hellip; <\/p>\n<p class=\"link-more\"><a href=\"https:\/\/blocsenresidencia.bcn.cat\/moisesbroggi2023\/2023\/02\/13\/un-cor-fet-per-nosaltres\/\" class=\"more-link\">Continua llegint <span class=\"screen-reader-text\">\u00abUn cor fet per nosaltres\u00bb<\/span><\/a><\/p>\n","protected":false},"author":4,"featured_media":0,"comment_status":"open","ping_status":"open","sticky":false,"template":"","format":"standard","meta":{"footnotes":""},"categories":[1],"tags":[],"class_list":["post-71","post","type-post","status-publish","format-standard","hentry","category-general"],"_links":{"self":[{"href":"https:\/\/blocsenresidencia.bcn.cat\/moisesbroggi2023\/wp-json\/wp\/v2\/posts\/71","targetHints":{"allow":["GET"]}}],"collection":[{"href":"https:\/\/blocsenresidencia.bcn.cat\/moisesbroggi2023\/wp-json\/wp\/v2\/posts"}],"about":[{"href":"https:\/\/blocsenresidencia.bcn.cat\/moisesbroggi2023\/wp-json\/wp\/v2\/types\/post"}],"author":[{"embeddable":true,"href":"https:\/\/blocsenresidencia.bcn.cat\/moisesbroggi2023\/wp-json\/wp\/v2\/users\/4"}],"replies":[{"embeddable":true,"href":"https:\/\/blocsenresidencia.bcn.cat\/moisesbroggi2023\/wp-json\/wp\/v2\/comments?post=71"}],"version-history":[{"count":2,"href":"https:\/\/blocsenresidencia.bcn.cat\/moisesbroggi2023\/wp-json\/wp\/v2\/posts\/71\/revisions"}],"predecessor-version":[{"id":77,"href":"https:\/\/blocsenresidencia.bcn.cat\/moisesbroggi2023\/wp-json\/wp\/v2\/posts\/71\/revisions\/77"}],"wp:attachment":[{"href":"https:\/\/blocsenresidencia.bcn.cat\/moisesbroggi2023\/wp-json\/wp\/v2\/media?parent=71"}],"wp:term":[{"taxonomy":"category","embeddable":true,"href":"https:\/\/blocsenresidencia.bcn.cat\/moisesbroggi2023\/wp-json\/wp\/v2\/categories?post=71"},{"taxonomy":"post_tag","embeddable":true,"href":"https:\/\/blocsenresidencia.bcn.cat\/moisesbroggi2023\/wp-json\/wp\/v2\/tags?post=71"}],"curies":[{"name":"wp","href":"https:\/\/api.w.org\/{rel}","templated":true}]}}