{"id":74,"date":"2023-02-13T20:48:08","date_gmt":"2023-02-13T18:48:08","guid":{"rendered":"https:\/\/blocsenresidencia.bcn.cat\/moisesbroggi2023\/?p=74"},"modified":"2023-02-13T20:48:08","modified_gmt":"2023-02-13T18:48:08","slug":"els-cors-grecs","status":"publish","type":"post","link":"https:\/\/blocsenresidencia.bcn.cat\/moisesbroggi2023\/2023\/02\/13\/els-cors-grecs\/","title":{"rendered":"Els cors grecs"},"content":{"rendered":"\n<p>Durant el que portem de segon trimestre hem fet diverses activitats, per\u00f2 de totes, la que m\u00e9s destacaria \u00e9s l&#8217;activitat dels cors grecs. Tot i que al primer trimestre ja n\u2019hav\u00edem fet, aquells els hav\u00edem pensat nosaltres des de l\u2019inici. Per\u00f2 en aquest cas, van ser el David i la Victoria els qui van fer quatre grups, i ens van donar quatre temes diferents per representar. Els temes eren: un cor de pares, un de professors, un de futbolistes i un de tramoistes, del qual jo en formava part. Cada un d&#8217;aquests tenia un objectiu: En el cas del cor de pares i professors, era el d\u2019empatitzar una mica amb ells. En el dels futbolistes, analitzar i fer cr\u00edtica de com \u00e9s el m\u00f3n del futbol i dels futbolistes. I en el dels tramoistes, aprendre d\u2019alguna manera quina \u00e9s la seva funci\u00f3, tamb\u00e9 ficar-nos en la seva pell, i s\u00ed que \u00e9s cert que va sorgir aquest tema ja que tenim certa obsessi\u00f3 amb el tel\u00f3. A partir d\u2019aqu\u00ed cada grup es va posar a elaborar el seu cor, fins que va arribar el moment d\u2019exposar-los davant dels companys, la Victoria i el David. Despr\u00e9s de representar-los els vam comentar conjuntament i la Victoria ens va donar suggeriments per millorar-los i aix\u00ed tornar-los a exposar. Un cop tornats a escenificar, els vam tornar a comentar tots junts i vam finalitzar l\u2019activitat.<\/p>\n\n\n\n<figure class=\"wp-block-image size-large\"><img loading=\"lazy\" decoding=\"async\" width=\"1024\" height=\"768\" src=\"https:\/\/blocsenresidencia.bcn.cat\/moisesbroggi2023\/wp-content\/uploads\/2023\/02\/IMG202301191124041-1-1024x768.jpg\" alt=\"\" class=\"wp-image-78\" srcset=\"https:\/\/blocsenresidencia.bcn.cat\/moisesbroggi2023\/wp-content\/uploads\/2023\/02\/IMG202301191124041-1-1024x768.jpg 1024w, https:\/\/blocsenresidencia.bcn.cat\/moisesbroggi2023\/wp-content\/uploads\/2023\/02\/IMG202301191124041-1-300x225.jpg 300w, https:\/\/blocsenresidencia.bcn.cat\/moisesbroggi2023\/wp-content\/uploads\/2023\/02\/IMG202301191124041-1-768x576.jpg 768w, https:\/\/blocsenresidencia.bcn.cat\/moisesbroggi2023\/wp-content\/uploads\/2023\/02\/IMG202301191124041-1-1536x1152.jpg 1536w, https:\/\/blocsenresidencia.bcn.cat\/moisesbroggi2023\/wp-content\/uploads\/2023\/02\/IMG202301191124041-1-2048x1536.jpg 2048w\" sizes=\"auto, (max-width: 767px) 89vw, (max-width: 1000px) 54vw, (max-width: 1071px) 543px, 580px\" \/><\/figure>\n\n\n\n<p>Tot i que, com ja he dit, aquesta activitat ja la vam fer al primer trimestre, igualment he apr\u00e8s coses noves. Per comen\u00e7ar, el fet que fossin la Victoria i el David qui ens proposessin el tema, ja suposava un repte m\u00e9s dif\u00edcil. Tamb\u00e9 depenent del tema hav\u00edem d&#8217;assolir l\u2019objectiu de posar-nos a la pell dels nostres pares o professors, o fer cr\u00edtica dels futbolistes. A m\u00e9s a m\u00e9s, en el meu grup dels tramoistes, hav\u00edem d&#8217;aconseguir-ho sense saber ben b\u00e9 al principi qu\u00e8 era el que feien o la seva funci\u00f3, i aix\u00f2 em va suposar un aprenentatge. Tamb\u00e9 un altre coneixement que he obtingut \u00e9s que, tamb\u00e9 relacionat amb els cors del primer trimestre i les consignes que ens ha donat la Victoria, jo crec que hem apr\u00e8s a fer cors. Finalment, he apr\u00e8s que \u00e9s important tenir tot preparat i assajar, ja que nosaltres vam experimentar amb les llums i vam tenir diversos problemes quan ho vam escenificar.<\/p>\n\n\n\n<p>Jo crec que aquesta activitat ha estat b\u00e9, i que ens ha servit per acabar de practicar els cors grecs, la cosa a la qual li hem donat m\u00e9s import\u00e0ncia i m\u00e9s hem treballat, i que crec que ens poden ser de gran utilitat quan h\u00e0gim de fer el treball final i assegurant-nos aix\u00ed que surti un resultat interessant. En l&#8217;\u00e0mbit de millora, jo crec que hauria de millorar a l\u2019hora de representar els cors, ja que en algunes ocasions no vocalitzo del tot b\u00e9, i parlar tamb\u00e9 m\u00e9s fort tant jo com el meu grup de tramoistes, perqu\u00e8 no se&#8217;ns sentia b\u00e9 quan ho vam representar.&nbsp;<\/p>\n\n\n\n<p class=\"has-text-align-right\"><strong>Biel Gasc\u00f3n<\/strong><\/p>\n","protected":false},"excerpt":{"rendered":"<p>Durant el que portem de segon trimestre hem fet diverses activitats, per\u00f2 de totes, la que m\u00e9s destacaria \u00e9s l&#8217;activitat dels cors grecs. Tot i que al primer trimestre ja n\u2019hav\u00edem fet, aquells els hav\u00edem pensat nosaltres des de l\u2019inici. Per\u00f2 en aquest cas, van ser el David i la Victoria els qui van fer &hellip; <\/p>\n<p class=\"link-more\"><a href=\"https:\/\/blocsenresidencia.bcn.cat\/moisesbroggi2023\/2023\/02\/13\/els-cors-grecs\/\" class=\"more-link\">Continua llegint <span class=\"screen-reader-text\">\u00abEls cors grecs\u00bb<\/span><\/a><\/p>\n","protected":false},"author":4,"featured_media":0,"comment_status":"open","ping_status":"open","sticky":false,"template":"","format":"standard","meta":{"footnotes":""},"categories":[1],"tags":[],"class_list":["post-74","post","type-post","status-publish","format-standard","hentry","category-general"],"_links":{"self":[{"href":"https:\/\/blocsenresidencia.bcn.cat\/moisesbroggi2023\/wp-json\/wp\/v2\/posts\/74","targetHints":{"allow":["GET"]}}],"collection":[{"href":"https:\/\/blocsenresidencia.bcn.cat\/moisesbroggi2023\/wp-json\/wp\/v2\/posts"}],"about":[{"href":"https:\/\/blocsenresidencia.bcn.cat\/moisesbroggi2023\/wp-json\/wp\/v2\/types\/post"}],"author":[{"embeddable":true,"href":"https:\/\/blocsenresidencia.bcn.cat\/moisesbroggi2023\/wp-json\/wp\/v2\/users\/4"}],"replies":[{"embeddable":true,"href":"https:\/\/blocsenresidencia.bcn.cat\/moisesbroggi2023\/wp-json\/wp\/v2\/comments?post=74"}],"version-history":[{"count":2,"href":"https:\/\/blocsenresidencia.bcn.cat\/moisesbroggi2023\/wp-json\/wp\/v2\/posts\/74\/revisions"}],"predecessor-version":[{"id":79,"href":"https:\/\/blocsenresidencia.bcn.cat\/moisesbroggi2023\/wp-json\/wp\/v2\/posts\/74\/revisions\/79"}],"wp:attachment":[{"href":"https:\/\/blocsenresidencia.bcn.cat\/moisesbroggi2023\/wp-json\/wp\/v2\/media?parent=74"}],"wp:term":[{"taxonomy":"category","embeddable":true,"href":"https:\/\/blocsenresidencia.bcn.cat\/moisesbroggi2023\/wp-json\/wp\/v2\/categories?post=74"},{"taxonomy":"post_tag","embeddable":true,"href":"https:\/\/blocsenresidencia.bcn.cat\/moisesbroggi2023\/wp-json\/wp\/v2\/tags?post=74"}],"curies":[{"name":"wp","href":"https:\/\/api.w.org\/{rel}","templated":true}]}}