{"id":117,"date":"2023-04-17T13:00:47","date_gmt":"2023-04-17T11:00:47","guid":{"rendered":"https:\/\/blocsenresidencia.bcn.cat\/narcismonturiol2023\/?p=117"},"modified":"2023-04-17T13:03:23","modified_gmt":"2023-04-17T11:03:23","slug":"sessio-7-8-de-novembre","status":"publish","type":"post","link":"https:\/\/blocsenresidencia.bcn.cat\/narcismonturiol2023\/2023\/04\/17\/sessio-7-8-de-novembre\/","title":{"rendered":"Sessi\u00f3 7- 8 de novembre"},"content":{"rendered":"\n<p>El martes d\u00eda 8 fuimos a la Pedrera de Paseo de Gracia, un museo muy grande con muchas obras de arte  abstracto (cuadros, esculturas&#8230;). Tambi\u00e9n hab\u00eda alguna tienda para comprar ropa o recuerdos de Barcelona.  <\/p>\n\n\n\n<p>Durante la visita ten\u00edamos que hacer el ejercicio de ponernos en la mente del artista y seleccionar una o dos que nos llamase la atenci\u00f3n para hacer posteriormente una valoraci\u00f3n. Os compartimos, a continuaci\u00f3n, una de esas reflexiones:<\/p>\n\n\n\n<p><img loading=\"lazy\" decoding=\"async\" width=\"187\" height=\"249\" src=\"https:\/\/lh4.googleusercontent.com\/5iQXohhY-qRR-ntaYFNlgto9wL3XtCaeuamjCC9bhZ92REEywHYY6TOgyEKi6Nr51AHson-bemmfTrGiDaz-DGzcduiuk6559P6PJYFyLJOqqxn9S1rHPf6lb4sGzn-ZjZSq0GrvwclLQAkUZJWNv_w\"><\/p>\n\n\n\n<p><strong>BERTA<\/strong>: Este cuadro me gusto mucho. Al ser tan grande y tan sencillo, la atracci\u00f3n era irremediable. Viendo este cuadro pod\u00eda llegar a ver una especie de puente o acantilado, ten\u00eda un parecido al punto m\u00e1s alto de un castillo. Parece que una nube gigante lo esconde de tal manera que solo se puede ver el paisaje que esta inmensa nube nos deja apreciar.<\/p>\n\n\n\n<p>Nos lo pasamos bastante bien y volver\u00edamos a repetir la excursi\u00f3n.<\/p>\n\n\n\n<p><\/p>\n\n\n\n<figure class=\"wp-block-image size-large\"><img loading=\"lazy\" decoding=\"async\" width=\"766\" height=\"1024\" src=\"https:\/\/blocsenresidencia.bcn.cat\/narcismonturiol2023\/wp-content\/uploads\/2023\/03\/IMG_20221108_120751-766x1024.jpg\" alt=\"\" class=\"wp-image-143\" srcset=\"https:\/\/blocsenresidencia.bcn.cat\/narcismonturiol2023\/wp-content\/uploads\/2023\/03\/IMG_20221108_120751-766x1024.jpg 766w, https:\/\/blocsenresidencia.bcn.cat\/narcismonturiol2023\/wp-content\/uploads\/2023\/03\/IMG_20221108_120751-224x300.jpg 224w, https:\/\/blocsenresidencia.bcn.cat\/narcismonturiol2023\/wp-content\/uploads\/2023\/03\/IMG_20221108_120751-768x1026.jpg 768w, https:\/\/blocsenresidencia.bcn.cat\/narcismonturiol2023\/wp-content\/uploads\/2023\/03\/IMG_20221108_120751-1149x1536.jpg 1149w, https:\/\/blocsenresidencia.bcn.cat\/narcismonturiol2023\/wp-content\/uploads\/2023\/03\/IMG_20221108_120751-1532x2048.jpg 1532w, https:\/\/blocsenresidencia.bcn.cat\/narcismonturiol2023\/wp-content\/uploads\/2023\/03\/IMG_20221108_120751-scaled.jpg 1916w\" sizes=\"auto, (max-width: 706px) 89vw, (max-width: 767px) 82vw, 740px\" \/><\/figure>\n","protected":false},"excerpt":{"rendered":"<p>El martes d\u00eda 8 fuimos a la Pedrera de Paseo de Gracia, un museo muy grande con muchas obras de arte abstracto (cuadros, esculturas&#8230;). Tambi\u00e9n hab\u00eda alguna tienda para comprar ropa o recuerdos de Barcelona. Durante la visita ten\u00edamos que hacer el ejercicio de ponernos en la mente del artista y seleccionar una o dos &hellip; <\/p>\n<p class=\"link-more\"><a href=\"https:\/\/blocsenresidencia.bcn.cat\/narcismonturiol2023\/2023\/04\/17\/sessio-7-8-de-novembre\/\" class=\"more-link\">Continua llegint <span class=\"screen-reader-text\">\u00abSessi\u00f3 7- 8 de novembre\u00bb<\/span><\/a><\/p>\n","protected":false},"author":5,"featured_media":0,"comment_status":"open","ping_status":"open","sticky":false,"template":"","format":"standard","meta":{"footnotes":""},"categories":[1],"tags":[],"class_list":["post-117","post","type-post","status-publish","format-standard","hentry","category-general"],"_links":{"self":[{"href":"https:\/\/blocsenresidencia.bcn.cat\/narcismonturiol2023\/wp-json\/wp\/v2\/posts\/117","targetHints":{"allow":["GET"]}}],"collection":[{"href":"https:\/\/blocsenresidencia.bcn.cat\/narcismonturiol2023\/wp-json\/wp\/v2\/posts"}],"about":[{"href":"https:\/\/blocsenresidencia.bcn.cat\/narcismonturiol2023\/wp-json\/wp\/v2\/types\/post"}],"author":[{"embeddable":true,"href":"https:\/\/blocsenresidencia.bcn.cat\/narcismonturiol2023\/wp-json\/wp\/v2\/users\/5"}],"replies":[{"embeddable":true,"href":"https:\/\/blocsenresidencia.bcn.cat\/narcismonturiol2023\/wp-json\/wp\/v2\/comments?post=117"}],"version-history":[{"count":4,"href":"https:\/\/blocsenresidencia.bcn.cat\/narcismonturiol2023\/wp-json\/wp\/v2\/posts\/117\/revisions"}],"predecessor-version":[{"id":148,"href":"https:\/\/blocsenresidencia.bcn.cat\/narcismonturiol2023\/wp-json\/wp\/v2\/posts\/117\/revisions\/148"}],"wp:attachment":[{"href":"https:\/\/blocsenresidencia.bcn.cat\/narcismonturiol2023\/wp-json\/wp\/v2\/media?parent=117"}],"wp:term":[{"taxonomy":"category","embeddable":true,"href":"https:\/\/blocsenresidencia.bcn.cat\/narcismonturiol2023\/wp-json\/wp\/v2\/categories?post=117"},{"taxonomy":"post_tag","embeddable":true,"href":"https:\/\/blocsenresidencia.bcn.cat\/narcismonturiol2023\/wp-json\/wp\/v2\/tags?post=117"}],"curies":[{"name":"wp","href":"https:\/\/api.w.org\/{rel}","templated":true}]}}