{"id":37,"date":"2023-02-07T10:59:03","date_gmt":"2023-02-07T08:59:03","guid":{"rendered":"https:\/\/blocsenresidencia.bcn.cat\/narcismonturiol2023\/?p=37"},"modified":"2023-02-07T10:59:03","modified_gmt":"2023-02-07T08:59:03","slug":"sessio-1-20-de-setembre","status":"publish","type":"post","link":"https:\/\/blocsenresidencia.bcn.cat\/narcismonturiol2023\/2023\/02\/07\/sessio-1-20-de-setembre\/","title":{"rendered":"Sessi\u00f3 1 &#8211; 20 de setembre"},"content":{"rendered":"\n<p>Avui hem conegut el POPE. Per trencar el gel, ens hem fet una petita presentaci\u00f3 amb PowerPoint per explicar-li qui \u00e9rem i quines eren les nostres expectatives. Tamb\u00e9 hem aprofitat per fer-li algunes preguntes per con\u00e8ixer-lo una mica m\u00e9s, a ell i a la seva banda:<br><br>\u00bfCu\u00e1ntos integrantes sois en el grupo?<br>\u00bfCu\u00e1ntos a\u00f1os llev\u00e1is tocando juntos?<br>\u00bfC\u00f3mo os conocisteis todos?<br>\u00bfC\u00f3mo se form\u00f3 el grupo?<br>\u00bfFue f\u00e1cil formar el grupo?<br>\u00bfQu\u00e9 significado tiene el nombre del grupo?<br>\u00bfC\u00f3mo descubristeis este tipo de m\u00fasica?<br>\u00bfCu\u00e1ntos d\u00edas a la semana ensay\u00e1is?<br>\u00bfHac\u00e9is conciertos?<br>\u00bfOs dedic\u00e1is sola a la m\u00fasica?<br>\u00bfAlguna vez tuvisteis alg\u00fan problema entre vosotros?<\/p>\n\n\n\n<p><\/p>\n\n\n\n<figure class=\"wp-block-image size-large\"><img loading=\"lazy\" decoding=\"async\" width=\"1024\" height=\"766\" src=\"https:\/\/blocsenresidencia.bcn.cat\/narcismonturiol2023\/wp-content\/uploads\/2023\/02\/IMG_20220920_120411-1024x766.jpg\" alt=\"\" class=\"wp-image-42\" srcset=\"https:\/\/blocsenresidencia.bcn.cat\/narcismonturiol2023\/wp-content\/uploads\/2023\/02\/IMG_20220920_120411-1024x766.jpg 1024w, https:\/\/blocsenresidencia.bcn.cat\/narcismonturiol2023\/wp-content\/uploads\/2023\/02\/IMG_20220920_120411-300x224.jpg 300w, https:\/\/blocsenresidencia.bcn.cat\/narcismonturiol2023\/wp-content\/uploads\/2023\/02\/IMG_20220920_120411-768x575.jpg 768w, https:\/\/blocsenresidencia.bcn.cat\/narcismonturiol2023\/wp-content\/uploads\/2023\/02\/IMG_20220920_120411-1536x1149.jpg 1536w, https:\/\/blocsenresidencia.bcn.cat\/narcismonturiol2023\/wp-content\/uploads\/2023\/02\/IMG_20220920_120411.jpg 1600w\" sizes=\"auto, (max-width: 767px) 89vw, (max-width: 1000px) 54vw, (max-width: 1071px) 543px, 580px\" \/><\/figure>\n\n\n\n<p><br>Despr\u00e9s el Pope ens va explicar qu\u00e8 \u00e9s el DUP. Ens va mostrar bastants v\u00eddeos que semblava ser com una l\u00ednia temporal d&#8217;aquest estil i tamb\u00e9 ens va preguntar si sab\u00edem qu\u00e8 era una taula de barreges i com funcionava. Alguns dels v\u00eddeos que recordem que va posar s\u00f3n aquests:<br><br>\u2014V\u00eddeos d&#8217;un noi barrejant en directe <br>\u2014Temes versionats de Sean Paul <br>\u2014Sativa-chabola a Jamaica <br>\u2014Bad Gyal work work en catal\u00e0 <br><\/p>\n\n\n\n<figure class=\"wp-block-gallery has-nested-images columns-default is-cropped wp-block-gallery-1 is-layout-flex wp-block-gallery-is-layout-flex\">\n<figure class=\"wp-block-image size-large\"><img loading=\"lazy\" decoding=\"async\" width=\"1024\" height=\"766\" data-id=\"43\" src=\"https:\/\/blocsenresidencia.bcn.cat\/narcismonturiol2023\/wp-content\/uploads\/2023\/02\/IMG_20220920_120358-1024x766.jpg\" alt=\"\" class=\"wp-image-43\" srcset=\"https:\/\/blocsenresidencia.bcn.cat\/narcismonturiol2023\/wp-content\/uploads\/2023\/02\/IMG_20220920_120358-1024x766.jpg 1024w, https:\/\/blocsenresidencia.bcn.cat\/narcismonturiol2023\/wp-content\/uploads\/2023\/02\/IMG_20220920_120358-300x224.jpg 300w, https:\/\/blocsenresidencia.bcn.cat\/narcismonturiol2023\/wp-content\/uploads\/2023\/02\/IMG_20220920_120358-768x575.jpg 768w, https:\/\/blocsenresidencia.bcn.cat\/narcismonturiol2023\/wp-content\/uploads\/2023\/02\/IMG_20220920_120358-1536x1149.jpg 1536w, https:\/\/blocsenresidencia.bcn.cat\/narcismonturiol2023\/wp-content\/uploads\/2023\/02\/IMG_20220920_120358.jpg 1600w\" sizes=\"auto, (max-width: 767px) 89vw, (max-width: 1000px) 54vw, (max-width: 1071px) 543px, 580px\" \/><\/figure>\n\n\n\n<figure class=\"wp-block-image size-large\"><img loading=\"lazy\" decoding=\"async\" width=\"1024\" height=\"766\" data-id=\"44\" src=\"https:\/\/blocsenresidencia.bcn.cat\/narcismonturiol2023\/wp-content\/uploads\/2023\/02\/IMG_20220920_121107-1024x766.jpg\" alt=\"\" class=\"wp-image-44\" srcset=\"https:\/\/blocsenresidencia.bcn.cat\/narcismonturiol2023\/wp-content\/uploads\/2023\/02\/IMG_20220920_121107-1024x766.jpg 1024w, https:\/\/blocsenresidencia.bcn.cat\/narcismonturiol2023\/wp-content\/uploads\/2023\/02\/IMG_20220920_121107-300x224.jpg 300w, https:\/\/blocsenresidencia.bcn.cat\/narcismonturiol2023\/wp-content\/uploads\/2023\/02\/IMG_20220920_121107-768x575.jpg 768w, https:\/\/blocsenresidencia.bcn.cat\/narcismonturiol2023\/wp-content\/uploads\/2023\/02\/IMG_20220920_121107-1536x1149.jpg 1536w, https:\/\/blocsenresidencia.bcn.cat\/narcismonturiol2023\/wp-content\/uploads\/2023\/02\/IMG_20220920_121107.jpg 1600w\" sizes=\"auto, (max-width: 767px) 89vw, (max-width: 1000px) 54vw, (max-width: 1071px) 543px, 580px\" \/><\/figure>\n<\/figure>\n\n\n\n<p><br>Seguidament, ens va fer prendre consci\u00e8ncia dels sons del nostre entorn, perqu\u00e8 moltes vegades no prestem atenci\u00f3 al que est\u00e0 passant al nostre voltant. Va ser una sensaci\u00f3 estranya, \u00e9s com si de sobte un pogu\u00e9s sentir-ho tot.<br><br>Per finalitzar, vam fer una esp\u00e8cie de joc. Cada persona hi havia de buscar una can\u00e7\u00f3 amb la lletra de l&#8217;abecedari que li toqu\u00e9s, per\u00f2 havia de triar-se sense pensar gaire i sense fer servir suggeriment de l&#8217;aplicaci\u00f3. Despr\u00e9s les vam sentir.<br><br>En general, sembla molt interessant la proposta. A veure com va pr\u00f2xima setmana.<br><br><\/p>\n\n\n\n\n\n\n\n\n","protected":false},"excerpt":{"rendered":"<p>Avui hem conegut el POPE. Per trencar el gel, ens hem fet una petita presentaci\u00f3 amb PowerPoint per explicar-li qui \u00e9rem i quines eren les nostres expectatives. Tamb\u00e9 hem aprofitat per fer-li algunes preguntes per con\u00e8ixer-lo una mica m\u00e9s, a ell i a la seva banda: \u00bfCu\u00e1ntos integrantes sois en el grupo?\u00bfCu\u00e1ntos a\u00f1os llev\u00e1is tocando &hellip; <\/p>\n<p class=\"link-more\"><a href=\"https:\/\/blocsenresidencia.bcn.cat\/narcismonturiol2023\/2023\/02\/07\/sessio-1-20-de-setembre\/\" class=\"more-link\">Continua llegint <span class=\"screen-reader-text\">\u00abSessi\u00f3 1 &#8211; 20 de setembre\u00bb<\/span><\/a><\/p>\n","protected":false},"author":5,"featured_media":0,"comment_status":"open","ping_status":"open","sticky":false,"template":"","format":"standard","meta":{"footnotes":""},"categories":[1],"tags":[],"class_list":["post-37","post","type-post","status-publish","format-standard","hentry","category-general"],"_links":{"self":[{"href":"https:\/\/blocsenresidencia.bcn.cat\/narcismonturiol2023\/wp-json\/wp\/v2\/posts\/37","targetHints":{"allow":["GET"]}}],"collection":[{"href":"https:\/\/blocsenresidencia.bcn.cat\/narcismonturiol2023\/wp-json\/wp\/v2\/posts"}],"about":[{"href":"https:\/\/blocsenresidencia.bcn.cat\/narcismonturiol2023\/wp-json\/wp\/v2\/types\/post"}],"author":[{"embeddable":true,"href":"https:\/\/blocsenresidencia.bcn.cat\/narcismonturiol2023\/wp-json\/wp\/v2\/users\/5"}],"replies":[{"embeddable":true,"href":"https:\/\/blocsenresidencia.bcn.cat\/narcismonturiol2023\/wp-json\/wp\/v2\/comments?post=37"}],"version-history":[{"count":2,"href":"https:\/\/blocsenresidencia.bcn.cat\/narcismonturiol2023\/wp-json\/wp\/v2\/posts\/37\/revisions"}],"predecessor-version":[{"id":45,"href":"https:\/\/blocsenresidencia.bcn.cat\/narcismonturiol2023\/wp-json\/wp\/v2\/posts\/37\/revisions\/45"}],"wp:attachment":[{"href":"https:\/\/blocsenresidencia.bcn.cat\/narcismonturiol2023\/wp-json\/wp\/v2\/media?parent=37"}],"wp:term":[{"taxonomy":"category","embeddable":true,"href":"https:\/\/blocsenresidencia.bcn.cat\/narcismonturiol2023\/wp-json\/wp\/v2\/categories?post=37"},{"taxonomy":"post_tag","embeddable":true,"href":"https:\/\/blocsenresidencia.bcn.cat\/narcismonturiol2023\/wp-json\/wp\/v2\/tags?post=37"}],"curies":[{"name":"wp","href":"https:\/\/api.w.org\/{rel}","templated":true}]}}