{"id":41,"date":"2023-02-13T14:41:18","date_gmt":"2023-02-13T12:41:18","guid":{"rendered":"https:\/\/blocsenresidencia.bcn.cat\/narcismonturiol2023\/?p=41"},"modified":"2023-02-13T14:42:33","modified_gmt":"2023-02-13T12:42:33","slug":"sessio-2-27-de-setembre","status":"publish","type":"post","link":"https:\/\/blocsenresidencia.bcn.cat\/narcismonturiol2023\/2023\/02\/13\/sessio-2-27-de-setembre\/","title":{"rendered":"Sessi\u00f3 2 &#8211; 27 de setembre"},"content":{"rendered":"\n<p>En aquesta sessi\u00f3 va venir el Marc. \u00c9s el mediador d&#8217;aquest projecte, \u00e9s a dir, l&#8217;enlla\u00e7 entre el programa, l&#8217;artista i l&#8217;institut. La seva empresa es diu l&#8217;Afluent i organitzen concerts a sales for\u00e7a conegudes de Barcelona.<br><br>Despr\u00e9s, el Pope va continuar ensenyant-nos un seguit de v\u00eddeos interessants per a ell, per exemple un de la <a href=\"https:\/\/www.google.com\/search?q=v%C3%ADdeos+de+cecilia+bengolea+tejados+jamaica&amp;client=firefox-b-d&amp;ei=Sy3qY9bxFt-tkdUP6--x4AE&amp;ved=0ahUKEwiWw42NwJL9AhXfVqQEHet3DBwQ4dUDCBk&amp;uact=5&amp;oq=v%C3%ADdeos+de+cecilia+bengolea+tejados+jamaica&amp;gs_lcp=Cgxnd3Mtd2l6LXNlcnAQAzIFCCEQoAEyBQghEKABSgQIQRgASgQIRhgAUP0EWO8ZYOEaaABwAHgAgAGCAYgBjg6SAQQwLjE2mAEAoAEBwAEB&amp;sclient=gws-wiz-serp#fpstate=ive&amp;vld=cid:04b15c3d,vid:N-21ax2TNdU\">Cecilia Bengolea<\/a>, que ballava per les teulades de Jamaica. Ens va agradar molt aquesta aportaci\u00f3 perqu\u00e8 era Dance Hall i aquest estil ens \u00e9s proper.<\/p>\n\n\n\n<p><\/p>\n\n\n\n<figure class=\"wp-block-embed is-type-video is-provider-youtube wp-block-embed-youtube wp-embed-aspect-16-9 wp-has-aspect-ratio\"><div class=\"wp-block-embed__wrapper\">\n<iframe loading=\"lazy\" title=\"Cecilia Bengolea Presents: Dancehall Weather\" width=\"525\" height=\"295\" src=\"https:\/\/www.youtube.com\/embed\/N-21ax2TNdU?feature=oembed\" frameborder=\"0\" allow=\"accelerometer; autoplay; clipboard-write; encrypted-media; gyroscope; picture-in-picture; web-share\" referrerpolicy=\"strict-origin-when-cross-origin\" allowfullscreen><\/iframe>\n<\/div><\/figure>\n\n\n\n<p><br>Tamb\u00e9 ens va ensenyar d&#8217;altres cantants. Per exemple: John Cage o Cecilio G.<br><br>Per \u00faltim, ens va mostrar un grup punk antisistema que era for\u00e7a estrany. La cantant era una dona.<br><br>Acabem la sessi\u00f3 amb una reflexi\u00f3: &#8220;Qu\u00e8 \u00e9s m\u00fasica i qu\u00e8 no ho \u00e9s? <br><br>Creiem que aquesta pregunta deu ser clau perqu\u00e8 a la sessi\u00f3 anterior tamb\u00e9 ens ho va preguntar. Per qu\u00e8? Potser ser\u00e0 perqu\u00e8 el concepte de m\u00fasica no \u00e9s igual per tothom?<br><\/p>\n\n\n\n<figure class=\"wp-block-gallery has-nested-images columns-default is-cropped wp-block-gallery-1 is-layout-flex wp-block-gallery-is-layout-flex\">\n<figure class=\"wp-block-image size-large\"><img loading=\"lazy\" decoding=\"async\" width=\"1024\" height=\"766\" data-id=\"49\" src=\"https:\/\/blocsenresidencia.bcn.cat\/narcismonturiol2023\/wp-content\/uploads\/2023\/02\/IMG_20220927_121950-1024x766.jpg\" alt=\"\" class=\"wp-image-49\" srcset=\"https:\/\/blocsenresidencia.bcn.cat\/narcismonturiol2023\/wp-content\/uploads\/2023\/02\/IMG_20220927_121950-1024x766.jpg 1024w, https:\/\/blocsenresidencia.bcn.cat\/narcismonturiol2023\/wp-content\/uploads\/2023\/02\/IMG_20220927_121950-300x224.jpg 300w, https:\/\/blocsenresidencia.bcn.cat\/narcismonturiol2023\/wp-content\/uploads\/2023\/02\/IMG_20220927_121950-768x575.jpg 768w, https:\/\/blocsenresidencia.bcn.cat\/narcismonturiol2023\/wp-content\/uploads\/2023\/02\/IMG_20220927_121950-1536x1149.jpg 1536w, https:\/\/blocsenresidencia.bcn.cat\/narcismonturiol2023\/wp-content\/uploads\/2023\/02\/IMG_20220927_121950-2048x1532.jpg 2048w\" sizes=\"auto, (max-width: 767px) 89vw, (max-width: 1000px) 54vw, (max-width: 1071px) 543px, 580px\" \/><\/figure>\n<\/figure>\n\n\n\n<ul class=\"wp-block-list\"><\/ul>\n\n\n\n<figure class=\"wp-block-video\"><video controls src=\"https:\/\/blocsenresidencia.bcn.cat\/narcismonturiol2023\/wp-content\/uploads\/2023\/02\/VID_20220927_131931.mp4\"><\/video><\/figure>\n","protected":false},"excerpt":{"rendered":"<p>En aquesta sessi\u00f3 va venir el Marc. \u00c9s el mediador d&#8217;aquest projecte, \u00e9s a dir, l&#8217;enlla\u00e7 entre el programa, l&#8217;artista i l&#8217;institut. La seva empresa es diu l&#8217;Afluent i organitzen concerts a sales for\u00e7a conegudes de Barcelona. Despr\u00e9s, el Pope va continuar ensenyant-nos un seguit de v\u00eddeos interessants per a ell, per exemple un de &hellip; <\/p>\n<p class=\"link-more\"><a href=\"https:\/\/blocsenresidencia.bcn.cat\/narcismonturiol2023\/2023\/02\/13\/sessio-2-27-de-setembre\/\" class=\"more-link\">Continua llegint <span class=\"screen-reader-text\">\u00abSessi\u00f3 2 &#8211; 27 de setembre\u00bb<\/span><\/a><\/p>\n","protected":false},"author":5,"featured_media":0,"comment_status":"open","ping_status":"open","sticky":false,"template":"","format":"standard","meta":{"footnotes":""},"categories":[1],"tags":[],"class_list":["post-41","post","type-post","status-publish","format-standard","hentry","category-general"],"_links":{"self":[{"href":"https:\/\/blocsenresidencia.bcn.cat\/narcismonturiol2023\/wp-json\/wp\/v2\/posts\/41","targetHints":{"allow":["GET"]}}],"collection":[{"href":"https:\/\/blocsenresidencia.bcn.cat\/narcismonturiol2023\/wp-json\/wp\/v2\/posts"}],"about":[{"href":"https:\/\/blocsenresidencia.bcn.cat\/narcismonturiol2023\/wp-json\/wp\/v2\/types\/post"}],"author":[{"embeddable":true,"href":"https:\/\/blocsenresidencia.bcn.cat\/narcismonturiol2023\/wp-json\/wp\/v2\/users\/5"}],"replies":[{"embeddable":true,"href":"https:\/\/blocsenresidencia.bcn.cat\/narcismonturiol2023\/wp-json\/wp\/v2\/comments?post=41"}],"version-history":[{"count":4,"href":"https:\/\/blocsenresidencia.bcn.cat\/narcismonturiol2023\/wp-json\/wp\/v2\/posts\/41\/revisions"}],"predecessor-version":[{"id":53,"href":"https:\/\/blocsenresidencia.bcn.cat\/narcismonturiol2023\/wp-json\/wp\/v2\/posts\/41\/revisions\/53"}],"wp:attachment":[{"href":"https:\/\/blocsenresidencia.bcn.cat\/narcismonturiol2023\/wp-json\/wp\/v2\/media?parent=41"}],"wp:term":[{"taxonomy":"category","embeddable":true,"href":"https:\/\/blocsenresidencia.bcn.cat\/narcismonturiol2023\/wp-json\/wp\/v2\/categories?post=41"},{"taxonomy":"post_tag","embeddable":true,"href":"https:\/\/blocsenresidencia.bcn.cat\/narcismonturiol2023\/wp-json\/wp\/v2\/tags?post=41"}],"curies":[{"name":"wp","href":"https:\/\/api.w.org\/{rel}","templated":true}]}}