{"id":70,"date":"2023-03-27T13:16:04","date_gmt":"2023-03-27T11:16:04","guid":{"rendered":"https:\/\/blocsenresidencia.bcn.cat\/narcismonturiol2023\/?p=70"},"modified":"2023-03-27T13:16:04","modified_gmt":"2023-03-27T11:16:04","slug":"sessio-6-25-doctubre","status":"publish","type":"post","link":"https:\/\/blocsenresidencia.bcn.cat\/narcismonturiol2023\/2023\/03\/27\/sessio-6-25-doctubre\/","title":{"rendered":"Sessi\u00f3 6 &#8211; 25 d&#8217;octubre"},"content":{"rendered":"\n<p>Aquest dia amb el Pope vam tocar xil\u00f2fons, panderetes, maraques, tambors i el piano per fer una melodia tots junts. Cadasc\u00fa va escollir l&#8217;instrument que va preferir dels del departament de m\u00fasica. Al comen\u00e7ament ens feia molta vergonya tocar, per\u00f2 despr\u00e9s ens vam anar relaxant i ens ho vam passar molt b\u00e9.<\/p>\n\n\n\n<p>Vam fer tres grups: el de percussi\u00f3, el de xil\u00f2fons i el piano. Ens va costar una estona organitzar-nos i saber quan era el nostre torn per tocar. Amb tot i aix\u00f2, al final de la classe ho vam aconseguir.<\/p>\n\n\n\n<figure class=\"wp-block-image size-large\"><img loading=\"lazy\" decoding=\"async\" width=\"1024\" height=\"769\" src=\"https:\/\/blocsenresidencia.bcn.cat\/narcismonturiol2023\/wp-content\/uploads\/2023\/03\/IMG_20221025_115023-1024x769.jpg\" alt=\"\" class=\"wp-image-87\" srcset=\"https:\/\/blocsenresidencia.bcn.cat\/narcismonturiol2023\/wp-content\/uploads\/2023\/03\/IMG_20221025_115023-1024x769.jpg 1024w, https:\/\/blocsenresidencia.bcn.cat\/narcismonturiol2023\/wp-content\/uploads\/2023\/03\/IMG_20221025_115023-300x225.jpg 300w, https:\/\/blocsenresidencia.bcn.cat\/narcismonturiol2023\/wp-content\/uploads\/2023\/03\/IMG_20221025_115023-768x577.jpg 768w, https:\/\/blocsenresidencia.bcn.cat\/narcismonturiol2023\/wp-content\/uploads\/2023\/03\/IMG_20221025_115023-1536x1154.jpg 1536w, https:\/\/blocsenresidencia.bcn.cat\/narcismonturiol2023\/wp-content\/uploads\/2023\/03\/IMG_20221025_115023-2048x1538.jpg 2048w\" sizes=\"auto, (max-width: 767px) 89vw, (max-width: 1000px) 54vw, (max-width: 1071px) 543px, 580px\" \/><\/figure>\n\n\n\n<p><br><\/p>\n","protected":false},"excerpt":{"rendered":"<p>Aquest dia amb el Pope vam tocar xil\u00f2fons, panderetes, maraques, tambors i el piano per fer una melodia tots junts. Cadasc\u00fa va escollir l&#8217;instrument que va preferir dels del departament de m\u00fasica. Al comen\u00e7ament ens feia molta vergonya tocar, per\u00f2 despr\u00e9s ens vam anar relaxant i ens ho vam passar molt b\u00e9. Vam fer tres &hellip; <\/p>\n<p class=\"link-more\"><a href=\"https:\/\/blocsenresidencia.bcn.cat\/narcismonturiol2023\/2023\/03\/27\/sessio-6-25-doctubre\/\" class=\"more-link\">Continua llegint <span class=\"screen-reader-text\">\u00abSessi\u00f3 6 &#8211; 25 d&#8217;octubre\u00bb<\/span><\/a><\/p>\n","protected":false},"author":5,"featured_media":0,"comment_status":"open","ping_status":"open","sticky":false,"template":"","format":"standard","meta":{"footnotes":""},"categories":[1],"tags":[],"class_list":["post-70","post","type-post","status-publish","format-standard","hentry","category-general"],"_links":{"self":[{"href":"https:\/\/blocsenresidencia.bcn.cat\/narcismonturiol2023\/wp-json\/wp\/v2\/posts\/70","targetHints":{"allow":["GET"]}}],"collection":[{"href":"https:\/\/blocsenresidencia.bcn.cat\/narcismonturiol2023\/wp-json\/wp\/v2\/posts"}],"about":[{"href":"https:\/\/blocsenresidencia.bcn.cat\/narcismonturiol2023\/wp-json\/wp\/v2\/types\/post"}],"author":[{"embeddable":true,"href":"https:\/\/blocsenresidencia.bcn.cat\/narcismonturiol2023\/wp-json\/wp\/v2\/users\/5"}],"replies":[{"embeddable":true,"href":"https:\/\/blocsenresidencia.bcn.cat\/narcismonturiol2023\/wp-json\/wp\/v2\/comments?post=70"}],"version-history":[{"count":3,"href":"https:\/\/blocsenresidencia.bcn.cat\/narcismonturiol2023\/wp-json\/wp\/v2\/posts\/70\/revisions"}],"predecessor-version":[{"id":115,"href":"https:\/\/blocsenresidencia.bcn.cat\/narcismonturiol2023\/wp-json\/wp\/v2\/posts\/70\/revisions\/115"}],"wp:attachment":[{"href":"https:\/\/blocsenresidencia.bcn.cat\/narcismonturiol2023\/wp-json\/wp\/v2\/media?parent=70"}],"wp:term":[{"taxonomy":"category","embeddable":true,"href":"https:\/\/blocsenresidencia.bcn.cat\/narcismonturiol2023\/wp-json\/wp\/v2\/categories?post=70"},{"taxonomy":"post_tag","embeddable":true,"href":"https:\/\/blocsenresidencia.bcn.cat\/narcismonturiol2023\/wp-json\/wp\/v2\/tags?post=70"}],"curies":[{"name":"wp","href":"https:\/\/api.w.org\/{rel}","templated":true}]}}