{"id":89,"date":"2023-04-17T13:27:43","date_gmt":"2023-04-17T11:27:43","guid":{"rendered":"https:\/\/blocsenresidencia.bcn.cat\/narcismonturiol2023\/?p=89"},"modified":"2023-04-17T13:29:29","modified_gmt":"2023-04-17T11:29:29","slug":"sessio-9-22-de-novembre","status":"publish","type":"post","link":"https:\/\/blocsenresidencia.bcn.cat\/narcismonturiol2023\/2023\/04\/17\/sessio-9-22-de-novembre\/","title":{"rendered":"Sessi\u00f3 9 &#8211; 22 de novembre"},"content":{"rendered":"\n<pre id=\"tw-target-text\" class=\"wp-block-code\"><code>A la sessi\u00f3 9 vam anar al concert que feia la Monturiol's Band al col\u00b7legi Montserrat, a Sant Gen\u00eds. La Sara ens va avisar d'aquesta excursi\u00f3 a les 10 h, ja que era una sorpresa i ens va alegrar molt. Val a dir, que el David estava molt content perqu\u00e8 era la seva escola de Prim\u00e0ria i es retrobaria amb antics professors. \n\nVam sortir de l'institut a les 11 h del mat\u00ed i hi vam anar caminant, que era m\u00e9s o menys 20 minuts. Quan vam arribar, vam entrar i vam anar al gimn\u00e0s on es feia el concert. Ens vam asseure en uns bancs a esperar que comenc\u00e9s. Els nens petits del col\u00b7legi van col\u00b7locar les cadires per poder seure tamb\u00e9. Va ser bonic veure com tots hi col\u00b7laboraven. \n\nVan tocar 3 can\u00e7ons. La primera ja ens la sab\u00edem, perqu\u00e8 cada any la toquen i \u00e9s molt bonica. S'ha constitu\u00eft com a l'himne de la banda. Una altra era de la cantant Amy Winehouse: Black to black. I, la darerra la va cantar una noia nova del programa d'intercanvi, la Hildi. Es titua <em>Feeling good<\/em> i l'artista original \u00e9s Michael Boubl\u00e9.\n<\/code><\/pre>\n\n\n\n<figure class=\"wp-block-embed is-type-video is-provider-youtube wp-block-embed-youtube wp-embed-aspect-16-9 wp-has-aspect-ratio\"><div class=\"wp-block-embed__wrapper\">\n<iframe loading=\"lazy\" title=\"Michael Bubl\u00e9 - Feeling Good [Official 4K Remastered Music Video]\" width=\"525\" height=\"295\" src=\"https:\/\/www.youtube.com\/embed\/Edwsf-8F3sI?feature=oembed\" frameborder=\"0\" allow=\"accelerometer; autoplay; clipboard-write; encrypted-media; gyroscope; picture-in-picture; web-share\" referrerpolicy=\"strict-origin-when-cross-origin\" allowfullscreen><\/iframe>\n<\/div><\/figure>\n\n\n\n<p> En acabar vam vam tornar a l&#8217;institut caminant amb els de la banda i dos professors. En arribar a l&#8217;institut, vam comentar amb el Pope i la Sara com hav\u00edem vist el concert, qu\u00e8 ens havia semblat, si ens havia agradat o no i cadasc\u00fa va donar la seva opini\u00f3. Vam coincidir que va ser una sortida molt agradable.<\/p>\n\n\n\n<figure class=\"wp-block-image size-large is-resized\"><img loading=\"lazy\" decoding=\"async\" src=\"https:\/\/blocsenresidencia.bcn.cat\/narcismonturiol2023\/wp-content\/uploads\/2023\/03\/IMG_20221122_120146-1-1024x766.jpg\" alt=\"\" class=\"wp-image-137\" width=\"660\" height=\"493\" srcset=\"https:\/\/blocsenresidencia.bcn.cat\/narcismonturiol2023\/wp-content\/uploads\/2023\/03\/IMG_20221122_120146-1-1024x766.jpg 1024w, https:\/\/blocsenresidencia.bcn.cat\/narcismonturiol2023\/wp-content\/uploads\/2023\/03\/IMG_20221122_120146-1-300x224.jpg 300w, https:\/\/blocsenresidencia.bcn.cat\/narcismonturiol2023\/wp-content\/uploads\/2023\/03\/IMG_20221122_120146-1-768x575.jpg 768w, https:\/\/blocsenresidencia.bcn.cat\/narcismonturiol2023\/wp-content\/uploads\/2023\/03\/IMG_20221122_120146-1-1536x1149.jpg 1536w, https:\/\/blocsenresidencia.bcn.cat\/narcismonturiol2023\/wp-content\/uploads\/2023\/03\/IMG_20221122_120146-1-2048x1532.jpg 2048w\" sizes=\"auto, (max-width: 660px) 100vw, 660px\" \/><\/figure>\n","protected":false},"excerpt":{"rendered":"<p>En acabar vam vam tornar a l&#8217;institut caminant amb els de la banda i dos professors. En arribar a l&#8217;institut, vam comentar amb el Pope i la Sara com hav\u00edem vist el concert, qu\u00e8 ens havia semblat, si ens havia agradat o no i cadasc\u00fa va donar la seva opini\u00f3. Vam coincidir que va ser &hellip; <\/p>\n<p class=\"link-more\"><a href=\"https:\/\/blocsenresidencia.bcn.cat\/narcismonturiol2023\/2023\/04\/17\/sessio-9-22-de-novembre\/\" class=\"more-link\">Continua llegint <span class=\"screen-reader-text\">\u00abSessi\u00f3 9 &#8211; 22 de novembre\u00bb<\/span><\/a><\/p>\n","protected":false},"author":5,"featured_media":0,"comment_status":"open","ping_status":"open","sticky":false,"template":"","format":"standard","meta":{"footnotes":""},"categories":[1],"tags":[],"class_list":["post-89","post","type-post","status-publish","format-standard","hentry","category-general"],"_links":{"self":[{"href":"https:\/\/blocsenresidencia.bcn.cat\/narcismonturiol2023\/wp-json\/wp\/v2\/posts\/89","targetHints":{"allow":["GET"]}}],"collection":[{"href":"https:\/\/blocsenresidencia.bcn.cat\/narcismonturiol2023\/wp-json\/wp\/v2\/posts"}],"about":[{"href":"https:\/\/blocsenresidencia.bcn.cat\/narcismonturiol2023\/wp-json\/wp\/v2\/types\/post"}],"author":[{"embeddable":true,"href":"https:\/\/blocsenresidencia.bcn.cat\/narcismonturiol2023\/wp-json\/wp\/v2\/users\/5"}],"replies":[{"embeddable":true,"href":"https:\/\/blocsenresidencia.bcn.cat\/narcismonturiol2023\/wp-json\/wp\/v2\/comments?post=89"}],"version-history":[{"count":7,"href":"https:\/\/blocsenresidencia.bcn.cat\/narcismonturiol2023\/wp-json\/wp\/v2\/posts\/89\/revisions"}],"predecessor-version":[{"id":154,"href":"https:\/\/blocsenresidencia.bcn.cat\/narcismonturiol2023\/wp-json\/wp\/v2\/posts\/89\/revisions\/154"}],"wp:attachment":[{"href":"https:\/\/blocsenresidencia.bcn.cat\/narcismonturiol2023\/wp-json\/wp\/v2\/media?parent=89"}],"wp:term":[{"taxonomy":"category","embeddable":true,"href":"https:\/\/blocsenresidencia.bcn.cat\/narcismonturiol2023\/wp-json\/wp\/v2\/categories?post=89"},{"taxonomy":"post_tag","embeddable":true,"href":"https:\/\/blocsenresidencia.bcn.cat\/narcismonturiol2023\/wp-json\/wp\/v2\/tags?post=89"}],"curies":[{"name":"wp","href":"https:\/\/api.w.org\/{rel}","templated":true}]}}