{"id":452,"date":"2024-02-08T11:47:44","date_gmt":"2024-02-08T09:47:44","guid":{"rendered":"https:\/\/blocsenresidencia.bcn.cat\/narcismonturiol2024\/?p=452"},"modified":"2024-02-08T11:47:44","modified_gmt":"2024-02-08T09:47:44","slug":"sesion-12-17-01-24","status":"publish","type":"post","link":"https:\/\/blocsenresidencia.bcn.cat\/narcismonturiol2024\/sesion-12-17-01-24\/","title":{"rendered":"SESI\u00d3N 12 &#8211; 17\/01\/24"},"content":{"rendered":"\n<p>La sesi\u00f3n empez\u00f3 con una invitaci\u00f3n muy interesante para ver un espect\u00e1culo de <strong>Quim Bigas<\/strong> que se titula <em>Molar<\/em>. Nos apetece mucho poder hacer una cosa diferente ya que no tenemos costumbre de ir a ver espect\u00e1culos de danza. Iremos a <strong>la Caldera<\/strong>, un espacio de creaci\u00f3n art\u00edstica, el pr\u00f3ximo martes d\u00eda 31 de enero.<br><br>Os dejamos una imagen promocional y el enlace con la informaci\u00f3n por si os apetece ir vosotros tambi\u00e9n:<\/p>\n\n\n\n<figure class=\"wp-block-image size-large\"><img loading=\"lazy\" decoding=\"async\" width=\"1024\" height=\"576\" src=\"https:\/\/blocsenresidencia.bcn.cat\/narcismonturiol2024\/wp-content\/uploads\/2024\/02\/LC-EscBigas_0816web@Trist\u2020n-PCrez-Mart\u00b0nLa-Caldera-1024x576.jpg\" alt=\"\" class=\"wp-image-455\" srcset=\"https:\/\/blocsenresidencia.bcn.cat\/narcismonturiol2024\/wp-content\/uploads\/2024\/02\/LC-EscBigas_0816web@Trist\u2020n-PCrez-Mart\u00b0nLa-Caldera-1024x576.jpg 1024w, https:\/\/blocsenresidencia.bcn.cat\/narcismonturiol2024\/wp-content\/uploads\/2024\/02\/LC-EscBigas_0816web@Trist\u2020n-PCrez-Mart\u00b0nLa-Caldera-300x169.jpg 300w, https:\/\/blocsenresidencia.bcn.cat\/narcismonturiol2024\/wp-content\/uploads\/2024\/02\/LC-EscBigas_0816web@Trist\u2020n-PCrez-Mart\u00b0nLa-Caldera-768x432.jpg 768w, https:\/\/blocsenresidencia.bcn.cat\/narcismonturiol2024\/wp-content\/uploads\/2024\/02\/LC-EscBigas_0816web@Trist\u2020n-PCrez-Mart\u00b0nLa-Caldera.jpg 1422w\" sizes=\"auto, (max-width: 767px) 89vw, (max-width: 1000px) 54vw, (max-width: 1071px) 543px, 580px\" \/><\/figure>\n\n\n\n<p><br><a href=\"https:\/\/www.lacaldera.info\/ca\/activitats\/molar-secundaria\" target=\"_blank\" rel=\"noreferrer noopener\">https:\/\/www.lacaldera.info\/ca\/activitats\/molar-secundaria<\/a><br><br>Despu\u00e9s, nos pusimos en marcha con el calentamiento, pero esta vez fue  diferente al de las otras sesiones: se trataba de buscar la diagonal. Lautaro nos dijo que serv\u00eda para fortalecer nuestros m\u00fasculos (m\u00e1s de la parte inferior), que era lo que necesit\u00e1bamos. Creemos que era por la posici\u00f3n de semiflexi\u00f3n que nos ped\u00eda.<\/p>\n\n\n\n<figure class=\"wp-block-image size-large\"><img loading=\"lazy\" decoding=\"async\" width=\"1024\" height=\"766\" src=\"https:\/\/blocsenresidencia.bcn.cat\/narcismonturiol2024\/wp-content\/uploads\/2024\/02\/IMG_20240117_120345-1024x766.jpg\" alt=\"\" class=\"wp-image-456\" srcset=\"https:\/\/blocsenresidencia.bcn.cat\/narcismonturiol2024\/wp-content\/uploads\/2024\/02\/IMG_20240117_120345-1024x766.jpg 1024w, https:\/\/blocsenresidencia.bcn.cat\/narcismonturiol2024\/wp-content\/uploads\/2024\/02\/IMG_20240117_120345-300x224.jpg 300w, https:\/\/blocsenresidencia.bcn.cat\/narcismonturiol2024\/wp-content\/uploads\/2024\/02\/IMG_20240117_120345-768x575.jpg 768w, https:\/\/blocsenresidencia.bcn.cat\/narcismonturiol2024\/wp-content\/uploads\/2024\/02\/IMG_20240117_120345-1536x1149.jpg 1536w, https:\/\/blocsenresidencia.bcn.cat\/narcismonturiol2024\/wp-content\/uploads\/2024\/02\/IMG_20240117_120345-2048x1532.jpg 2048w\" sizes=\"auto, (max-width: 767px) 89vw, (max-width: 1000px) 54vw, (max-width: 1071px) 543px, 580px\" \/><\/figure>\n\n\n\n<p><br>Y luego nos centramos en recordar nuestras figuras o esculturas y practicar las las transiciones. Mientras, Laurato iba ayud\u00e1ndonos a perfeccionarlas uno por uno.<\/p>\n\n\n\n<p>Las recomendaciones generales son:<\/p>\n\n\n\n<p>                    &#8211; Menos pasitos<\/p>\n\n\n\n<p>                    &#8211; M\u00e1s periferia (ampliar brazos y torso)<\/p>\n\n\n\n<p>                   &#8211;  M\u00e1s flexi\u00f3n<br><br>Sara, nuestra profesora, nos grab\u00f3 para que pudi\u00e9semos vernos y recordar los consejos de Lautaro. Tras ver los v\u00eddeos, hemos hecho estas REFLEXIONES PERSONALES:<br><br><strong>Valeria<\/strong>: Debo de mejorar en no acomodarme la ropa, el pelo, entrar al escenario de  forma normal, menos pasos, m\u00e1s periferia, m\u00e1s flexi\u00f3n y no distraerme con mis compa\u00f1eros.<br><br><strong>Nico<\/strong>: Una cosa que tengo que mejorar es no arreglarme (subirme el pantal\u00f3n\u2026) mientras estoy entrando al espacio, dicen que lo hago mucho aunque yo ni me entero de que lo hago. Es muy cansado tener que estar tanto rato con las piernas flexionadas mientras te vas moviendo. Tambi\u00e9n dicen que nos ponemos siempre con nuestros amigos, sobre todo los chicos, pero es que creo como todo el mundo, queremos estar con nuestros amigos.<br><br><strong>Marta<\/strong>: Yo creo que tengo que mejorar a la hora de cambiar de posiciones no hacer tantos pasitos entre medio.<br><br><strong>Esther<\/strong>: Viendo el video y todo lo que dijo Lautaro, me doy cuenta de que deber\u00eda ampliar un poco mis movimientos y seguir su consejo: pasar de la figura 2 a la 3 guiando a mi cuerpo con mi mano as\u00ed hacerlo todo m\u00e1s din\u00e1mico y amplio. Intentar\u00e9 utilizar todo esto para perfeccionar y pulir lo que hago. <br><\/p>\n\n\n\n<figure class=\"wp-block-video\"><video controls src=\"https:\/\/blocsenresidencia.bcn.cat\/narcismonturiol2024\/wp-content\/uploads\/2024\/02\/VID_20240117_122729-2.mp4\"><\/video><\/figure>\n\n\n\n<p><br><strong>Berta<\/strong>: Yo tengo que mejorar en ampliar los brazos y el torso.<br><br><strong>Noelia<\/strong>: Estuvo buena la sesi\u00f3n y me gust\u00f3 no hacer los otros ejercicios que eran de fuerza. Intent\u00e9 mejorar en no arreglarme, pero a\u00fan es complicado, el cabello es muy molesto. En general, todo bien.<br><br><strong>Enric<\/strong>: Yo tengo que mejorar el no juntarme tanto con mis amigos y tambi\u00e9n ampliar el torso.<br><br><strong>Sara<\/strong>: Hay algo que tengo que mejorar y es que muevo mucho los brazos o se me cansan muy r\u00e1pido, lo que hace que quiera bajarlos. Tengo que intentar mantenerlos m\u00e1s quietos y no bajarlos. <br><br><strong>Nora<\/strong>: A m\u00ed, en lo personal, me gust\u00f3 m\u00e1s esta sesi\u00f3n que la anterior porque fue m\u00e1s tranquila. Esta vez el calentamiento fue m\u00e1s relajado y m\u00e1s centrado en el equilibrio y no tanto en la fuerza. Lo que m\u00e1s me gust\u00f3 fue tener 10 minutos de relax.<br><br><strong>Dilan<\/strong>: deber\u00eda no arreglarme la ropa ni tocarme un poco la cara.<br><br><strong>Milena<\/strong>: Personalmente, creo que deber\u00eda dejar de hacer peque\u00f1os pasos entre las transiciones de figura en figura, ya que no se ve fluido. Tambi\u00e9n en alg\u00fan momento, al entrar al escenario me arreglo la ropa o el pelo y son cosas que deber\u00eda dejar de hacer. Tambi\u00e9n Lautaro me dijo que ten\u00eda que tener m\u00e1s periferia, porque el movimiento de mis brazos era muy cerrado. <\/p>\n\n\n\n<figure class=\"wp-block-video\"><video controls src=\"https:\/\/blocsenresidencia.bcn.cat\/narcismonturiol2024\/wp-content\/uploads\/2024\/02\/VID_20240117_123035.mp4\"><\/video><\/figure>\n\n\n\n<p><br><strong>Gabriela<\/strong>: Yo creo que tendr\u00eda que mejorar y acordarme de no recolocarme la ropa, el pelo o esas cosas e intentar no distraerme con mis compa\u00f1eros\/amigos.<br><br><strong>Gerard<\/strong>: Mi reflexi\u00f3n es que deber\u00eda borrar algunos movimientos como recolocarme la ropa, el pelo, etc. Tambi\u00e9n posicionarme lejos de amistades.<br><br><strong>Marc<\/strong>: Yo creo que tendr\u00eda que mejorar el hecho de no recolocarme tanto la ropa, rascarme, etc. Y tambi\u00e9n el tema de hablar, re\u00edrme y todas esas cosas.<br><br><strong>Santy<\/strong>: Tengo que mejorar el no rascarme la nariz al salir y no posicionarme con mis amigos.<br><\/p>\n\n\n\n<figure class=\"wp-block-video\"><video controls src=\"https:\/\/blocsenresidencia.bcn.cat\/narcismonturiol2024\/wp-content\/uploads\/2024\/02\/VID_20240117_132202.mp4\"><\/video><\/figure>\n","protected":false},"excerpt":{"rendered":"<p>La sesi\u00f3n empez\u00f3 con una invitaci\u00f3n muy interesante para ver un espect\u00e1culo de Quim Bigas que se titula Molar. Nos apetece mucho poder hacer una cosa diferente ya que no tenemos costumbre de ir a ver espect\u00e1culos de danza. Iremos a la Caldera, un espacio de creaci\u00f3n art\u00edstica, el pr\u00f3ximo martes d\u00eda 31 de enero. &hellip; <\/p>\n<p class=\"link-more\"><a href=\"https:\/\/blocsenresidencia.bcn.cat\/narcismonturiol2024\/sesion-12-17-01-24\/\" class=\"more-link\">Continua llegint <span class=\"screen-reader-text\">\u00abSESI\u00d3N 12 &#8211; 17\/01\/24\u00bb<\/span><\/a><\/p>\n","protected":false},"author":10,"featured_media":0,"comment_status":"open","ping_status":"open","sticky":false,"template":"","format":"standard","meta":{"footnotes":""},"categories":[1],"tags":[],"class_list":["post-452","post","type-post","status-publish","format-standard","hentry","category-general"],"_links":{"self":[{"href":"https:\/\/blocsenresidencia.bcn.cat\/narcismonturiol2024\/wp-json\/wp\/v2\/posts\/452","targetHints":{"allow":["GET"]}}],"collection":[{"href":"https:\/\/blocsenresidencia.bcn.cat\/narcismonturiol2024\/wp-json\/wp\/v2\/posts"}],"about":[{"href":"https:\/\/blocsenresidencia.bcn.cat\/narcismonturiol2024\/wp-json\/wp\/v2\/types\/post"}],"author":[{"embeddable":true,"href":"https:\/\/blocsenresidencia.bcn.cat\/narcismonturiol2024\/wp-json\/wp\/v2\/users\/10"}],"replies":[{"embeddable":true,"href":"https:\/\/blocsenresidencia.bcn.cat\/narcismonturiol2024\/wp-json\/wp\/v2\/comments?post=452"}],"version-history":[{"count":2,"href":"https:\/\/blocsenresidencia.bcn.cat\/narcismonturiol2024\/wp-json\/wp\/v2\/posts\/452\/revisions"}],"predecessor-version":[{"id":460,"href":"https:\/\/blocsenresidencia.bcn.cat\/narcismonturiol2024\/wp-json\/wp\/v2\/posts\/452\/revisions\/460"}],"wp:attachment":[{"href":"https:\/\/blocsenresidencia.bcn.cat\/narcismonturiol2024\/wp-json\/wp\/v2\/media?parent=452"}],"wp:term":[{"taxonomy":"category","embeddable":true,"href":"https:\/\/blocsenresidencia.bcn.cat\/narcismonturiol2024\/wp-json\/wp\/v2\/categories?post=452"},{"taxonomy":"post_tag","embeddable":true,"href":"https:\/\/blocsenresidencia.bcn.cat\/narcismonturiol2024\/wp-json\/wp\/v2\/tags?post=452"}],"curies":[{"name":"wp","href":"https:\/\/api.w.org\/{rel}","templated":true}]}}