{"id":543,"date":"2024-04-18T09:30:45","date_gmt":"2024-04-18T07:30:45","guid":{"rendered":"https:\/\/blocsenresidencia.bcn.cat\/narcismonturiol2024\/?p=543"},"modified":"2024-04-18T09:32:46","modified_gmt":"2024-04-18T07:32:46","slug":"sesion-21-03-04-2024","status":"publish","type":"post","link":"https:\/\/blocsenresidencia.bcn.cat\/narcismonturiol2024\/sesion-21-03-04-2024\/","title":{"rendered":"Sesi\u00f3n 21 &#8211; 03\/04\/2024"},"content":{"rendered":"\n<p>En el d\u00eda de hoy, comenzamos la clase con el ejercicio que introdujo Lautaro en la \u00faltima sesi\u00f3n, el de las palmadas, pero a\u00f1adiendo un movimiento de \u201cl\u00e1tigo\u201d con el tronco superior del cuerpo en vez de una palmada. Nuestro artista nos dijo que ten\u00edamos que tener cuidado en \u2018percutir el espacio\u2019. Es como si golpe\u00e1semos el espacio con todo nuestro cuerpo. Ten\u00edamos que hacerlo con una parte de nuestro cuerpo espec\u00edfica: nuestro tronco (nuestros hombros) ya que hab\u00eda mucha gente lo estaba haciendo con la cadera y eso Lautaro lo noto f\u00e1cilmente. Adem\u00e1s, nos fue poniendo diferentes m\u00fasicas para ese ejercicio. Hab\u00eda una canci\u00f3n que nos fue dif\u00edcil de marcar la negra ya que era una melod\u00eda que empezaba en <strong>upbeat o anacrusa<\/strong>: se refiere a un\u00a0pulso no acentuado que tiene lugar antes del primer pulso de la siguiente barra de comp\u00e1s. Lautaro lo hizo aposta, como una especie de reto para ver si lo not\u00e1bamos y consegu\u00edamos hacerlo bien.<\/p>\n\n\n\n<figure class=\"wp-block-image size-large\"><img loading=\"lazy\" decoding=\"async\" width=\"1024\" height=\"683\" src=\"https:\/\/blocsenresidencia.bcn.cat\/narcismonturiol2024\/wp-content\/uploads\/2024\/04\/IMG_0113-1024x683.jpg\" alt=\"\" class=\"wp-image-617\" srcset=\"https:\/\/blocsenresidencia.bcn.cat\/narcismonturiol2024\/wp-content\/uploads\/2024\/04\/IMG_0113-1024x683.jpg 1024w, https:\/\/blocsenresidencia.bcn.cat\/narcismonturiol2024\/wp-content\/uploads\/2024\/04\/IMG_0113-300x200.jpg 300w, https:\/\/blocsenresidencia.bcn.cat\/narcismonturiol2024\/wp-content\/uploads\/2024\/04\/IMG_0113-768x512.jpg 768w, https:\/\/blocsenresidencia.bcn.cat\/narcismonturiol2024\/wp-content\/uploads\/2024\/04\/IMG_0113-1536x1024.jpg 1536w, https:\/\/blocsenresidencia.bcn.cat\/narcismonturiol2024\/wp-content\/uploads\/2024\/04\/IMG_0113-2048x1365.jpg 2048w\" sizes=\"auto, (max-width: 767px) 89vw, (max-width: 1000px) 54vw, (max-width: 1071px) 543px, 580px\" \/><\/figure>\n\n\n\n<p><br>Despu\u00e9s, hicimos la primera entrada, pero tardamos m\u00e1s de 8 minutos en salir todos y, como en la exposici\u00f3n que haremos en mayo no podemos hacer eso, Lautaro nos puso una condici\u00f3n: cuando comience la m\u00fasica tendremos entre 10-20 segundos para salir la primera persona, y cuando ella salga, tendremos otros 10-20 segundos y as\u00ed sucesivamente.<br><br>Al practicar el giro nos dijo que no deb\u00edamos cruzar las piernas, ya que quedaba mal. Este ejercicio se ten\u00eda que hacer dos veces, es decir, dos giros y al tercero nos tendr\u00edamos que tumbar en el suelo. <br><\/p>\n\n\n\n<figure class=\"wp-block-gallery has-nested-images columns-default is-cropped wp-block-gallery-1 is-layout-flex wp-block-gallery-is-layout-flex\">\n<figure class=\"wp-block-image size-large\"><img loading=\"lazy\" decoding=\"async\" width=\"1024\" height=\"766\" data-id=\"562\" src=\"https:\/\/blocsenresidencia.bcn.cat\/narcismonturiol2024\/wp-content\/uploads\/2024\/04\/IMG_20240403_130651-1-1024x766.jpg\" alt=\"\" class=\"wp-image-562\" srcset=\"https:\/\/blocsenresidencia.bcn.cat\/narcismonturiol2024\/wp-content\/uploads\/2024\/04\/IMG_20240403_130651-1-1024x766.jpg 1024w, https:\/\/blocsenresidencia.bcn.cat\/narcismonturiol2024\/wp-content\/uploads\/2024\/04\/IMG_20240403_130651-1-300x224.jpg 300w, https:\/\/blocsenresidencia.bcn.cat\/narcismonturiol2024\/wp-content\/uploads\/2024\/04\/IMG_20240403_130651-1-768x575.jpg 768w, https:\/\/blocsenresidencia.bcn.cat\/narcismonturiol2024\/wp-content\/uploads\/2024\/04\/IMG_20240403_130651-1-1536x1149.jpg 1536w, https:\/\/blocsenresidencia.bcn.cat\/narcismonturiol2024\/wp-content\/uploads\/2024\/04\/IMG_20240403_130651-1-2048x1532.jpg 2048w\" sizes=\"auto, (max-width: 767px) 89vw, (max-width: 1000px) 54vw, (max-width: 1071px) 543px, 580px\" \/><\/figure>\n\n\n\n<figure class=\"wp-block-image size-large\"><img loading=\"lazy\" decoding=\"async\" width=\"1024\" height=\"575\" data-id=\"565\" src=\"https:\/\/blocsenresidencia.bcn.cat\/narcismonturiol2024\/wp-content\/uploads\/2024\/04\/IMG_0145-1-1024x575.jpg\" alt=\"\" class=\"wp-image-565\" srcset=\"https:\/\/blocsenresidencia.bcn.cat\/narcismonturiol2024\/wp-content\/uploads\/2024\/04\/IMG_0145-1-1024x575.jpg 1024w, https:\/\/blocsenresidencia.bcn.cat\/narcismonturiol2024\/wp-content\/uploads\/2024\/04\/IMG_0145-1-300x169.jpg 300w, https:\/\/blocsenresidencia.bcn.cat\/narcismonturiol2024\/wp-content\/uploads\/2024\/04\/IMG_0145-1-768x431.jpg 768w, https:\/\/blocsenresidencia.bcn.cat\/narcismonturiol2024\/wp-content\/uploads\/2024\/04\/IMG_0145-1-1536x863.jpg 1536w, https:\/\/blocsenresidencia.bcn.cat\/narcismonturiol2024\/wp-content\/uploads\/2024\/04\/IMG_0145-1-2048x1150.jpg 2048w\" sizes=\"auto, (max-width: 767px) 89vw, (max-width: 1000px) 54vw, (max-width: 1071px) 543px, 580px\" \/><\/figure>\n<\/figure>\n\n\n\n<p>Para acabar, Lautaro a\u00f1adi\u00f3 un nuevo ejercicio. Este consist\u00eda en levantar lentamente una mano y, cuando esta estaba a medio camino de la verticalidad, levantar la otra. Para este ejercicio ten\u00edamos que activar los dedos y que el movimiento fuera muy lento.<\/p>\n\n\n\n<figure class=\"wp-block-video\"><video controls src=\"https:\/\/blocsenresidencia.bcn.cat\/narcismonturiol2024\/wp-content\/uploads\/2024\/04\/VID_20240403_131626.mp4\"><\/video><\/figure>\n\n\n\n<p><\/p>\n","protected":false},"excerpt":{"rendered":"<p>En el d\u00eda de hoy, comenzamos la clase con el ejercicio que introdujo Lautaro en la \u00faltima sesi\u00f3n, el de las palmadas, pero a\u00f1adiendo un movimiento de \u201cl\u00e1tigo\u201d con el tronco superior del cuerpo en vez de una palmada. Nuestro artista nos dijo que ten\u00edamos que tener cuidado en \u2018percutir el espacio\u2019. Es como si &hellip; <\/p>\n<p class=\"link-more\"><a href=\"https:\/\/blocsenresidencia.bcn.cat\/narcismonturiol2024\/sesion-21-03-04-2024\/\" class=\"more-link\">Continua llegint <span class=\"screen-reader-text\">\u00abSesi\u00f3n 21 &#8211; 03\/04\/2024\u00bb<\/span><\/a><\/p>\n","protected":false},"author":20,"featured_media":0,"comment_status":"open","ping_status":"open","sticky":false,"template":"","format":"standard","meta":{"footnotes":""},"categories":[1],"tags":[],"class_list":["post-543","post","type-post","status-publish","format-standard","hentry","category-general"],"_links":{"self":[{"href":"https:\/\/blocsenresidencia.bcn.cat\/narcismonturiol2024\/wp-json\/wp\/v2\/posts\/543","targetHints":{"allow":["GET"]}}],"collection":[{"href":"https:\/\/blocsenresidencia.bcn.cat\/narcismonturiol2024\/wp-json\/wp\/v2\/posts"}],"about":[{"href":"https:\/\/blocsenresidencia.bcn.cat\/narcismonturiol2024\/wp-json\/wp\/v2\/types\/post"}],"author":[{"embeddable":true,"href":"https:\/\/blocsenresidencia.bcn.cat\/narcismonturiol2024\/wp-json\/wp\/v2\/users\/20"}],"replies":[{"embeddable":true,"href":"https:\/\/blocsenresidencia.bcn.cat\/narcismonturiol2024\/wp-json\/wp\/v2\/comments?post=543"}],"version-history":[{"count":6,"href":"https:\/\/blocsenresidencia.bcn.cat\/narcismonturiol2024\/wp-json\/wp\/v2\/posts\/543\/revisions"}],"predecessor-version":[{"id":620,"href":"https:\/\/blocsenresidencia.bcn.cat\/narcismonturiol2024\/wp-json\/wp\/v2\/posts\/543\/revisions\/620"}],"wp:attachment":[{"href":"https:\/\/blocsenresidencia.bcn.cat\/narcismonturiol2024\/wp-json\/wp\/v2\/media?parent=543"}],"wp:term":[{"taxonomy":"category","embeddable":true,"href":"https:\/\/blocsenresidencia.bcn.cat\/narcismonturiol2024\/wp-json\/wp\/v2\/categories?post=543"},{"taxonomy":"post_tag","embeddable":true,"href":"https:\/\/blocsenresidencia.bcn.cat\/narcismonturiol2024\/wp-json\/wp\/v2\/tags?post=543"}],"curies":[{"name":"wp","href":"https:\/\/api.w.org\/{rel}","templated":true}]}}