{"id":39,"date":"2022-12-27T10:15:32","date_gmt":"2022-12-27T08:15:32","guid":{"rendered":"https:\/\/blocsenresidencia.bcn.cat\/recomtal2023\/?p=39"},"modified":"2022-12-27T10:15:32","modified_gmt":"2022-12-27T08:15:32","slug":"les-nostres-primeres-impressions","status":"publish","type":"post","link":"https:\/\/blocsenresidencia.bcn.cat\/recomtal2023\/2022\/12\/27\/les-nostres-primeres-impressions\/","title":{"rendered":"Les nostres primeres impressions"},"content":{"rendered":"\n<p>L&#8217;alumnat de 1rB de l&#8217;institut Rec Comtal t\u00e9 la sort de fer un projecte art\u00edstic amb l&#8217;artista pl\u00e0stic Albert Gusi. A poc a poc els joves han anat conceptualitzant el concepte de la proposta. Tamb\u00e9, i gr\u00e0cies a les bones intencions de l&#8217;Albert i la Neus s&#8217;ha establert una relaci\u00f3 de confian\u00e7a que permet assolir cada cop m\u00e9s els objectius plantejats amb m\u00e9s flu\u00efdesa i motivaci\u00f3.<\/p>\n\n\n\n<p>No \u00e9s un repte f\u00e0cil, per\u00f2 cadasc\u00fa de nosaltres estem experimentant i tothom al seu ritme est\u00e0 gaudint. De manera general, i segons les impressions i opinions\u00a0 que han escrit, l&#8217;activitat setmanal els agrada.\u00a0 Agraeixen realitzar una activitat fora del curr\u00edculum escolar. Els aprenents aprecien les estones a l&#8217;aire lliure i l&#8217;activitat preferida ha estat l&#8217;intercanvi intergeneracional amb el ve\u00efnat.\u00a0 El mes passat, a classe, van preparar unes entrevistes i vam anar a la pla\u00e7a. Les persones del barri van ser receptives i participatives. Els nois i noies van descobrir el seu barri des d&#8217;una nova mirada. Amb ganes de seguir fent cam\u00ed junts els propers mesos, us deixem aquest v\u00eddeo per a qu\u00e8 pogueu escoltar algunes alumnes de la classe.<\/p>\n\n\n\n<figure class=\"wp-block-video\"><video controls src=\"https:\/\/blocsenresidencia.bcn.cat\/recomtal2023\/wp-content\/uploads\/2022\/12\/ArtistaEnResidenciaRecComtalVideo480.mov\"><\/video><\/figure>\n","protected":false},"excerpt":{"rendered":"<p>L&#8217;alumnat de 1rB de l&#8217;institut Rec Comtal t\u00e9 la sort de fer un projecte art\u00edstic amb l&#8217;artista pl\u00e0stic Albert Gusi. A poc a poc els joves han anat conceptualitzant el concepte de la proposta. Tamb\u00e9, i gr\u00e0cies a les bones intencions de l&#8217;Albert i la Neus s&#8217;ha establert una relaci\u00f3 de confian\u00e7a que permet assolir &hellip; <\/p>\n<p class=\"link-more\"><a href=\"https:\/\/blocsenresidencia.bcn.cat\/recomtal2023\/2022\/12\/27\/les-nostres-primeres-impressions\/\" class=\"more-link\">Continua llegint <span class=\"screen-reader-text\">\u00abLes nostres primeres impressions\u00bb<\/span><\/a><\/p>\n","protected":false},"author":6,"featured_media":0,"comment_status":"open","ping_status":"open","sticky":false,"template":"","format":"standard","meta":{"footnotes":""},"categories":[1],"tags":[],"class_list":["post-39","post","type-post","status-publish","format-standard","hentry","category-general"],"_links":{"self":[{"href":"https:\/\/blocsenresidencia.bcn.cat\/recomtal2023\/wp-json\/wp\/v2\/posts\/39","targetHints":{"allow":["GET"]}}],"collection":[{"href":"https:\/\/blocsenresidencia.bcn.cat\/recomtal2023\/wp-json\/wp\/v2\/posts"}],"about":[{"href":"https:\/\/blocsenresidencia.bcn.cat\/recomtal2023\/wp-json\/wp\/v2\/types\/post"}],"author":[{"embeddable":true,"href":"https:\/\/blocsenresidencia.bcn.cat\/recomtal2023\/wp-json\/wp\/v2\/users\/6"}],"replies":[{"embeddable":true,"href":"https:\/\/blocsenresidencia.bcn.cat\/recomtal2023\/wp-json\/wp\/v2\/comments?post=39"}],"version-history":[{"count":4,"href":"https:\/\/blocsenresidencia.bcn.cat\/recomtal2023\/wp-json\/wp\/v2\/posts\/39\/revisions"}],"predecessor-version":[{"id":44,"href":"https:\/\/blocsenresidencia.bcn.cat\/recomtal2023\/wp-json\/wp\/v2\/posts\/39\/revisions\/44"}],"wp:attachment":[{"href":"https:\/\/blocsenresidencia.bcn.cat\/recomtal2023\/wp-json\/wp\/v2\/media?parent=39"}],"wp:term":[{"taxonomy":"category","embeddable":true,"href":"https:\/\/blocsenresidencia.bcn.cat\/recomtal2023\/wp-json\/wp\/v2\/categories?post=39"},{"taxonomy":"post_tag","embeddable":true,"href":"https:\/\/blocsenresidencia.bcn.cat\/recomtal2023\/wp-json\/wp\/v2\/tags?post=39"}],"curies":[{"name":"wp","href":"https:\/\/api.w.org\/{rel}","templated":true}]}}