{"id":1,"date":"2023-09-25T18:02:00","date_gmt":"2023-09-25T16:02:00","guid":{"rendered":"https:\/\/blocsenresidencia.bcn.cat\/ribera2024\/?p=1"},"modified":"2023-09-26T17:42:45","modified_gmt":"2023-09-26T15:42:45","slug":"rodrigo-lavina-en-residencia-a-linstitut-la-ribera","status":"publish","type":"post","link":"https:\/\/blocsenresidencia.bcn.cat\/ribera2024\/rodrigo-lavina-en-residencia-a-linstitut-la-ribera\/","title":{"rendered":"Rodrigo Lavi\u00f1a EN RESiD\u00c8NCiA a l\u2019Institut La Ribera"},"content":{"rendered":"\n<p>Rodrigo Lavi\u00f1a ja ha iniciat el proc\u00e9s de creaci\u00f3 EN RESiD\u00c8NCiA a l\u2019Institut\u00a0 La Ribera, al barri de la Ribera (Montcada i Reixac). En aquest blog podreu seguir els moments clau d\u2019un proc\u00e9s obert, amb un final no predefinit. Fins molt aviat!!<\/p>\n","protected":false},"excerpt":{"rendered":"<p>Rodrigo Lavi\u00f1a ja ha iniciat el proc\u00e9s de creaci\u00f3 EN RESiD\u00c8NCiA a l\u2019Institut\u00a0 La Ribera, al barri de la Ribera (Montcada i Reixac). En aquest blog podreu seguir els moments clau d\u2019un proc\u00e9s obert, amb un final no predefinit. Fins molt aviat!!<\/p>\n","protected":false},"author":1,"featured_media":0,"comment_status":"closed","ping_status":"open","sticky":false,"template":"","format":"standard","meta":{"footnotes":""},"categories":[1],"tags":[],"class_list":["post-1","post","type-post","status-publish","format-standard","hentry","category-general"],"_links":{"self":[{"href":"https:\/\/blocsenresidencia.bcn.cat\/ribera2024\/wp-json\/wp\/v2\/posts\/1","targetHints":{"allow":["GET"]}}],"collection":[{"href":"https:\/\/blocsenresidencia.bcn.cat\/ribera2024\/wp-json\/wp\/v2\/posts"}],"about":[{"href":"https:\/\/blocsenresidencia.bcn.cat\/ribera2024\/wp-json\/wp\/v2\/types\/post"}],"author":[{"embeddable":true,"href":"https:\/\/blocsenresidencia.bcn.cat\/ribera2024\/wp-json\/wp\/v2\/users\/1"}],"replies":[{"embeddable":true,"href":"https:\/\/blocsenresidencia.bcn.cat\/ribera2024\/wp-json\/wp\/v2\/comments?post=1"}],"version-history":[{"count":6,"href":"https:\/\/blocsenresidencia.bcn.cat\/ribera2024\/wp-json\/wp\/v2\/posts\/1\/revisions"}],"predecessor-version":[{"id":295,"href":"https:\/\/blocsenresidencia.bcn.cat\/ribera2024\/wp-json\/wp\/v2\/posts\/1\/revisions\/295"}],"wp:attachment":[{"href":"https:\/\/blocsenresidencia.bcn.cat\/ribera2024\/wp-json\/wp\/v2\/media?parent=1"}],"wp:term":[{"taxonomy":"category","embeddable":true,"href":"https:\/\/blocsenresidencia.bcn.cat\/ribera2024\/wp-json\/wp\/v2\/categories?post=1"},{"taxonomy":"post_tag","embeddable":true,"href":"https:\/\/blocsenresidencia.bcn.cat\/ribera2024\/wp-json\/wp\/v2\/tags?post=1"}],"curies":[{"name":"wp","href":"https:\/\/api.w.org\/{rel}","templated":true}]}}