{"id":308,"date":"2024-01-07T21:51:12","date_gmt":"2024-01-07T19:51:12","guid":{"rendered":"https:\/\/blocsenresidencia.bcn.cat\/ribera2024\/?p=308"},"modified":"2024-01-07T21:51:12","modified_gmt":"2024-01-07T19:51:12","slug":"la-nostra-vida-en-objectes","status":"publish","type":"post","link":"https:\/\/blocsenresidencia.bcn.cat\/ribera2024\/la-nostra-vida-en-objectes\/","title":{"rendered":"LA NOSTRA VIDA EN OBJECTES"},"content":{"rendered":"\n<p>El dijous passat vam portar cadascun un objecte que significa alguna cosa per a nosaltres i tamb\u00e9 vam treballar el segon aspecte del projecte, la biografia. Ens vam asseure en rotllana i cadasc\u00fa va comen\u00e7ar a explicar i mostrar el que ha portat.<\/p>\n\n\n\n<p>Durant aquesta activitat en rotllana van sortir aspectes molt personals, an\u00e8cdotes divertides, experi\u00e8ncies diferents tot comentant alguns dels&nbsp; objectes que tenien relaci\u00f3 amb la nostra inf\u00e0ncia i que s\u00f3n importants per a nosaltres. Vam recordar, tamb\u00e9, familiars que ja no estan amb nosaltres i que trobem a faltar, antigues amistats, an\u00e8cdotes de la inf\u00e0ncia i els nostres passatemps i com ens distraiem en moments d\u2019avorriment i de com ara poden o no ser ja tan importants com ho havien sigut.<\/p>\n\n\n\n<p>A poc a poc, vam aprendre l\u2019important que havien sigut aquells moments, emocions i objectes per a nosaltres. La inf\u00e0ncia ens va ensenyar com ens hem fet grans al llarg del temps, la fam\u00edlia, el m\u00e9s important per a molts de nosaltres i com els trobem a faltar, amb els amics\/amigues que s\u00f3n parts crucials de la nostra vida. Recuperant els records sobre la inf\u00e0ncia tornem darrere a veure el que hem viscut i el temps que ha passat i amb aquesta visi\u00f3, ens adonem del que ens agrada i del que considerem important.&nbsp;Aix\u00ed doncs, amb aquesta activitat, hem apr\u00e8s a donar <strong>VALOR <\/strong>a tot el que hem viscut i el que hem crescut. Ens ha ajudat a con\u00e8ixer m\u00e9s sobre nosaltres i els nostres companys.<\/p>\n\n\n\n<div class=\"wp-block-file\"><a id=\"wp-block-file--media-5cfe8550-4052-40da-be21-96382df5ede0\" href=\"https:\/\/blocsenresidencia.bcn.cat\/ribera2024\/wp-content\/uploads\/2024\/01\/IMG20231214132224-1-scaled.jpg\">Barret de l&#8217;av\u00ec<\/a><a href=\"https:\/\/blocsenresidencia.bcn.cat\/ribera2024\/wp-content\/uploads\/2024\/01\/IMG20231214132224-1-scaled.jpg\" class=\"wp-block-file__button wp-element-button\" download aria-describedby=\"wp-block-file--media-5cfe8550-4052-40da-be21-96382df5ede0\">Barret de l&#8217;avi<\/a><\/div>\n\n\n\n<div class=\"wp-block-file\"><a id=\"wp-block-file--media-c8582481-cf38-4ec6-9f15-9eb0ad517fa1\" href=\"https:\/\/blocsenresidencia.bcn.cat\/ribera2024\/wp-content\/uploads\/2024\/01\/WhatsApp-Image-2023-11-27-at-10.48.40.jpeg\">Polsera <\/a><a href=\"https:\/\/blocsenresidencia.bcn.cat\/ribera2024\/wp-content\/uploads\/2024\/01\/WhatsApp-Image-2023-11-27-at-10.48.40.jpeg\" class=\"wp-block-file__button wp-element-button\" download aria-describedby=\"wp-block-file--media-c8582481-cf38-4ec6-9f15-9eb0ad517fa1\">Polsera d&#8217;acer<\/a><\/div>\n\n\n\n<div class=\"wp-block-file\"><a id=\"wp-block-file--media-77adef59-63d7-4068-84c9-d75e35e0598c\" href=\"https:\/\/blocsenresidencia.bcn.cat\/ribera2024\/wp-content\/uploads\/2024\/01\/IMG20231129175216-1-scaled.jpg\">Vambes de futbol<\/a><a href=\"https:\/\/blocsenresidencia.bcn.cat\/ribera2024\/wp-content\/uploads\/2024\/01\/IMG20231129175216-1-scaled.jpg\" class=\"wp-block-file__button wp-element-button\" download aria-describedby=\"wp-block-file--media-77adef59-63d7-4068-84c9-d75e35e0598c\">Vambes de futbol <\/a><\/div>\n","protected":false},"excerpt":{"rendered":"<p>El dijous passat vam portar cadascun un objecte que significa alguna cosa per a nosaltres i tamb\u00e9 vam treballar el segon aspecte del projecte, la biografia. Ens vam asseure en rotllana i cadasc\u00fa va comen\u00e7ar a explicar i mostrar el que ha portat. Durant aquesta activitat en rotllana van sortir aspectes molt personals, an\u00e8cdotes divertides, &hellip; <\/p>\n<p class=\"link-more\"><a href=\"https:\/\/blocsenresidencia.bcn.cat\/ribera2024\/la-nostra-vida-en-objectes\/\" class=\"more-link\">Continua llegint <span class=\"screen-reader-text\">\u00abLA NOSTRA VIDA EN OBJECTES\u00bb<\/span><\/a><\/p>\n","protected":false},"author":10,"featured_media":0,"comment_status":"open","ping_status":"open","sticky":false,"template":"","format":"standard","meta":{"footnotes":""},"categories":[4],"tags":[],"class_list":["post-308","post","type-post","status-publish","format-standard","hentry","category-rodrigo-lavina-a-linstitut-la-ribera"],"_links":{"self":[{"href":"https:\/\/blocsenresidencia.bcn.cat\/ribera2024\/wp-json\/wp\/v2\/posts\/308","targetHints":{"allow":["GET"]}}],"collection":[{"href":"https:\/\/blocsenresidencia.bcn.cat\/ribera2024\/wp-json\/wp\/v2\/posts"}],"about":[{"href":"https:\/\/blocsenresidencia.bcn.cat\/ribera2024\/wp-json\/wp\/v2\/types\/post"}],"author":[{"embeddable":true,"href":"https:\/\/blocsenresidencia.bcn.cat\/ribera2024\/wp-json\/wp\/v2\/users\/10"}],"replies":[{"embeddable":true,"href":"https:\/\/blocsenresidencia.bcn.cat\/ribera2024\/wp-json\/wp\/v2\/comments?post=308"}],"version-history":[{"count":1,"href":"https:\/\/blocsenresidencia.bcn.cat\/ribera2024\/wp-json\/wp\/v2\/posts\/308\/revisions"}],"predecessor-version":[{"id":314,"href":"https:\/\/blocsenresidencia.bcn.cat\/ribera2024\/wp-json\/wp\/v2\/posts\/308\/revisions\/314"}],"wp:attachment":[{"href":"https:\/\/blocsenresidencia.bcn.cat\/ribera2024\/wp-json\/wp\/v2\/media?parent=308"}],"wp:term":[{"taxonomy":"category","embeddable":true,"href":"https:\/\/blocsenresidencia.bcn.cat\/ribera2024\/wp-json\/wp\/v2\/categories?post=308"},{"taxonomy":"post_tag","embeddable":true,"href":"https:\/\/blocsenresidencia.bcn.cat\/ribera2024\/wp-json\/wp\/v2\/tags?post=308"}],"curies":[{"name":"wp","href":"https:\/\/api.w.org\/{rel}","templated":true}]}}