{"id":315,"date":"2024-01-07T22:04:14","date_gmt":"2024-01-07T20:04:14","guid":{"rendered":"https:\/\/blocsenresidencia.bcn.cat\/ribera2024\/?p=315"},"modified":"2024-01-07T22:04:34","modified_gmt":"2024-01-07T20:04:34","slug":"les-cartes-que-ens-guien","status":"publish","type":"post","link":"https:\/\/blocsenresidencia.bcn.cat\/ribera2024\/les-cartes-que-ens-guien\/","title":{"rendered":"LES CARTES QUE ENS GUIEN"},"content":{"rendered":"\n<p>A finals de novembre, vam sortir al carrer a fer una activitat que consistia en unes cartes que vam dissenyar nosaltres mateixos el dilluns de la mateixa setmana. Cadascun de nosaltres vam escriure unes direccions o indicacions diferents en unes targetes. Com per exemple \u201ccamina fins que trobis\u2026\u201d \u201cPara quan vegis\u2026\u201d<\/p>\n\n\n\n<p>Abans de comen\u00e7ar, vam anar fins al mig del carrer Major, i vam comen\u00e7ar a agafar cartes. Aquestes ens van guiar a diferents llocs del municipi. Va arribar un moment que ens vam dirigir cap al pol\u00edgon de la Ferreria, en Rodrigo i Marc es van estranyar per on viv\u00edem, per les condicions tan industrials que ens envolten. Es van fixar en les vies del tren que ens creuen cont\u00ednuament en el cel, i es van sorprendre. Nosaltres, no ens va sorprendre, ja que vam n\u00e9ixer aqu\u00ed i ja est\u00e0vem acostumats. El que ens va sobtar va ser la seva actitud enfront una situaci\u00f3, per nosaltres, quotidiana.<\/p>\n\n\n\n<p>Un cop al pol\u00edgon, ens vam aturar i vam reflexionar. Al nostre voltant, hi havia naus industrials, f\u00e0briques i a m\u00e9s a m\u00e9s una benzinera davant d\u2019un altre institut de la nostra localitat amb una enorme torre el\u00e8ctrica enfront. Vam adonar-nos que est\u00e0vem tan acostumats que no ens hav\u00edem adonat de la quantitat de brut\u00edcia i contaminaci\u00f3 que hi ha al nostre voltant. Al voltant de la joventut.<\/p>\n","protected":false},"excerpt":{"rendered":"<p>A finals de novembre, vam sortir al carrer a fer una activitat que consistia en unes cartes que vam dissenyar nosaltres mateixos el dilluns de la mateixa setmana. Cadascun de nosaltres vam escriure unes direccions o indicacions diferents en unes targetes. Com per exemple \u201ccamina fins que trobis\u2026\u201d \u201cPara quan vegis\u2026\u201d Abans de comen\u00e7ar, vam &hellip; <\/p>\n<p class=\"link-more\"><a href=\"https:\/\/blocsenresidencia.bcn.cat\/ribera2024\/les-cartes-que-ens-guien\/\" class=\"more-link\">Continua llegint <span class=\"screen-reader-text\">\u00abLES CARTES QUE ENS GUIEN\u00bb<\/span><\/a><\/p>\n","protected":false},"author":10,"featured_media":0,"comment_status":"open","ping_status":"open","sticky":false,"template":"","format":"standard","meta":{"footnotes":""},"categories":[4],"tags":[],"class_list":["post-315","post","type-post","status-publish","format-standard","hentry","category-rodrigo-lavina-a-linstitut-la-ribera"],"_links":{"self":[{"href":"https:\/\/blocsenresidencia.bcn.cat\/ribera2024\/wp-json\/wp\/v2\/posts\/315","targetHints":{"allow":["GET"]}}],"collection":[{"href":"https:\/\/blocsenresidencia.bcn.cat\/ribera2024\/wp-json\/wp\/v2\/posts"}],"about":[{"href":"https:\/\/blocsenresidencia.bcn.cat\/ribera2024\/wp-json\/wp\/v2\/types\/post"}],"author":[{"embeddable":true,"href":"https:\/\/blocsenresidencia.bcn.cat\/ribera2024\/wp-json\/wp\/v2\/users\/10"}],"replies":[{"embeddable":true,"href":"https:\/\/blocsenresidencia.bcn.cat\/ribera2024\/wp-json\/wp\/v2\/comments?post=315"}],"version-history":[{"count":1,"href":"https:\/\/blocsenresidencia.bcn.cat\/ribera2024\/wp-json\/wp\/v2\/posts\/315\/revisions"}],"predecessor-version":[{"id":316,"href":"https:\/\/blocsenresidencia.bcn.cat\/ribera2024\/wp-json\/wp\/v2\/posts\/315\/revisions\/316"}],"wp:attachment":[{"href":"https:\/\/blocsenresidencia.bcn.cat\/ribera2024\/wp-json\/wp\/v2\/media?parent=315"}],"wp:term":[{"taxonomy":"category","embeddable":true,"href":"https:\/\/blocsenresidencia.bcn.cat\/ribera2024\/wp-json\/wp\/v2\/categories?post=315"},{"taxonomy":"post_tag","embeddable":true,"href":"https:\/\/blocsenresidencia.bcn.cat\/ribera2024\/wp-json\/wp\/v2\/tags?post=315"}],"curies":[{"name":"wp","href":"https:\/\/api.w.org\/{rel}","templated":true}]}}