{"id":321,"date":"2024-01-07T22:46:34","date_gmt":"2024-01-07T20:46:34","guid":{"rendered":"https:\/\/blocsenresidencia.bcn.cat\/ribera2024\/?p=321"},"modified":"2024-01-07T22:47:05","modified_gmt":"2024-01-07T20:47:05","slug":"la-identitat-amb-joan-capella","status":"publish","type":"post","link":"https:\/\/blocsenresidencia.bcn.cat\/ribera2024\/la-identitat-amb-joan-capella\/","title":{"rendered":"LA IDENTITAT AMB JOAN CAPELLA."},"content":{"rendered":"\n<p><strong>                                                                      <\/strong><img loading=\"lazy\" decoding=\"async\" width=\"182\" height=\"277\" src=\"https:\/\/lh7-us.googleusercontent.com\/BoFuGYLELfqOZWuhi9wFvtbzn8WPosccznwy2wsLRwcw1V20Isp94VWMMZJZipTBEqv_24ilH5P1dZmyyuHpVTrq6oZjxoHgnJUoiYRl1KRTrM0-bhU9UXm26yroM1gw7KbrtMAQ7cmPz4lQhFJ79Hw\"><\/p>\n\n\n\n<p>Com ja hem dit anteriorment en el blog, la primera via de reflexi\u00f3 en aquest programa d&#8217;En Resid\u00e8ncia ha sigut el redescobriment del nostre entorn, veure el nostre municipi amb uns altres ulls, treballar<strong> el territori<\/strong>. La segona via de reflexi\u00f3, se centrava en la nostra pr\u00f2pia vida,<strong> la biografia<\/strong>. En tercer i \u00faltim lloc, comencem el cam\u00ed cap a la reflexi\u00f3 sobre <strong>la identitat.<\/strong> Per aquest motiu, en una de les darreres sessions del curs, vam reflexionar sobre els diferents artistes que eren fills i filles de Montcada, en especial, de Joan Capella.\u00a0<\/p>\n\n\n\n<p>Joan Capella va n\u00e9ixer el 27 d\u2019octubre del 1927 a Montcada i Reixac, es considerava artista i pintor, i a trav\u00e9s d\u2019ell hem apr\u00e8s que Montcada t\u00e9 una projecci\u00f3 internacional en el m\u00f3n de l\u2019art. Al principi de la sessi\u00f3, tots ens vam mostrar incr\u00e8duls de qu\u00e8 alg\u00fa de Montcada hagu\u00e9s pogut gaudir de certa fama, encara menys, un artista.<\/p>\n\n\n\n<p>Aquest pintor cubista va dissenyar el logo del nostre institut i <strong>va donar valor a la quotidianitat del nostre poble<\/strong>, amb la seva visi\u00f3 i les diferents influ\u00e8ncies art\u00edstiques, va tenir un ampli reconeixement de les seves obres pict\u00f2riques.<\/p>\n\n\n\n<p>Aquest fet ens va sorprendre molt perqu\u00e8 no pens\u00e0vem que cap artista es fixaria en el nostre poble i li donaria el valor que li va donar ell.<br><img loading=\"lazy\" decoding=\"async\" src=\"https:\/\/lh7-us.googleusercontent.com\/-Bdww0mxANislY6FkUZfiYZFzBWRfJx_m8VD5JFqhlTyKCbka8LGRHyb-KRFZtkfw8cjVLm9_X_M1a58pWv0PLVX5ZMwXt4-uigzVWk8G9MrK8IL5k99odtvS78cpIxPzpLCmjInlUQu-Zc0D0k_pMY\" width=\"273\" height=\"220\"><\/p>\n\n\n\n<p><em>Ermita de Sant Pere de Reixac per Joan Capella.<\/em><\/p>\n","protected":false},"excerpt":{"rendered":"<p>Com ja hem dit anteriorment en el blog, la primera via de reflexi\u00f3 en aquest programa d&#8217;En Resid\u00e8ncia ha sigut el redescobriment del nostre entorn, veure el nostre municipi amb uns altres ulls, treballar el territori. La segona via de reflexi\u00f3, se centrava en la nostra pr\u00f2pia vida, la biografia. En tercer i \u00faltim lloc, &hellip; <\/p>\n<p class=\"link-more\"><a href=\"https:\/\/blocsenresidencia.bcn.cat\/ribera2024\/la-identitat-amb-joan-capella\/\" class=\"more-link\">Continua llegint <span class=\"screen-reader-text\">\u00abLA IDENTITAT AMB JOAN CAPELLA.\u00bb<\/span><\/a><\/p>\n","protected":false},"author":10,"featured_media":0,"comment_status":"open","ping_status":"open","sticky":false,"template":"","format":"standard","meta":{"footnotes":""},"categories":[4,1],"tags":[],"class_list":["post-321","post","type-post","status-publish","format-standard","hentry","category-rodrigo-lavina-a-linstitut-la-ribera","category-general"],"_links":{"self":[{"href":"https:\/\/blocsenresidencia.bcn.cat\/ribera2024\/wp-json\/wp\/v2\/posts\/321","targetHints":{"allow":["GET"]}}],"collection":[{"href":"https:\/\/blocsenresidencia.bcn.cat\/ribera2024\/wp-json\/wp\/v2\/posts"}],"about":[{"href":"https:\/\/blocsenresidencia.bcn.cat\/ribera2024\/wp-json\/wp\/v2\/types\/post"}],"author":[{"embeddable":true,"href":"https:\/\/blocsenresidencia.bcn.cat\/ribera2024\/wp-json\/wp\/v2\/users\/10"}],"replies":[{"embeddable":true,"href":"https:\/\/blocsenresidencia.bcn.cat\/ribera2024\/wp-json\/wp\/v2\/comments?post=321"}],"version-history":[{"count":1,"href":"https:\/\/blocsenresidencia.bcn.cat\/ribera2024\/wp-json\/wp\/v2\/posts\/321\/revisions"}],"predecessor-version":[{"id":322,"href":"https:\/\/blocsenresidencia.bcn.cat\/ribera2024\/wp-json\/wp\/v2\/posts\/321\/revisions\/322"}],"wp:attachment":[{"href":"https:\/\/blocsenresidencia.bcn.cat\/ribera2024\/wp-json\/wp\/v2\/media?parent=321"}],"wp:term":[{"taxonomy":"category","embeddable":true,"href":"https:\/\/blocsenresidencia.bcn.cat\/ribera2024\/wp-json\/wp\/v2\/categories?post=321"},{"taxonomy":"post_tag","embeddable":true,"href":"https:\/\/blocsenresidencia.bcn.cat\/ribera2024\/wp-json\/wp\/v2\/tags?post=321"}],"curies":[{"name":"wp","href":"https:\/\/api.w.org\/{rel}","templated":true}]}}