{"id":340,"date":"2024-04-01T20:02:02","date_gmt":"2024-04-01T18:02:02","guid":{"rendered":"https:\/\/blocsenresidencia.bcn.cat\/ribera2024\/?p=340"},"modified":"2024-04-01T20:02:02","modified_gmt":"2024-04-01T18:02:02","slug":"creem-la-nostra-musica-amb-livan","status":"publish","type":"post","link":"https:\/\/blocsenresidencia.bcn.cat\/ribera2024\/creem-la-nostra-musica-amb-livan\/","title":{"rendered":"CREEM LA NOSTRA M\u00daSICA Amb l\u2019Ivan"},"content":{"rendered":"\n<p><\/p>\n\n\n\n<p>Ivan Vizcaya, <em>l\u2019amazing b\u00e8stia<\/em>, productor i t\u00e8cnic de so i un amic del Rodrigo, ha vingut a fer-nos un taller i ensenyar-nos com crear un <strong><em>sample.<\/em><\/strong><\/p>\n\n\n\n<p><img loading=\"lazy\" decoding=\"async\" width=\"236\" height=\"156\" src=\"https:\/\/lh7-us.googleusercontent.com\/sDvafLbwMA2yzm_v-BczZFK-PKfdlAl2VZu55OicoXxrS1JSn5xGYyKIaoa87KG2OIIVgx-xCyZNy4JJNImeqObMD2fH4uJUEyA2Y0pPVLpw_w7Gbk1xxTFDcY0se7Ze0ywav-yiVcguq1LPYN8Y18o\"><\/p>\n\n\n\n<p>Per aix\u00f2, ell va portar unes tauletes per tothom i ens va introduir una aplicaci\u00f3 que es diu <strong><em>Koala Sampler<\/em><\/strong>, serveix per fer bases instrumentals i ritmes.<\/p>\n\n\n\n<p><img loading=\"lazy\" decoding=\"async\" width=\"91\" height=\"166\" src=\"https:\/\/lh7-us.googleusercontent.com\/o5xB9tZEq58G-MtAgDWLBtjjHVKqUfFN_QTko_NExqf5j7ni27fjXpFCxJZnHn13aHdsiiaUytL4EyEm_JOXnnNDSxfbng-6Yr3IwF-JgT6LMcuB-9Cpv4u-rtVpNlvPIUJj147zSfR_QsDDYh7R5ss\"><\/p>\n\n\n\n<p>Cadasc\u00fa va tenir l\u2019oportunitat de crear la seva base amb sons que ens oferia l\u2019app. Tot aix\u00f2 amb la finalitat d&#8217;aconseguir una melodia de fons pels nostres raps.<\/p>\n","protected":false},"excerpt":{"rendered":"<p>Ivan Vizcaya, l\u2019amazing b\u00e8stia, productor i t\u00e8cnic de so i un amic del Rodrigo, ha vingut a fer-nos un taller i ensenyar-nos com crear un sample. Per aix\u00f2, ell va portar unes tauletes per tothom i ens va introduir una aplicaci\u00f3 que es diu Koala Sampler, serveix per fer bases instrumentals i ritmes. Cadasc\u00fa va &hellip; <\/p>\n<p class=\"link-more\"><a href=\"https:\/\/blocsenresidencia.bcn.cat\/ribera2024\/creem-la-nostra-musica-amb-livan\/\" class=\"more-link\">Continua llegint <span class=\"screen-reader-text\">\u00abCREEM LA NOSTRA M\u00daSICA Amb l\u2019Ivan\u00bb<\/span><\/a><\/p>\n","protected":false},"author":10,"featured_media":0,"comment_status":"open","ping_status":"open","sticky":true,"template":"","format":"standard","meta":{"footnotes":""},"categories":[4],"tags":[],"class_list":["post-340","post","type-post","status-publish","format-standard","hentry","category-rodrigo-lavina-a-linstitut-la-ribera"],"_links":{"self":[{"href":"https:\/\/blocsenresidencia.bcn.cat\/ribera2024\/wp-json\/wp\/v2\/posts\/340","targetHints":{"allow":["GET"]}}],"collection":[{"href":"https:\/\/blocsenresidencia.bcn.cat\/ribera2024\/wp-json\/wp\/v2\/posts"}],"about":[{"href":"https:\/\/blocsenresidencia.bcn.cat\/ribera2024\/wp-json\/wp\/v2\/types\/post"}],"author":[{"embeddable":true,"href":"https:\/\/blocsenresidencia.bcn.cat\/ribera2024\/wp-json\/wp\/v2\/users\/10"}],"replies":[{"embeddable":true,"href":"https:\/\/blocsenresidencia.bcn.cat\/ribera2024\/wp-json\/wp\/v2\/comments?post=340"}],"version-history":[{"count":1,"href":"https:\/\/blocsenresidencia.bcn.cat\/ribera2024\/wp-json\/wp\/v2\/posts\/340\/revisions"}],"predecessor-version":[{"id":341,"href":"https:\/\/blocsenresidencia.bcn.cat\/ribera2024\/wp-json\/wp\/v2\/posts\/340\/revisions\/341"}],"wp:attachment":[{"href":"https:\/\/blocsenresidencia.bcn.cat\/ribera2024\/wp-json\/wp\/v2\/media?parent=340"}],"wp:term":[{"taxonomy":"category","embeddable":true,"href":"https:\/\/blocsenresidencia.bcn.cat\/ribera2024\/wp-json\/wp\/v2\/categories?post=340"},{"taxonomy":"post_tag","embeddable":true,"href":"https:\/\/blocsenresidencia.bcn.cat\/ribera2024\/wp-json\/wp\/v2\/tags?post=340"}],"curies":[{"name":"wp","href":"https:\/\/api.w.org\/{rel}","templated":true}]}}