{"id":342,"date":"2024-04-01T20:05:00","date_gmt":"2024-04-01T18:05:00","guid":{"rendered":"https:\/\/blocsenresidencia.bcn.cat\/ribera2024\/?p=342"},"modified":"2024-04-01T20:10:03","modified_gmt":"2024-04-01T18:10:03","slug":"posem-la-creativitat-a-laire-amb-instruments","status":"publish","type":"post","link":"https:\/\/blocsenresidencia.bcn.cat\/ribera2024\/posem-la-creativitat-a-laire-amb-instruments\/","title":{"rendered":"POSEM LA CREATIVITAT A L\u2019AIRE AMB INSTRUMENTS"},"content":{"rendered":"\n<p>Patxi Vazili, un productor i un campi\u00f3 \ud83d\ude00.&nbsp;<\/p>\n\n\n\n<p>Ha vingut a La Ribera a ajudar-nos a crear m\u00e9s m\u00fasica per als nostres raps.\u00a0<\/p>\n\n\n\n<p><img loading=\"lazy\" decoding=\"async\" src=\"https:\/\/lh7-us.googleusercontent.com\/38F7Rf15e4E_XV-O870DvUrbYI5sTud9Y2jwrvN814gO5UtmOm-a1c_p_FbH2kSTKmpZTZhMmUFfcvN95Rsb5TLT6MYur8mp_QTqWufagOl9htvUDMgPGasZH8sbRStcxnpwwGiKeq78lrCEvQcAeCc\" width=\"195\" height=\"134\"><\/p>\n\n\n\n<p>Vam agafar uns instruments aleatoris de la nostra aula de m\u00fasica i cada vegada grav\u00e0vem un so diferent, el d\u2019una guitarra, piano, tambor, flauta, etc. Amb tots els sons recopilats, el Patxi va crear una can\u00e7\u00f3 com a exemple, despr\u00e9s, vam sortir per grups per crear la nostra pr\u00f2pia.\u00a0Va ser incre\u00efble veure com qualsevol so es pot modificar per crear una base instrumental.<\/p>\n\n\n\n<p>Les valoracions dels nostres companys sobre la creaci\u00f3 musical:<\/p>\n\n\n\n<hr class=\"wp-block-separator has-alpha-channel-opacity\"\/>\n\n\n\n<p><strong>RIHAB SOLIMANI: <\/strong>L\u2019altre dia va venir un home que es diu Ivan, ens va ensenyar com crear ritmes, ens va explicar que era un \u201cloop\u201d, era impressionant perqu\u00e8 no sabia res d\u2019aquest tema. Poc despr\u00e9s ens va donar una tauleta a cadasc\u00fa m\u00e9s uns auriculars, amb aix\u00f2 vam crear el nostre propi ritme, he apr\u00e8s molt a la marxa i he gaudit d\u2019aquesta activitat.<\/p>\n\n\n\n<hr class=\"wp-block-separator has-alpha-channel-opacity\"\/>\n\n\n\n<p><strong>AMIRA&nbsp; BOUMAIZI: <\/strong>Aquell dia va ser un embolic total, no sabia el que explicarien. Era un m\u00f3n que desconeixia totalment, ja que normalment a les classes de m\u00fasica nom\u00e9s treballem la seva hist\u00f2ria i no com tractar amb ella. Les paraules que utilitzaven eren molt estranyes, el programa era m\u00e9s complicat, encara aix\u00ed ens demanaven la construcci\u00f3 d\u2019una nova can\u00e7\u00f3. No sabia que significaven aquells botons sonors, ni on havia de posar-los. El noi que ens explicava tot feia que sembles f\u00e0cil, per\u00f2 us puc assegurar que aix\u00f2 era de tot menys senzill. Sincerament, encara no s\u00e9 ni tocar, ni compondre una base, per\u00f2 igualment aquella sessi\u00f3 em va obrir els ulls, ja que ara s\u00e9 que \u00e9s un sample i com la gent d\u2019ara fa can\u00e7ons.&nbsp;<\/p>\n\n\n\n<hr class=\"wp-block-separator has-alpha-channel-opacity\"\/>\n\n\n\n<p><strong>PAU ORTEGA: <\/strong>Aquesta classe ha sigut per ara millor i la m\u00e9s divertida, ja que hem pogut tocar instruments i fer un beat per fer servir en una can\u00e7\u00f3.<\/p>\n\n\n\n<p><strong>\u00c0LEX JIM\u00c9NEZ: <\/strong>A mi m&#8217;ha agradat, ja que hem tocat instruments i despr\u00e9s els hem modificat per poder fer una base.<\/p>\n\n\n\n<hr class=\"wp-block-separator has-alpha-channel-opacity\"\/>\n\n\n\n<p><strong>NAGORE POZANCO: <\/strong>He apr\u00e8s a fer una base i m\u2019ha semblat molt interessant, per\u00f2 una mica lent. \u00c9s molt impressionant el m\u00f3n de la m\u00fasica i tot el que es pot fer amb ella. Ens van explicar com crear la nostra pr\u00f2pia can\u00e7\u00f3 des de zero i podem observar tots els canvis que es poden fer en una petita base ja comen\u00e7ada.<\/p>\n\n\n\n<hr class=\"wp-block-separator has-alpha-channel-opacity\"\/>\n\n\n\n<p><strong>SALMA PONCE: <\/strong>He apr\u00e8s a crear bases instrumentals i veure&#8217;l de m\u00e9s a prop.  Fer una base per mi mateixa em va agradar i gravar els nostres instruments i fer la nostra can\u00e7\u00f3.<\/p>\n","protected":false},"excerpt":{"rendered":"<p>Patxi Vazili, un productor i un campi\u00f3 \ud83d\ude00.&nbsp; Ha vingut a La Ribera a ajudar-nos a crear m\u00e9s m\u00fasica per als nostres raps.\u00a0 Vam agafar uns instruments aleatoris de la nostra aula de m\u00fasica i cada vegada grav\u00e0vem un so diferent, el d\u2019una guitarra, piano, tambor, flauta, etc. Amb tots els sons recopilats, el Patxi &hellip; <\/p>\n<p class=\"link-more\"><a href=\"https:\/\/blocsenresidencia.bcn.cat\/ribera2024\/posem-la-creativitat-a-laire-amb-instruments\/\" class=\"more-link\">Continua llegint <span class=\"screen-reader-text\">\u00abPOSEM LA CREATIVITAT A L\u2019AIRE AMB INSTRUMENTS\u00bb<\/span><\/a><\/p>\n","protected":false},"author":10,"featured_media":0,"comment_status":"open","ping_status":"open","sticky":true,"template":"","format":"standard","meta":{"footnotes":""},"categories":[4],"tags":[],"class_list":["post-342","post","type-post","status-publish","format-standard","hentry","category-rodrigo-lavina-a-linstitut-la-ribera"],"_links":{"self":[{"href":"https:\/\/blocsenresidencia.bcn.cat\/ribera2024\/wp-json\/wp\/v2\/posts\/342","targetHints":{"allow":["GET"]}}],"collection":[{"href":"https:\/\/blocsenresidencia.bcn.cat\/ribera2024\/wp-json\/wp\/v2\/posts"}],"about":[{"href":"https:\/\/blocsenresidencia.bcn.cat\/ribera2024\/wp-json\/wp\/v2\/types\/post"}],"author":[{"embeddable":true,"href":"https:\/\/blocsenresidencia.bcn.cat\/ribera2024\/wp-json\/wp\/v2\/users\/10"}],"replies":[{"embeddable":true,"href":"https:\/\/blocsenresidencia.bcn.cat\/ribera2024\/wp-json\/wp\/v2\/comments?post=342"}],"version-history":[{"count":3,"href":"https:\/\/blocsenresidencia.bcn.cat\/ribera2024\/wp-json\/wp\/v2\/posts\/342\/revisions"}],"predecessor-version":[{"id":344,"href":"https:\/\/blocsenresidencia.bcn.cat\/ribera2024\/wp-json\/wp\/v2\/posts\/342\/revisions\/344"}],"wp:attachment":[{"href":"https:\/\/blocsenresidencia.bcn.cat\/ribera2024\/wp-json\/wp\/v2\/media?parent=342"}],"wp:term":[{"taxonomy":"category","embeddable":true,"href":"https:\/\/blocsenresidencia.bcn.cat\/ribera2024\/wp-json\/wp\/v2\/categories?post=342"},{"taxonomy":"post_tag","embeddable":true,"href":"https:\/\/blocsenresidencia.bcn.cat\/ribera2024\/wp-json\/wp\/v2\/tags?post=342"}],"curies":[{"name":"wp","href":"https:\/\/api.w.org\/{rel}","templated":true}]}}