{"id":354,"date":"2024-06-17T12:55:42","date_gmt":"2024-06-17T10:55:42","guid":{"rendered":"https:\/\/blocsenresidencia.bcn.cat\/ribera2024\/?p=354"},"modified":"2024-06-17T12:55:42","modified_gmt":"2024-06-17T10:55:42","slug":"el-nostre-paisatge-emocional","status":"publish","type":"post","link":"https:\/\/blocsenresidencia.bcn.cat\/ribera2024\/el-nostre-paisatge-emocional\/","title":{"rendered":"El nostre paisatge emocional"},"content":{"rendered":"\n<p>Durant aquest darrer trimestre hem treballat <strong>LA PARAULA<\/strong>, per\u00f2 per poder escriure-la i expressar-la, primer hem de saber qu\u00e8 sentim. Per aquest motiu, hem parlat dels <strong>DRACS <\/strong>interiors que tenim dins nostre. Uns dracs que pels cart\u00f2grafs medievals eren un s\u00edmbol de perill , per\u00f2 que pels aventurers van ser interpretats com oportunitats de descobrir nous mons, com els nostres mons interiors. Aquesta <strong>met\u00e0fora <\/strong>ha sigut el nostre <strong>punt de partida <\/strong>de la nostra la <strong>creaci\u00f3 art\u00edstica<\/strong>.<\/p>\n\n\n\n<figure class=\"wp-block-image size-full\"><img loading=\"lazy\" decoding=\"async\" width=\"855\" height=\"418\" src=\"https:\/\/blocsenresidencia.bcn.cat\/ribera2024\/wp-content\/uploads\/2024\/06\/CP5.png\" alt=\"\" class=\"wp-image-356\" srcset=\"https:\/\/blocsenresidencia.bcn.cat\/ribera2024\/wp-content\/uploads\/2024\/06\/CP5.png 855w, https:\/\/blocsenresidencia.bcn.cat\/ribera2024\/wp-content\/uploads\/2024\/06\/CP5-300x147.png 300w, https:\/\/blocsenresidencia.bcn.cat\/ribera2024\/wp-content\/uploads\/2024\/06\/CP5-768x375.png 768w\" sizes=\"auto, (max-width: 767px) 89vw, (max-width: 1000px) 54vw, (max-width: 1071px) 543px, 580px\" \/><\/figure>\n\n\n\n<p>A m\u00e9s, vam estar reflexionant i vam fer un esquema per tenir les idees clares abans de comen\u00e7ar a escriure les nostres lletres.<\/p>\n\n\n\n<figure class=\"wp-block-image size-full\"><img loading=\"lazy\" decoding=\"async\" width=\"879\" height=\"607\" src=\"https:\/\/blocsenresidencia.bcn.cat\/ribera2024\/wp-content\/uploads\/2024\/06\/Captura-de-pantalla-2024-06-17-123359.png\" alt=\"\" class=\"wp-image-355\" srcset=\"https:\/\/blocsenresidencia.bcn.cat\/ribera2024\/wp-content\/uploads\/2024\/06\/Captura-de-pantalla-2024-06-17-123359.png 879w, https:\/\/blocsenresidencia.bcn.cat\/ribera2024\/wp-content\/uploads\/2024\/06\/Captura-de-pantalla-2024-06-17-123359-300x207.png 300w, https:\/\/blocsenresidencia.bcn.cat\/ribera2024\/wp-content\/uploads\/2024\/06\/Captura-de-pantalla-2024-06-17-123359-768x530.png 768w\" sizes=\"auto, (max-width: 767px) 89vw, (max-width: 1000px) 54vw, (max-width: 1071px) 543px, 580px\" \/><\/figure>\n\n\n\n\n\n\n\n\n\n\n","protected":false},"excerpt":{"rendered":"<p>Durant aquest darrer trimestre hem treballat LA PARAULA, per\u00f2 per poder escriure-la i expressar-la, primer hem de saber qu\u00e8 sentim. Per aquest motiu, hem parlat dels DRACS interiors que tenim dins nostre. Uns dracs que pels cart\u00f2grafs medievals eren un s\u00edmbol de perill , per\u00f2 que pels aventurers van ser interpretats com oportunitats de descobrir &hellip; <\/p>\n<p class=\"link-more\"><a href=\"https:\/\/blocsenresidencia.bcn.cat\/ribera2024\/el-nostre-paisatge-emocional\/\" class=\"more-link\">Continua llegint <span class=\"screen-reader-text\">\u00abEl nostre paisatge emocional\u00bb<\/span><\/a><\/p>\n","protected":false},"author":10,"featured_media":0,"comment_status":"open","ping_status":"open","sticky":false,"template":"","format":"standard","meta":{"footnotes":""},"categories":[4,1],"tags":[],"class_list":["post-354","post","type-post","status-publish","format-standard","hentry","category-rodrigo-lavina-a-linstitut-la-ribera","category-general"],"_links":{"self":[{"href":"https:\/\/blocsenresidencia.bcn.cat\/ribera2024\/wp-json\/wp\/v2\/posts\/354","targetHints":{"allow":["GET"]}}],"collection":[{"href":"https:\/\/blocsenresidencia.bcn.cat\/ribera2024\/wp-json\/wp\/v2\/posts"}],"about":[{"href":"https:\/\/blocsenresidencia.bcn.cat\/ribera2024\/wp-json\/wp\/v2\/types\/post"}],"author":[{"embeddable":true,"href":"https:\/\/blocsenresidencia.bcn.cat\/ribera2024\/wp-json\/wp\/v2\/users\/10"}],"replies":[{"embeddable":true,"href":"https:\/\/blocsenresidencia.bcn.cat\/ribera2024\/wp-json\/wp\/v2\/comments?post=354"}],"version-history":[{"count":1,"href":"https:\/\/blocsenresidencia.bcn.cat\/ribera2024\/wp-json\/wp\/v2\/posts\/354\/revisions"}],"predecessor-version":[{"id":357,"href":"https:\/\/blocsenresidencia.bcn.cat\/ribera2024\/wp-json\/wp\/v2\/posts\/354\/revisions\/357"}],"wp:attachment":[{"href":"https:\/\/blocsenresidencia.bcn.cat\/ribera2024\/wp-json\/wp\/v2\/media?parent=354"}],"wp:term":[{"taxonomy":"category","embeddable":true,"href":"https:\/\/blocsenresidencia.bcn.cat\/ribera2024\/wp-json\/wp\/v2\/categories?post=354"},{"taxonomy":"post_tag","embeddable":true,"href":"https:\/\/blocsenresidencia.bcn.cat\/ribera2024\/wp-json\/wp\/v2\/tags?post=354"}],"curies":[{"name":"wp","href":"https:\/\/api.w.org\/{rel}","templated":true}]}}