{"id":1,"date":"2022-11-23T14:06:16","date_gmt":"2022-11-23T12:06:16","guid":{"rendered":"https:\/\/blocsenresidencia.bcn.cat\/sagrerasantandreu2023\/?p=1"},"modified":"2023-01-17T13:39:05","modified_gmt":"2023-01-17T11:39:05","slug":"martina-rogers-en-residencia-a-linstitut-sagrera-sant-andreu","status":"publish","type":"post","link":"https:\/\/blocsenresidencia.bcn.cat\/sagrerasantandreu2023\/2022\/11\/23\/martina-rogers-en-residencia-a-linstitut-sagrera-sant-andreu\/","title":{"rendered":"Martina Rogers EN RESiD\u00c8NCiA a l&#8217;Institut Sagrera Sant Andreu"},"content":{"rendered":"\n<p>Martina Rogers ja ha iniciat el proc\u00e9s de creaci\u00f3 EN RESiD\u00c8NCiA a l&#8217;Institut Sagrera Sant Andreu, amb un grup d\u2019alumnes de 4t d\u2019ESO, la professora Ana Noguera, i amb la mediaci\u00f3 de L\u2019Afluent. En aquest blog podreu anar seguint moments clau d\u2019un proc\u00e9s obert, amb un final no pre-definit. Fins molt aviat!<\/p>\n","protected":false},"excerpt":{"rendered":"<p>Martina Rogers ja ha iniciat el proc\u00e9s de creaci\u00f3 EN RESiD\u00c8NCiA a l&#8217;Institut Sagrera Sant Andreu, amb un grup d\u2019alumnes de 4t d\u2019ESO, la professora Ana Noguera, i amb la mediaci\u00f3 de L\u2019Afluent. En aquest blog podreu anar seguint moments clau d\u2019un proc\u00e9s obert, amb un final no pre-definit. Fins molt aviat!<\/p>\n","protected":false},"author":1,"featured_media":0,"comment_status":"open","ping_status":"open","sticky":false,"template":"","format":"standard","meta":{"footnotes":""},"categories":[1],"tags":[],"class_list":["post-1","post","type-post","status-publish","format-standard","hentry","category-general"],"_links":{"self":[{"href":"https:\/\/blocsenresidencia.bcn.cat\/sagrerasantandreu2023\/wp-json\/wp\/v2\/posts\/1","targetHints":{"allow":["GET"]}}],"collection":[{"href":"https:\/\/blocsenresidencia.bcn.cat\/sagrerasantandreu2023\/wp-json\/wp\/v2\/posts"}],"about":[{"href":"https:\/\/blocsenresidencia.bcn.cat\/sagrerasantandreu2023\/wp-json\/wp\/v2\/types\/post"}],"author":[{"embeddable":true,"href":"https:\/\/blocsenresidencia.bcn.cat\/sagrerasantandreu2023\/wp-json\/wp\/v2\/users\/1"}],"replies":[{"embeddable":true,"href":"https:\/\/blocsenresidencia.bcn.cat\/sagrerasantandreu2023\/wp-json\/wp\/v2\/comments?post=1"}],"version-history":[{"count":2,"href":"https:\/\/blocsenresidencia.bcn.cat\/sagrerasantandreu2023\/wp-json\/wp\/v2\/posts\/1\/revisions"}],"predecessor-version":[{"id":39,"href":"https:\/\/blocsenresidencia.bcn.cat\/sagrerasantandreu2023\/wp-json\/wp\/v2\/posts\/1\/revisions\/39"}],"wp:attachment":[{"href":"https:\/\/blocsenresidencia.bcn.cat\/sagrerasantandreu2023\/wp-json\/wp\/v2\/media?parent=1"}],"wp:term":[{"taxonomy":"category","embeddable":true,"href":"https:\/\/blocsenresidencia.bcn.cat\/sagrerasantandreu2023\/wp-json\/wp\/v2\/categories?post=1"},{"taxonomy":"post_tag","embeddable":true,"href":"https:\/\/blocsenresidencia.bcn.cat\/sagrerasantandreu2023\/wp-json\/wp\/v2\/tags?post=1"}],"curies":[{"name":"wp","href":"https:\/\/api.w.org\/{rel}","templated":true}]}}