{"id":101,"date":"2023-03-13T11:17:08","date_gmt":"2023-03-13T09:17:08","guid":{"rendered":"https:\/\/blocsenresidencia.bcn.cat\/sagrerasantandreu2023\/?p=101"},"modified":"2023-03-13T11:38:21","modified_gmt":"2023-03-13T09:38:21","slug":"autoconsciencia-amb-un-got-daigua","status":"publish","type":"post","link":"https:\/\/blocsenresidencia.bcn.cat\/sagrerasantandreu2023\/2023\/03\/13\/autoconsciencia-amb-un-got-daigua\/","title":{"rendered":"SESSI\u00d3 VIGILIA"},"content":{"rendered":"\n<p>En aquesta sessi\u00f3 hem posat a prova el nostre cos en estat de vig\u00edlia, on el sentim en tensi\u00f3, amb inquietud, actiu, accelerat, mantenint l&#8217;atenci\u00f3 cap enfora, el cap actiu, sensaci\u00f3 d&#8217;esgotament i amb els m\u00fasculs preparades per &#8220;FER&#8221;.<br><br>Per entrar en aquest estat, vam comen\u00e7ar a caminar per l&#8217;aula d&#8217;art, incrementant la velocitat, on xoc\u00e0vem entre nosaltres de manera suau. Despr\u00e9s vam donar voltes sobre nosaltres mateixos, cada vegada m\u00e9s r\u00e0pid.<br>Mirant-nos, vam pensar un gest amb el cos que vam interpretar en bucle, una vegada i una altra, quedant-nos atrapades en aquest gest antinatural.<br><br>Un cop comen\u00e7\u00e0vem a entrar en aquest estat d&#8217;alerta, tancant els ulls, vam pensar en les nostres rutines, que cada dia s\u00f3n les mateixes, i que molts cops quan en sortim, ens sentim perdudes. Camines per la mateixa vorera per anar a l&#8217;institut? Et pares en els mateixos sem\u00e0fors? Modifiques la teva ruta quan et dirigeixes a casa?<br><br>En grups de tres, vam treballar v\u00e0ries din\u00e0miques per arribar en aquest estat de vig\u00edlia, com parlar-nos sense parar, parlar-nos molt r\u00e0pid sense callar, vam cridar, seguirem repetint el mateix gest, i dient paraules sense sentit movent les mans.<br><br>El cos ja havia entrat en vig\u00edlia. Quines emocions sentim? Aclaparament, estr\u00e8s, angoixa, inquietud o intranquil\u00b7litat. Qu\u00e8 \u00e9s per tu la vig\u00edlia? Van sortir moltes frases de reflexi\u00f3, per\u00f2 en resum: &#8220;que tot estigui perfecte i preparat&#8221;, &#8220;per quan ho necessites?, per ahir&#8221;, &#8220;encara \u00e9s dilluns&#8221;, &#8220;no tinc temps&#8221;, &#8220;estic a tope&#8221;, &#8220;tinc feina infinita&#8221;. <br><br>A partir d&#8217;aqu\u00ed vam comen\u00e7ar a treballar amb el concepte de qu\u00e8 ens fa perdre la son de forma individual, fent una animaci\u00f3 amb Stop Motion d&#8217;aquest estat corporal i mental, per a materialitzar totes aquestes emocions. A vegades aquest estat ens fa guixar els llibres o l&#8217;agenda mentre som a classe. Podem fer una animaci\u00f3 a partir dels nostres apunts de classe, agenda o material de l&#8217;institut? <br>Vam comen\u00e7ar a realitzar tires de dibuix i pintura abstracta de vig\u00edlia.<br><br>De forma col\u00b7lectiva vam comen\u00e7ar una animaci\u00f3 directa amb una pe\u00e7a de fang per mitj\u00e0 de gestos que pogu\u00e9ssim transmetre aquesta idea o sensaci\u00f3 i utilitzant eines com una forquilla, un ganivet, eines esmolades, paper arrugat, dur&#8230;<br><br>En acabar, per sortir d&#8217;aquest estat nervi\u00f3s, vam dedicar 10 minuts a fer especial atenci\u00f3 a la cloenda de la sessi\u00f3, escoltant m\u00fasica relaxada totes juntes.<br><\/p>\n\n\n\n<figure class=\"wp-block-image size-large\"><img loading=\"lazy\" decoding=\"async\" width=\"1024\" height=\"683\" src=\"https:\/\/blocsenresidencia.bcn.cat\/sagrerasantandreu2023\/wp-content\/uploads\/2023\/03\/image-1-1024x683.png\" alt=\"\" class=\"wp-image-108\" srcset=\"https:\/\/blocsenresidencia.bcn.cat\/sagrerasantandreu2023\/wp-content\/uploads\/2023\/03\/image-1-1024x683.png 1024w, https:\/\/blocsenresidencia.bcn.cat\/sagrerasantandreu2023\/wp-content\/uploads\/2023\/03\/image-1-300x200.png 300w, https:\/\/blocsenresidencia.bcn.cat\/sagrerasantandreu2023\/wp-content\/uploads\/2023\/03\/image-1-768x512.png 768w, https:\/\/blocsenresidencia.bcn.cat\/sagrerasantandreu2023\/wp-content\/uploads\/2023\/03\/image-1.png 1200w\" sizes=\"auto, (max-width: 767px) 89vw, (max-width: 1000px) 54vw, (max-width: 1071px) 543px, 580px\" \/><\/figure>\n","protected":false},"excerpt":{"rendered":"<p>En aquesta sessi\u00f3 hem posat a prova el nostre cos en estat de vig\u00edlia, on el sentim en tensi\u00f3, amb inquietud, actiu, accelerat, mantenint l&#8217;atenci\u00f3 cap enfora, el cap actiu, sensaci\u00f3 d&#8217;esgotament i amb els m\u00fasculs preparades per &#8220;FER&#8221;. Per entrar en aquest estat, vam comen\u00e7ar a caminar per l&#8217;aula d&#8217;art, incrementant la velocitat, on &hellip; <\/p>\n<p class=\"link-more\"><a href=\"https:\/\/blocsenresidencia.bcn.cat\/sagrerasantandreu2023\/2023\/03\/13\/autoconsciencia-amb-un-got-daigua\/\" class=\"more-link\">Continua llegint <span class=\"screen-reader-text\">\u00abSESSI\u00d3 VIGILIA\u00bb<\/span><\/a><\/p>\n","protected":false},"author":5,"featured_media":0,"comment_status":"open","ping_status":"open","sticky":false,"template":"","format":"standard","meta":{"footnotes":""},"categories":[1],"tags":[],"class_list":["post-101","post","type-post","status-publish","format-standard","hentry","category-general"],"_links":{"self":[{"href":"https:\/\/blocsenresidencia.bcn.cat\/sagrerasantandreu2023\/wp-json\/wp\/v2\/posts\/101","targetHints":{"allow":["GET"]}}],"collection":[{"href":"https:\/\/blocsenresidencia.bcn.cat\/sagrerasantandreu2023\/wp-json\/wp\/v2\/posts"}],"about":[{"href":"https:\/\/blocsenresidencia.bcn.cat\/sagrerasantandreu2023\/wp-json\/wp\/v2\/types\/post"}],"author":[{"embeddable":true,"href":"https:\/\/blocsenresidencia.bcn.cat\/sagrerasantandreu2023\/wp-json\/wp\/v2\/users\/5"}],"replies":[{"embeddable":true,"href":"https:\/\/blocsenresidencia.bcn.cat\/sagrerasantandreu2023\/wp-json\/wp\/v2\/comments?post=101"}],"version-history":[{"count":4,"href":"https:\/\/blocsenresidencia.bcn.cat\/sagrerasantandreu2023\/wp-json\/wp\/v2\/posts\/101\/revisions"}],"predecessor-version":[{"id":109,"href":"https:\/\/blocsenresidencia.bcn.cat\/sagrerasantandreu2023\/wp-json\/wp\/v2\/posts\/101\/revisions\/109"}],"wp:attachment":[{"href":"https:\/\/blocsenresidencia.bcn.cat\/sagrerasantandreu2023\/wp-json\/wp\/v2\/media?parent=101"}],"wp:term":[{"taxonomy":"category","embeddable":true,"href":"https:\/\/blocsenresidencia.bcn.cat\/sagrerasantandreu2023\/wp-json\/wp\/v2\/categories?post=101"},{"taxonomy":"post_tag","embeddable":true,"href":"https:\/\/blocsenresidencia.bcn.cat\/sagrerasantandreu2023\/wp-json\/wp\/v2\/tags?post=101"}],"curies":[{"name":"wp","href":"https:\/\/api.w.org\/{rel}","templated":true}]}}