{"id":103,"date":"2023-03-13T11:50:01","date_gmt":"2023-03-13T09:50:01","guid":{"rendered":"https:\/\/blocsenresidencia.bcn.cat\/sagrerasantandreu2023\/?p=103"},"modified":"2023-03-13T11:50:01","modified_gmt":"2023-03-13T09:50:01","slug":"sessio-preparem-la-contaminacio","status":"publish","type":"post","link":"https:\/\/blocsenresidencia.bcn.cat\/sagrerasantandreu2023\/2023\/03\/13\/sessio-preparem-la-contaminacio\/","title":{"rendered":"SESSI\u00d3 PREPAREM LA CONTAMINACI\u00d3"},"content":{"rendered":"\n<figure class=\"wp-block-image size-large\"><img loading=\"lazy\" decoding=\"async\" width=\"1024\" height=\"768\" src=\"https:\/\/blocsenresidencia.bcn.cat\/sagrerasantandreu2023\/wp-content\/uploads\/2023\/03\/image-2-1024x768.png\" alt=\"\" class=\"wp-image-112\" srcset=\"https:\/\/blocsenresidencia.bcn.cat\/sagrerasantandreu2023\/wp-content\/uploads\/2023\/03\/image-2-1024x768.png 1024w, https:\/\/blocsenresidencia.bcn.cat\/sagrerasantandreu2023\/wp-content\/uploads\/2023\/03\/image-2-300x225.png 300w, https:\/\/blocsenresidencia.bcn.cat\/sagrerasantandreu2023\/wp-content\/uploads\/2023\/03\/image-2-768x576.png 768w, https:\/\/blocsenresidencia.bcn.cat\/sagrerasantandreu2023\/wp-content\/uploads\/2023\/03\/image-2-1536x1152.png 1536w, https:\/\/blocsenresidencia.bcn.cat\/sagrerasantandreu2023\/wp-content\/uploads\/2023\/03\/image-2-2048x1536.png 2048w\" sizes=\"auto, (max-width: 767px) 89vw, (max-width: 1000px) 54vw, (max-width: 1071px) 543px, 580px\" \/><figcaption class=\"wp-element-caption\">Un cop ens hem begut l&#8217;aigua de manera conscient, ens afegim al centre per escriure una frase que ens crea vig\u00edlia. <\/figcaption><\/figure>\n\n\n\n<p>La sessi\u00f3 d&#8217;aquest mat\u00ed, ha comen\u00e7at amb una aula d&#8217;Art poc il\u00b7luminada, on la Martina ens ha preparat un cercle amb retoladors vermells, folis blancs i cadires. La situaci\u00f3 ens ha convidat a triar un lloc, seure, i mirar-nos. <br>Primer parlem de la sessi\u00f3 de Contaminaci\u00f3, i arribem a un consens de la performance que farem juntes, i comencem la proposta de la Martina.<br><br>Entrem en fila i bevem un got d&#8217;aigua, ens anem girant i ens l&#8217;acabem.<br>Seiem a terra i escrivim una frase o paraula de vig\u00edlia amb un retolador vermell.<br>&#8220;No puc m\u00e9s&#8221;, &#8220;no m&#8217;arriba la vida&#8221;, &#8220;no puc dormir&#8221;, &#8220;perdo el temps perqu\u00e8 estic massa cansada&#8221;&#8230; una frase que ens connecta amb la nostra vig\u00edlia, Agafem la nostra frase i ens posem de peus.<br>A la sessi\u00f3 de contaminaci\u00f3 ja tindrem la frase, no l&#8217;escriurem.<br>Seguim mirant enfora, sense donar acc\u00e9s a la frase. La Martina ens proposa dir-la, en veu alta, tots junts, a la vegada.<br>Com ens sona? Com ens veiem? Ho diem tots junts, per separat, de manera ordenada, de manera desordenada, cadascuna tria la seva rapidesa, volum&#8230; mentre constru\u00efm l&#8217;ordre del caos.<br>(per a sessi\u00f3 de contaminaci\u00f3 farem 3 rondes i anirem incrementant volum i rapidesa d&#8217;expressi\u00f3 i una quarta on tots ho diem alhora d&#8217;un crit).<br>Ja hem connectat amb la nostra vig\u00edlia i ensenyem la frase, que pr\u00e8viament hem pensat, escrit i guixat en vermell.<br><br>D&#8217;aqu\u00ed saltem a sab\u00e0tica&#8230; on hem realitzat un collage d&#8217;una gran imatge, on tamb\u00e9 hi hem barrejat dibuix, que ens representi aquest concepte.<br>La Martina ha ambientat la sessi\u00f3 amb m\u00fasica que acompanyava el nostre proc\u00e9s creatiu. Hem pogut tocar amb les mans tota mena de material que ens ha portat, com revistes d&#8217;Art, de Disseny, de vacances, de mobiliari&#8230; tamb\u00e9 ten\u00edem propostes de tota meva d&#8217;artistes i la seva obra, aix\u00f2 ens ha posat en situaci\u00f3 sab\u00e0tica.<br>Aix\u00ed crearem dues imatges, una a trav\u00e9s de la paraula (vig\u00edlia) i l&#8217;altre del collage (sab\u00e0tica).<\/p>\n","protected":false},"excerpt":{"rendered":"<p>La sessi\u00f3 d&#8217;aquest mat\u00ed, ha comen\u00e7at amb una aula d&#8217;Art poc il\u00b7luminada, on la Martina ens ha preparat un cercle amb retoladors vermells, folis blancs i cadires. La situaci\u00f3 ens ha convidat a triar un lloc, seure, i mirar-nos. Primer parlem de la sessi\u00f3 de Contaminaci\u00f3, i arribem a un consens de la performance que &hellip; <\/p>\n<p class=\"link-more\"><a href=\"https:\/\/blocsenresidencia.bcn.cat\/sagrerasantandreu2023\/2023\/03\/13\/sessio-preparem-la-contaminacio\/\" class=\"more-link\">Continua llegint <span class=\"screen-reader-text\">\u00abSESSI\u00d3 PREPAREM LA CONTAMINACI\u00d3\u00bb<\/span><\/a><\/p>\n","protected":false},"author":5,"featured_media":0,"comment_status":"open","ping_status":"open","sticky":false,"template":"","format":"standard","meta":{"footnotes":""},"categories":[1],"tags":[],"class_list":["post-103","post","type-post","status-publish","format-standard","hentry","category-general"],"_links":{"self":[{"href":"https:\/\/blocsenresidencia.bcn.cat\/sagrerasantandreu2023\/wp-json\/wp\/v2\/posts\/103","targetHints":{"allow":["GET"]}}],"collection":[{"href":"https:\/\/blocsenresidencia.bcn.cat\/sagrerasantandreu2023\/wp-json\/wp\/v2\/posts"}],"about":[{"href":"https:\/\/blocsenresidencia.bcn.cat\/sagrerasantandreu2023\/wp-json\/wp\/v2\/types\/post"}],"author":[{"embeddable":true,"href":"https:\/\/blocsenresidencia.bcn.cat\/sagrerasantandreu2023\/wp-json\/wp\/v2\/users\/5"}],"replies":[{"embeddable":true,"href":"https:\/\/blocsenresidencia.bcn.cat\/sagrerasantandreu2023\/wp-json\/wp\/v2\/comments?post=103"}],"version-history":[{"count":2,"href":"https:\/\/blocsenresidencia.bcn.cat\/sagrerasantandreu2023\/wp-json\/wp\/v2\/posts\/103\/revisions"}],"predecessor-version":[{"id":113,"href":"https:\/\/blocsenresidencia.bcn.cat\/sagrerasantandreu2023\/wp-json\/wp\/v2\/posts\/103\/revisions\/113"}],"wp:attachment":[{"href":"https:\/\/blocsenresidencia.bcn.cat\/sagrerasantandreu2023\/wp-json\/wp\/v2\/media?parent=103"}],"wp:term":[{"taxonomy":"category","embeddable":true,"href":"https:\/\/blocsenresidencia.bcn.cat\/sagrerasantandreu2023\/wp-json\/wp\/v2\/categories?post=103"},{"taxonomy":"post_tag","embeddable":true,"href":"https:\/\/blocsenresidencia.bcn.cat\/sagrerasantandreu2023\/wp-json\/wp\/v2\/tags?post=103"}],"curies":[{"name":"wp","href":"https:\/\/api.w.org\/{rel}","templated":true}]}}