{"id":49,"date":"2023-01-17T14:33:21","date_gmt":"2023-01-17T12:33:21","guid":{"rendered":"https:\/\/blocsenresidencia.bcn.cat\/sagrerasantandreu2023\/?p=49"},"modified":"2023-01-17T14:33:21","modified_gmt":"2023-01-17T12:33:21","slug":"sortida-exposicio-vull-estar-fort-de-lalex-sole-al-ccsa","status":"publish","type":"post","link":"https:\/\/blocsenresidencia.bcn.cat\/sagrerasantandreu2023\/2023\/01\/17\/sortida-exposicio-vull-estar-fort-de-lalex-sole-al-ccsa\/","title":{"rendered":"\u00a0Sortida EXPOSICI\u00d3 Vull estar Fort de l&#8217;\u00c0lex Sol\u00e9, al CCSA."},"content":{"rendered":"\n<p><a href=\"https:\/\/santandreucontemporani.org\/ca\/activitats\/vull-estar-fort\" data-type=\"URL\" data-id=\"https:\/\/santandreucontemporani.org\/ca\/activitats\/vull-estar-fort\">https:\/\/santandreucontemporani.org\/ca\/activitats\/vull-estar-fort<\/a><\/p>\n\n\n\n<p>La sessi\u00f3 d&#8217;abans de la sortida l&#8217;artista ens va passar unes propostes per anar entrant a l\u2019univers de l&#8217;obra de l&#8217;\u00c0lex Sol\u00e9. Ens va llen\u00e7ar unes preguntes que nosaltres hav\u00edem de resoldre al nostre bloc amb el format que cadasc\u00fa escoll\u00eds. Hi havia preguntes com:<\/p>\n\n\n\n<p>Dibuixa la FOR\u00c7A (t\u00e8cnica lliure, pot ser abstracte)<\/p>\n\n\n\n<p>Fas alguna activitat que requereixi for\u00e7a?&nbsp;<\/p>\n\n\n\n<p>Alguna vegada has sentit que et falten forces?<\/p>\n\n\n\n<p>Dibuixa una persona forta<\/p>\n\n\n\n<p>Quins sin\u00f2nims pots dir de for\u00e7a?<\/p>\n\n\n\n<p>Aguantar o resistir vol dir ser una persona forta?<\/p>\n\n\n\n<p>For\u00e7a i masculinitat. Comenta el que vulguis.&nbsp;<\/p>\n\n\n\n<p>La creativitat \u00e9s un m\u00fascul?&nbsp;<\/p>\n\n\n\n<p>A la sessi\u00f3 seg\u00fcent, en arribar a l\u2019exposici\u00f3 vam observar l\u2019obra per a, posteriorment, escoltar una explicaci\u00f3 sobre el perqu\u00e8 de la instal\u00b7laci\u00f3 i el seu proc\u00e9s creatiu.<\/p>\n\n\n\n<p>L\u2019exposici\u00f3 sencera tractava les exig\u00e8ncies de la masculinitat actual i la relaci\u00f3 expectativa-realitat de l\u2019home model influenciat per la tradici\u00f3 patriarcal i el pas dels anys.<\/p>\n\n\n\n<p>\u00a0Tamb\u00e9 ens van posar un videomuntatge amb imatges que representaven la integraci\u00f3 de la masculinitat en la societat i vam fer una petita xerrada sobre el que ens havien transm\u00e8s.<\/p>\n\n\n\n<p>Despr\u00e9s d\u2019aix\u00f2 vam poder passejar per l\u2019exposici\u00f3 i observar la seva obra, a m\u00e9s de tenir la llibertat de dibuixar a la paret de l\u2019exposici\u00f3.<\/p>\n\n\n\n<figure class=\"wp-block-image size-large\"><img loading=\"lazy\" decoding=\"async\" width=\"1024\" height=\"768\" src=\"https:\/\/blocsenresidencia.bcn.cat\/sagrerasantandreu2023\/wp-content\/uploads\/2023\/01\/IMG-7371-1024x768.jpg\" alt=\"\" class=\"wp-image-58\" srcset=\"https:\/\/blocsenresidencia.bcn.cat\/sagrerasantandreu2023\/wp-content\/uploads\/2023\/01\/IMG-7371-1024x768.jpg 1024w, https:\/\/blocsenresidencia.bcn.cat\/sagrerasantandreu2023\/wp-content\/uploads\/2023\/01\/IMG-7371-300x225.jpg 300w, https:\/\/blocsenresidencia.bcn.cat\/sagrerasantandreu2023\/wp-content\/uploads\/2023\/01\/IMG-7371-768x576.jpg 768w, https:\/\/blocsenresidencia.bcn.cat\/sagrerasantandreu2023\/wp-content\/uploads\/2023\/01\/IMG-7371-1536x1152.jpg 1536w, https:\/\/blocsenresidencia.bcn.cat\/sagrerasantandreu2023\/wp-content\/uploads\/2023\/01\/IMG-7371-2048x1536.jpg 2048w\" sizes=\"auto, (max-width: 767px) 89vw, (max-width: 1000px) 54vw, (max-width: 1071px) 543px, 580px\" \/><\/figure>\n\n\n\n<figure class=\"wp-block-gallery has-nested-images columns-default is-cropped wp-block-gallery-1 is-layout-flex wp-block-gallery-is-layout-flex\">\n<figure class=\"wp-block-image size-large\"><img loading=\"lazy\" decoding=\"async\" width=\"768\" height=\"1024\" data-id=\"57\" src=\"https:\/\/blocsenresidencia.bcn.cat\/sagrerasantandreu2023\/wp-content\/uploads\/2023\/01\/IMG-7365-768x1024.jpg\" alt=\"\" class=\"wp-image-57\" srcset=\"https:\/\/blocsenresidencia.bcn.cat\/sagrerasantandreu2023\/wp-content\/uploads\/2023\/01\/IMG-7365-768x1024.jpg 768w, https:\/\/blocsenresidencia.bcn.cat\/sagrerasantandreu2023\/wp-content\/uploads\/2023\/01\/IMG-7365-225x300.jpg 225w, https:\/\/blocsenresidencia.bcn.cat\/sagrerasantandreu2023\/wp-content\/uploads\/2023\/01\/IMG-7365-1152x1536.jpg 1152w, https:\/\/blocsenresidencia.bcn.cat\/sagrerasantandreu2023\/wp-content\/uploads\/2023\/01\/IMG-7365-1536x2048.jpg 1536w, https:\/\/blocsenresidencia.bcn.cat\/sagrerasantandreu2023\/wp-content\/uploads\/2023\/01\/IMG-7365-scaled.jpg 1920w\" sizes=\"auto, (max-width: 767px) 89vw, (max-width: 1000px) 54vw, (max-width: 1071px) 543px, 580px\" \/><\/figure>\n\n\n\n<figure class=\"wp-block-image size-large\"><img loading=\"lazy\" decoding=\"async\" width=\"768\" height=\"1024\" data-id=\"56\" src=\"https:\/\/blocsenresidencia.bcn.cat\/sagrerasantandreu2023\/wp-content\/uploads\/2023\/01\/IMG-7368-768x1024.jpg\" alt=\"\" class=\"wp-image-56\" srcset=\"https:\/\/blocsenresidencia.bcn.cat\/sagrerasantandreu2023\/wp-content\/uploads\/2023\/01\/IMG-7368-768x1024.jpg 768w, https:\/\/blocsenresidencia.bcn.cat\/sagrerasantandreu2023\/wp-content\/uploads\/2023\/01\/IMG-7368-225x300.jpg 225w, https:\/\/blocsenresidencia.bcn.cat\/sagrerasantandreu2023\/wp-content\/uploads\/2023\/01\/IMG-7368-1152x1536.jpg 1152w, https:\/\/blocsenresidencia.bcn.cat\/sagrerasantandreu2023\/wp-content\/uploads\/2023\/01\/IMG-7368-1536x2048.jpg 1536w, https:\/\/blocsenresidencia.bcn.cat\/sagrerasantandreu2023\/wp-content\/uploads\/2023\/01\/IMG-7368-scaled.jpg 1920w\" sizes=\"auto, (max-width: 767px) 89vw, (max-width: 1000px) 54vw, (max-width: 1071px) 543px, 580px\" \/><\/figure>\n\n\n\n<figure class=\"wp-block-image size-large\"><img loading=\"lazy\" decoding=\"async\" width=\"768\" height=\"1024\" data-id=\"55\" src=\"https:\/\/blocsenresidencia.bcn.cat\/sagrerasantandreu2023\/wp-content\/uploads\/2023\/01\/IMG-7372-768x1024.jpg\" alt=\"\" class=\"wp-image-55\" srcset=\"https:\/\/blocsenresidencia.bcn.cat\/sagrerasantandreu2023\/wp-content\/uploads\/2023\/01\/IMG-7372-768x1024.jpg 768w, https:\/\/blocsenresidencia.bcn.cat\/sagrerasantandreu2023\/wp-content\/uploads\/2023\/01\/IMG-7372-225x300.jpg 225w, https:\/\/blocsenresidencia.bcn.cat\/sagrerasantandreu2023\/wp-content\/uploads\/2023\/01\/IMG-7372-1152x1536.jpg 1152w, https:\/\/blocsenresidencia.bcn.cat\/sagrerasantandreu2023\/wp-content\/uploads\/2023\/01\/IMG-7372-1536x2048.jpg 1536w, https:\/\/blocsenresidencia.bcn.cat\/sagrerasantandreu2023\/wp-content\/uploads\/2023\/01\/IMG-7372-scaled.jpg 1920w\" sizes=\"auto, (max-width: 767px) 89vw, (max-width: 1000px) 54vw, (max-width: 1071px) 543px, 580px\" \/><\/figure>\n\n\n\n<figure class=\"wp-block-image size-large\"><img loading=\"lazy\" decoding=\"async\" width=\"768\" height=\"1024\" data-id=\"54\" src=\"https:\/\/blocsenresidencia.bcn.cat\/sagrerasantandreu2023\/wp-content\/uploads\/2023\/01\/IMG-7373-768x1024.jpg\" alt=\"\" class=\"wp-image-54\" srcset=\"https:\/\/blocsenresidencia.bcn.cat\/sagrerasantandreu2023\/wp-content\/uploads\/2023\/01\/IMG-7373-768x1024.jpg 768w, https:\/\/blocsenresidencia.bcn.cat\/sagrerasantandreu2023\/wp-content\/uploads\/2023\/01\/IMG-7373-225x300.jpg 225w, https:\/\/blocsenresidencia.bcn.cat\/sagrerasantandreu2023\/wp-content\/uploads\/2023\/01\/IMG-7373-1152x1536.jpg 1152w, https:\/\/blocsenresidencia.bcn.cat\/sagrerasantandreu2023\/wp-content\/uploads\/2023\/01\/IMG-7373-1536x2048.jpg 1536w, https:\/\/blocsenresidencia.bcn.cat\/sagrerasantandreu2023\/wp-content\/uploads\/2023\/01\/IMG-7373-scaled.jpg 1920w\" sizes=\"auto, (max-width: 767px) 89vw, (max-width: 1000px) 54vw, (max-width: 1071px) 543px, 580px\" \/><\/figure>\n\n\n\n<figure class=\"wp-block-image size-large\"><img loading=\"lazy\" decoding=\"async\" width=\"768\" height=\"1024\" data-id=\"53\" src=\"https:\/\/blocsenresidencia.bcn.cat\/sagrerasantandreu2023\/wp-content\/uploads\/2023\/01\/IMG-7374-768x1024.jpg\" alt=\"\" class=\"wp-image-53\" srcset=\"https:\/\/blocsenresidencia.bcn.cat\/sagrerasantandreu2023\/wp-content\/uploads\/2023\/01\/IMG-7374-768x1024.jpg 768w, https:\/\/blocsenresidencia.bcn.cat\/sagrerasantandreu2023\/wp-content\/uploads\/2023\/01\/IMG-7374-225x300.jpg 225w, https:\/\/blocsenresidencia.bcn.cat\/sagrerasantandreu2023\/wp-content\/uploads\/2023\/01\/IMG-7374-1152x1536.jpg 1152w, https:\/\/blocsenresidencia.bcn.cat\/sagrerasantandreu2023\/wp-content\/uploads\/2023\/01\/IMG-7374-1536x2048.jpg 1536w, https:\/\/blocsenresidencia.bcn.cat\/sagrerasantandreu2023\/wp-content\/uploads\/2023\/01\/IMG-7374-scaled.jpg 1920w\" sizes=\"auto, (max-width: 767px) 89vw, (max-width: 1000px) 54vw, (max-width: 1071px) 543px, 580px\" \/><\/figure>\n<\/figure>\n","protected":false},"excerpt":{"rendered":"<p>https:\/\/santandreucontemporani.org\/ca\/activitats\/vull-estar-fort La sessi\u00f3 d&#8217;abans de la sortida l&#8217;artista ens va passar unes propostes per anar entrant a l\u2019univers de l&#8217;obra de l&#8217;\u00c0lex Sol\u00e9. Ens va llen\u00e7ar unes preguntes que nosaltres hav\u00edem de resoldre al nostre bloc amb el format que cadasc\u00fa escoll\u00eds. Hi havia preguntes com: Dibuixa la FOR\u00c7A (t\u00e8cnica lliure, pot ser abstracte) Fas &hellip; <\/p>\n<p class=\"link-more\"><a href=\"https:\/\/blocsenresidencia.bcn.cat\/sagrerasantandreu2023\/2023\/01\/17\/sortida-exposicio-vull-estar-fort-de-lalex-sole-al-ccsa\/\" class=\"more-link\">Continua llegint <span class=\"screen-reader-text\">\u00ab\u00a0Sortida EXPOSICI\u00d3 Vull estar Fort de l&#8217;\u00c0lex Sol\u00e9, al CCSA.\u00bb<\/span><\/a><\/p>\n","protected":false},"author":5,"featured_media":52,"comment_status":"open","ping_status":"open","sticky":false,"template":"","format":"standard","meta":{"footnotes":""},"categories":[1],"tags":[],"class_list":["post-49","post","type-post","status-publish","format-standard","has-post-thumbnail","hentry","category-general"],"_links":{"self":[{"href":"https:\/\/blocsenresidencia.bcn.cat\/sagrerasantandreu2023\/wp-json\/wp\/v2\/posts\/49","targetHints":{"allow":["GET"]}}],"collection":[{"href":"https:\/\/blocsenresidencia.bcn.cat\/sagrerasantandreu2023\/wp-json\/wp\/v2\/posts"}],"about":[{"href":"https:\/\/blocsenresidencia.bcn.cat\/sagrerasantandreu2023\/wp-json\/wp\/v2\/types\/post"}],"author":[{"embeddable":true,"href":"https:\/\/blocsenresidencia.bcn.cat\/sagrerasantandreu2023\/wp-json\/wp\/v2\/users\/5"}],"replies":[{"embeddable":true,"href":"https:\/\/blocsenresidencia.bcn.cat\/sagrerasantandreu2023\/wp-json\/wp\/v2\/comments?post=49"}],"version-history":[{"count":1,"href":"https:\/\/blocsenresidencia.bcn.cat\/sagrerasantandreu2023\/wp-json\/wp\/v2\/posts\/49\/revisions"}],"predecessor-version":[{"id":59,"href":"https:\/\/blocsenresidencia.bcn.cat\/sagrerasantandreu2023\/wp-json\/wp\/v2\/posts\/49\/revisions\/59"}],"wp:featuredmedia":[{"embeddable":true,"href":"https:\/\/blocsenresidencia.bcn.cat\/sagrerasantandreu2023\/wp-json\/wp\/v2\/media\/52"}],"wp:attachment":[{"href":"https:\/\/blocsenresidencia.bcn.cat\/sagrerasantandreu2023\/wp-json\/wp\/v2\/media?parent=49"}],"wp:term":[{"taxonomy":"category","embeddable":true,"href":"https:\/\/blocsenresidencia.bcn.cat\/sagrerasantandreu2023\/wp-json\/wp\/v2\/categories?post=49"},{"taxonomy":"post_tag","embeddable":true,"href":"https:\/\/blocsenresidencia.bcn.cat\/sagrerasantandreu2023\/wp-json\/wp\/v2\/tags?post=49"}],"curies":[{"name":"wp","href":"https:\/\/api.w.org\/{rel}","templated":true}]}}