{"id":90,"date":"2023-02-08T19:32:24","date_gmt":"2023-02-08T17:32:24","guid":{"rendered":"https:\/\/blocsenresidencia.bcn.cat\/sagrerasantandreu2023\/?p=90"},"modified":"2023-02-08T19:32:24","modified_gmt":"2023-02-08T17:32:24","slug":"caras-y-lugares","status":"publish","type":"post","link":"https:\/\/blocsenresidencia.bcn.cat\/sagrerasantandreu2023\/2023\/02\/08\/caras-y-lugares\/","title":{"rendered":"CARAS Y LUGARES"},"content":{"rendered":"\n<p>Un dia, la Martina ens va posar un documental que es diu \u201cCaras y Lugares\u201d, el documental tracta sobre dos artistes\/fot\u00f2grafs que es diuen Agn\u00e8s Varda i JR.<\/p>\n\n\n\n<p>Aquests viatgen per molts llocs de Fran\u00e7a fent fotos a la gent, imprimint-les en blanc i negre, d&#8217;una dimensi\u00f3 m\u00e9s gran, i enganxant-les a distintes parts com casses, pedres, vagons de trens, etc.\u00a0<\/p>\n\n\n\n<p>La Martina ens el va posar per tenir idees que hi ha diferents formes de fer art i de representar i autorepresentar-se.<\/p>\n\n\n\n<p>Us la recomanem!<\/p>\n\n\n\n<figure class=\"wp-block-gallery has-nested-images columns-default is-cropped wp-block-gallery-1 is-layout-flex wp-block-gallery-is-layout-flex\">\n<figure class=\"wp-block-image size-large\"><img loading=\"lazy\" decoding=\"async\" width=\"550\" height=\"550\" data-id=\"91\" src=\"https:\/\/blocsenresidencia.bcn.cat\/sagrerasantandreu2023\/wp-content\/uploads\/2023\/02\/Caras-y-lugares.jpg\" alt=\"\" class=\"wp-image-91\" srcset=\"https:\/\/blocsenresidencia.bcn.cat\/sagrerasantandreu2023\/wp-content\/uploads\/2023\/02\/Caras-y-lugares.jpg 550w, https:\/\/blocsenresidencia.bcn.cat\/sagrerasantandreu2023\/wp-content\/uploads\/2023\/02\/Caras-y-lugares-300x300.jpg 300w, https:\/\/blocsenresidencia.bcn.cat\/sagrerasantandreu2023\/wp-content\/uploads\/2023\/02\/Caras-y-lugares-150x150.jpg 150w, https:\/\/blocsenresidencia.bcn.cat\/sagrerasantandreu2023\/wp-content\/uploads\/2023\/02\/Caras-y-lugares-100x100.jpg 100w\" sizes=\"auto, (max-width: 550px) 100vw, 550px\" \/><\/figure>\n<\/figure>\n\n\n\n<figure class=\"wp-block-gallery has-nested-images columns-default is-cropped wp-block-gallery-2 is-layout-flex wp-block-gallery-is-layout-flex\">\n<figure class=\"wp-block-image size-large\"><img loading=\"lazy\" decoding=\"async\" width=\"600\" height=\"445\" data-id=\"92\" src=\"https:\/\/blocsenresidencia.bcn.cat\/sagrerasantandreu2023\/wp-content\/uploads\/2023\/02\/Caras-y-Lugares-1.jpg\" alt=\"\" class=\"wp-image-92\" srcset=\"https:\/\/blocsenresidencia.bcn.cat\/sagrerasantandreu2023\/wp-content\/uploads\/2023\/02\/Caras-y-Lugares-1.jpg 600w, https:\/\/blocsenresidencia.bcn.cat\/sagrerasantandreu2023\/wp-content\/uploads\/2023\/02\/Caras-y-Lugares-1-300x223.jpg 300w\" sizes=\"auto, (max-width: 600px) 100vw, 600px\" \/><\/figure>\n<\/figure>\n","protected":false},"excerpt":{"rendered":"<p>Un dia, la Martina ens va posar un documental que es diu \u201cCaras y Lugares\u201d, el documental tracta sobre dos artistes\/fot\u00f2grafs que es diuen Agn\u00e8s Varda i JR. Aquests viatgen per molts llocs de Fran\u00e7a fent fotos a la gent, imprimint-les en blanc i negre, d&#8217;una dimensi\u00f3 m\u00e9s gran, i enganxant-les a distintes parts com &hellip; <\/p>\n<p class=\"link-more\"><a href=\"https:\/\/blocsenresidencia.bcn.cat\/sagrerasantandreu2023\/2023\/02\/08\/caras-y-lugares\/\" class=\"more-link\">Continua llegint <span class=\"screen-reader-text\">\u00abCARAS Y LUGARES\u00bb<\/span><\/a><\/p>\n","protected":false},"author":5,"featured_media":0,"comment_status":"open","ping_status":"open","sticky":false,"template":"","format":"standard","meta":{"footnotes":""},"categories":[1],"tags":[],"class_list":["post-90","post","type-post","status-publish","format-standard","hentry","category-general"],"_links":{"self":[{"href":"https:\/\/blocsenresidencia.bcn.cat\/sagrerasantandreu2023\/wp-json\/wp\/v2\/posts\/90","targetHints":{"allow":["GET"]}}],"collection":[{"href":"https:\/\/blocsenresidencia.bcn.cat\/sagrerasantandreu2023\/wp-json\/wp\/v2\/posts"}],"about":[{"href":"https:\/\/blocsenresidencia.bcn.cat\/sagrerasantandreu2023\/wp-json\/wp\/v2\/types\/post"}],"author":[{"embeddable":true,"href":"https:\/\/blocsenresidencia.bcn.cat\/sagrerasantandreu2023\/wp-json\/wp\/v2\/users\/5"}],"replies":[{"embeddable":true,"href":"https:\/\/blocsenresidencia.bcn.cat\/sagrerasantandreu2023\/wp-json\/wp\/v2\/comments?post=90"}],"version-history":[{"count":1,"href":"https:\/\/blocsenresidencia.bcn.cat\/sagrerasantandreu2023\/wp-json\/wp\/v2\/posts\/90\/revisions"}],"predecessor-version":[{"id":93,"href":"https:\/\/blocsenresidencia.bcn.cat\/sagrerasantandreu2023\/wp-json\/wp\/v2\/posts\/90\/revisions\/93"}],"wp:attachment":[{"href":"https:\/\/blocsenresidencia.bcn.cat\/sagrerasantandreu2023\/wp-json\/wp\/v2\/media?parent=90"}],"wp:term":[{"taxonomy":"category","embeddable":true,"href":"https:\/\/blocsenresidencia.bcn.cat\/sagrerasantandreu2023\/wp-json\/wp\/v2\/categories?post=90"},{"taxonomy":"post_tag","embeddable":true,"href":"https:\/\/blocsenresidencia.bcn.cat\/sagrerasantandreu2023\/wp-json\/wp\/v2\/tags?post=90"}],"curies":[{"name":"wp","href":"https:\/\/api.w.org\/{rel}","templated":true}]}}