{"id":370,"date":"2024-02-01T18:56:04","date_gmt":"2024-02-01T16:56:04","guid":{"rendered":"https:\/\/blocsenresidencia.bcn.cat\/sagrerasantandreu2024\/?p=370"},"modified":"2024-02-01T18:56:04","modified_gmt":"2024-02-01T16:56:04","slug":"sortida-a-la-fabra-i-coats","status":"publish","type":"post","link":"https:\/\/blocsenresidencia.bcn.cat\/sagrerasantandreu2024\/sortida-a-la-fabra-i-coats\/","title":{"rendered":"Sortida a la Fabra i Coats"},"content":{"rendered":"\n<p>L\u2019\u00faltim dia d\u2019expressi\u00f3 art\u00edstica abans de Nadal, la Lara (substituta de la Tatiana) va portar-nos a veure el coworking de la Fabra i Coats.<br>En aquest lloc treballen divers@s artistes, incloses elles dos. Ens van explicar que hi ha un nombre de places disponibles, a les quals pots aspirar presentant un projecte. Si t\u2019accepten, et donen un temps de resid\u00e8ncia despr\u00e9s del qual has de marxar.<br>Van portar-nos a veure els tallers de totes dues. La Lara ens va ensenyar imatges d\u2019un projecte en qu\u00e8 va participar anomenat \u201cEres basura\u201d que consistia a fer m\u00fasica amb material reciclat.<br>La Tatiana tenia un espai tancat per treballar, dins hi havia algunes de les fotografies intervingudes amb la mateixa t\u00e8cnica que ens va ensenyar a classe. <br>Despr\u00e9s d\u2019acabar de passejar per les instal\u00b7lacions, ens van portar a baix a fer una activitat final. <br>Com el treball de les nostres artistes tamb\u00e9 t\u00e9 relaci\u00f3 amb la poesia, ens van proposar que seleccion\u00e9ssim una frase que ens agrad\u00e9s dels llibres que hi havia a la taula. Despr\u00e9s, hav\u00edem de pronunciar-la davant del micro mentre la resta de companys feien soroll amb diferents objectes. Tot aix\u00f2 va quedar enregistrat, de tal manera que en conjunt quasi semblava una can\u00e7\u00f3.  <br>Aquesta sessi\u00f3 em va semblar for\u00e7a interessant, especialment l&#8217;activitat final, en la qual vam poder tenir l\u2019oportunitat experimentar l\u2019art d&#8217;una manera diferent i que ens va deixar a tots amb un bon sabor de boca abans de marxar de vacances. <br><br><\/p>\n\n\n\n<figure class=\"wp-block-image size-large\"><img loading=\"lazy\" decoding=\"async\" width=\"1024\" height=\"768\" src=\"https:\/\/blocsenresidencia.bcn.cat\/sagrerasantandreu2024\/wp-content\/uploads\/2024\/02\/1706805753962-1024x768.jpg\" alt=\"\" class=\"wp-image-423\" srcset=\"https:\/\/blocsenresidencia.bcn.cat\/sagrerasantandreu2024\/wp-content\/uploads\/2024\/02\/1706805753962-1024x768.jpg 1024w, https:\/\/blocsenresidencia.bcn.cat\/sagrerasantandreu2024\/wp-content\/uploads\/2024\/02\/1706805753962-300x225.jpg 300w, https:\/\/blocsenresidencia.bcn.cat\/sagrerasantandreu2024\/wp-content\/uploads\/2024\/02\/1706805753962-768x576.jpg 768w, https:\/\/blocsenresidencia.bcn.cat\/sagrerasantandreu2024\/wp-content\/uploads\/2024\/02\/1706805753962-1536x1152.jpg 1536w, https:\/\/blocsenresidencia.bcn.cat\/sagrerasantandreu2024\/wp-content\/uploads\/2024\/02\/1706805753962.jpg 2048w\" sizes=\"auto, (max-width: 767px) 89vw, (max-width: 1000px) 54vw, (max-width: 1071px) 543px, 580px\" \/><\/figure>\n\n\n\n<figure class=\"wp-block-image size-large\"><img loading=\"lazy\" decoding=\"async\" width=\"1024\" height=\"768\" src=\"https:\/\/blocsenresidencia.bcn.cat\/sagrerasantandreu2024\/wp-content\/uploads\/2024\/02\/1706805753978-1-1024x768.jpg\" alt=\"\" class=\"wp-image-420\" srcset=\"https:\/\/blocsenresidencia.bcn.cat\/sagrerasantandreu2024\/wp-content\/uploads\/2024\/02\/1706805753978-1-1024x768.jpg 1024w, https:\/\/blocsenresidencia.bcn.cat\/sagrerasantandreu2024\/wp-content\/uploads\/2024\/02\/1706805753978-1-300x225.jpg 300w, https:\/\/blocsenresidencia.bcn.cat\/sagrerasantandreu2024\/wp-content\/uploads\/2024\/02\/1706805753978-1-768x576.jpg 768w, https:\/\/blocsenresidencia.bcn.cat\/sagrerasantandreu2024\/wp-content\/uploads\/2024\/02\/1706805753978-1-1536x1152.jpg 1536w, https:\/\/blocsenresidencia.bcn.cat\/sagrerasantandreu2024\/wp-content\/uploads\/2024\/02\/1706805753978-1.jpg 2048w\" sizes=\"auto, (max-width: 767px) 89vw, (max-width: 1000px) 54vw, (max-width: 1071px) 543px, 580px\" \/><\/figure>\n\n\n\n<figure class=\"wp-block-image size-large\"><img loading=\"lazy\" decoding=\"async\" width=\"1024\" height=\"768\" src=\"https:\/\/blocsenresidencia.bcn.cat\/sagrerasantandreu2024\/wp-content\/uploads\/2024\/02\/1706805754024-2-1024x768.jpg\" alt=\"\" class=\"wp-image-424\" srcset=\"https:\/\/blocsenresidencia.bcn.cat\/sagrerasantandreu2024\/wp-content\/uploads\/2024\/02\/1706805754024-2-1024x768.jpg 1024w, https:\/\/blocsenresidencia.bcn.cat\/sagrerasantandreu2024\/wp-content\/uploads\/2024\/02\/1706805754024-2-300x225.jpg 300w, https:\/\/blocsenresidencia.bcn.cat\/sagrerasantandreu2024\/wp-content\/uploads\/2024\/02\/1706805754024-2-768x576.jpg 768w, https:\/\/blocsenresidencia.bcn.cat\/sagrerasantandreu2024\/wp-content\/uploads\/2024\/02\/1706805754024-2-1536x1152.jpg 1536w, https:\/\/blocsenresidencia.bcn.cat\/sagrerasantandreu2024\/wp-content\/uploads\/2024\/02\/1706805754024-2.jpg 2048w\" sizes=\"auto, (max-width: 767px) 89vw, (max-width: 1000px) 54vw, (max-width: 1071px) 543px, 580px\" \/><\/figure>\n\n\n\n<figure class=\"wp-block-image size-large\"><img loading=\"lazy\" decoding=\"async\" width=\"768\" height=\"1024\" src=\"https:\/\/blocsenresidencia.bcn.cat\/sagrerasantandreu2024\/wp-content\/uploads\/2024\/02\/1706805754008-1-768x1024.jpg\" alt=\"\" class=\"wp-image-421\" srcset=\"https:\/\/blocsenresidencia.bcn.cat\/sagrerasantandreu2024\/wp-content\/uploads\/2024\/02\/1706805754008-1-768x1024.jpg 768w, https:\/\/blocsenresidencia.bcn.cat\/sagrerasantandreu2024\/wp-content\/uploads\/2024\/02\/1706805754008-1-225x300.jpg 225w, https:\/\/blocsenresidencia.bcn.cat\/sagrerasantandreu2024\/wp-content\/uploads\/2024\/02\/1706805754008-1-1152x1536.jpg 1152w, https:\/\/blocsenresidencia.bcn.cat\/sagrerasantandreu2024\/wp-content\/uploads\/2024\/02\/1706805754008-1.jpg 1536w\" sizes=\"auto, (max-width: 767px) 89vw, (max-width: 1000px) 54vw, (max-width: 1071px) 543px, 580px\" \/><\/figure>\n\n\n\n<figure class=\"wp-block-image size-large\"><img loading=\"lazy\" decoding=\"async\" width=\"1024\" height=\"575\" src=\"https:\/\/blocsenresidencia.bcn.cat\/sagrerasantandreu2024\/wp-content\/uploads\/2024\/02\/1706806197206-1024x575.jpg\" alt=\"\" class=\"wp-image-425\" srcset=\"https:\/\/blocsenresidencia.bcn.cat\/sagrerasantandreu2024\/wp-content\/uploads\/2024\/02\/1706806197206-1024x575.jpg 1024w, https:\/\/blocsenresidencia.bcn.cat\/sagrerasantandreu2024\/wp-content\/uploads\/2024\/02\/1706806197206-300x169.jpg 300w, https:\/\/blocsenresidencia.bcn.cat\/sagrerasantandreu2024\/wp-content\/uploads\/2024\/02\/1706806197206-768x432.jpg 768w, https:\/\/blocsenresidencia.bcn.cat\/sagrerasantandreu2024\/wp-content\/uploads\/2024\/02\/1706806197206-1536x863.jpg 1536w, https:\/\/blocsenresidencia.bcn.cat\/sagrerasantandreu2024\/wp-content\/uploads\/2024\/02\/1706806197206-2048x1151.jpg 2048w\" sizes=\"auto, (max-width: 767px) 89vw, (max-width: 1000px) 54vw, (max-width: 1071px) 543px, 580px\" \/><\/figure>\n","protected":false},"excerpt":{"rendered":"<p>L\u2019\u00faltim dia d\u2019expressi\u00f3 art\u00edstica abans de Nadal, la Lara (substituta de la Tatiana) va portar-nos a veure el coworking de la Fabra i Coats.En aquest lloc treballen divers@s artistes, incloses elles dos. Ens van explicar que hi ha un nombre de places disponibles, a les quals pots aspirar presentant un projecte. Si t\u2019accepten, et donen &hellip; <\/p>\n<p class=\"link-more\"><a href=\"https:\/\/blocsenresidencia.bcn.cat\/sagrerasantandreu2024\/sortida-a-la-fabra-i-coats\/\" class=\"more-link\">Continua llegint <span class=\"screen-reader-text\">\u00abSortida a la Fabra i Coats\u00bb<\/span><\/a><\/p>\n","protected":false},"author":11,"featured_media":0,"comment_status":"open","ping_status":"open","sticky":false,"template":"","format":"standard","meta":{"footnotes":""},"categories":[1],"tags":[],"class_list":["post-370","post","type-post","status-publish","format-standard","hentry","category-general"],"_links":{"self":[{"href":"https:\/\/blocsenresidencia.bcn.cat\/sagrerasantandreu2024\/wp-json\/wp\/v2\/posts\/370","targetHints":{"allow":["GET"]}}],"collection":[{"href":"https:\/\/blocsenresidencia.bcn.cat\/sagrerasantandreu2024\/wp-json\/wp\/v2\/posts"}],"about":[{"href":"https:\/\/blocsenresidencia.bcn.cat\/sagrerasantandreu2024\/wp-json\/wp\/v2\/types\/post"}],"author":[{"embeddable":true,"href":"https:\/\/blocsenresidencia.bcn.cat\/sagrerasantandreu2024\/wp-json\/wp\/v2\/users\/11"}],"replies":[{"embeddable":true,"href":"https:\/\/blocsenresidencia.bcn.cat\/sagrerasantandreu2024\/wp-json\/wp\/v2\/comments?post=370"}],"version-history":[{"count":2,"href":"https:\/\/blocsenresidencia.bcn.cat\/sagrerasantandreu2024\/wp-json\/wp\/v2\/posts\/370\/revisions"}],"predecessor-version":[{"id":427,"href":"https:\/\/blocsenresidencia.bcn.cat\/sagrerasantandreu2024\/wp-json\/wp\/v2\/posts\/370\/revisions\/427"}],"wp:attachment":[{"href":"https:\/\/blocsenresidencia.bcn.cat\/sagrerasantandreu2024\/wp-json\/wp\/v2\/media?parent=370"}],"wp:term":[{"taxonomy":"category","embeddable":true,"href":"https:\/\/blocsenresidencia.bcn.cat\/sagrerasantandreu2024\/wp-json\/wp\/v2\/categories?post=370"},{"taxonomy":"post_tag","embeddable":true,"href":"https:\/\/blocsenresidencia.bcn.cat\/sagrerasantandreu2024\/wp-json\/wp\/v2\/tags?post=370"}],"curies":[{"name":"wp","href":"https:\/\/api.w.org\/{rel}","templated":true}]}}