{"id":441,"date":"2024-03-25T12:20:11","date_gmt":"2024-03-25T10:20:11","guid":{"rendered":"https:\/\/blocsenresidencia.bcn.cat\/sagrerasantandreu2024\/?p=441"},"modified":"2024-03-25T12:20:11","modified_gmt":"2024-03-25T10:20:11","slug":"sessio-oberta-al-professorat","status":"publish","type":"post","link":"https:\/\/blocsenresidencia.bcn.cat\/sagrerasantandreu2024\/sessio-oberta-al-professorat\/","title":{"rendered":"Sessi\u00f3 oberta al professorat"},"content":{"rendered":"\n<p>El dimecres dia 13 de mar\u00e7 vam organitzar una sessi\u00f3 oberta de Creadors en Resid\u00e8ncia de cara al professorat del nostre institut, de mode que ens vam quedar (gaireb\u00e9) tots a dinar i a la tarda els hi vam fer la nostra \u201cclasse\u201d als professors.  La sessi\u00f3 es va desenvolupar aix\u00ed: <br>   En primer lloc, vam presentar que era el projecte Creadors en Resid\u00e8ncia i els vam estar explicant el que hav\u00edem fet al llarg dels dos trimestres que portem d\u2019assignatura, i ens vam centrar en tot el tema dels poemes que hav\u00edem tractat i \u201creplicat\u201d a la nostra manera. Un cop els hi vam llegir els nostres poemes, els hi vam fer escriure uns de propis perqu\u00e8 els recitessin en conjunt. Nom\u00e9s la consigna va ser el comen\u00e7ament de cada frase, tots havien de comen\u00e7ar amb la frase &#8220;Me acuerdo&#8221; i &#8220;No hay nada m\u00e1s lindo&#8221; (tal com vam fer nosaltres amb la Tatiana).<br>Un cop van acabar, els vam dividir en dos grups per ensenyar-los els projectes que hav\u00edem fet abans: El mapa i el diari-quadern. <br> La resta de la sessi\u00f3 va ser cadasc\u00fa explicant els seus propis projectes davant dels professors que preguntaven. <br><br>   Crec que en general es va gaudir molt, ja que aquell claustre no va tenir res a veure amb els que normalment fan (segons ells deien), i creiem que var ser un moment molt bonic en qu\u00e8 van compartir records i sentiments en els quals tothom es veia reflectit entre els altres docents, els companys de feina.<br><br>Laia Bayo<\/p>\n\n\n\n<p><br><\/p>\n\n\n\n<figure class=\"wp-block-image size-large is-resized\"><img loading=\"lazy\" decoding=\"async\" width=\"1024\" height=\"768\" src=\"https:\/\/blocsenresidencia.bcn.cat\/sagrerasantandreu2024\/wp-content\/uploads\/2024\/03\/1711357089943-1024x768.jpg\" alt=\"\" class=\"wp-image-447\" style=\"width:674px;height:auto\" srcset=\"https:\/\/blocsenresidencia.bcn.cat\/sagrerasantandreu2024\/wp-content\/uploads\/2024\/03\/1711357089943-1024x768.jpg 1024w, https:\/\/blocsenresidencia.bcn.cat\/sagrerasantandreu2024\/wp-content\/uploads\/2024\/03\/1711357089943-300x225.jpg 300w, https:\/\/blocsenresidencia.bcn.cat\/sagrerasantandreu2024\/wp-content\/uploads\/2024\/03\/1711357089943-768x576.jpg 768w, https:\/\/blocsenresidencia.bcn.cat\/sagrerasantandreu2024\/wp-content\/uploads\/2024\/03\/1711357089943-1536x1152.jpg 1536w, https:\/\/blocsenresidencia.bcn.cat\/sagrerasantandreu2024\/wp-content\/uploads\/2024\/03\/1711357089943.jpg 2048w\" sizes=\"auto, (max-width: 767px) 89vw, (max-width: 1000px) 54vw, (max-width: 1071px) 543px, 580px\" \/><\/figure>\n\n\n\n<ul class=\"wp-block-list\">\n<li><strong><em>Poemes dels profes:<\/em><\/strong><\/li>\n\n\n\n<li><em><strong>Me acuerdo <\/strong>de ese sue\u00f1o que tuve, y me persigui\u00f3 durante a\u00f1os.\u00a0<\/em><\/li>\n\n\n\n<li><em>Me acuerdo que odiabas las mandarinas.<\/em><\/li>\n\n\n\n<li><em>Me acuerdo del primer d\u00eda que els de 4t van creuar la porta del carrer Segre.&nbsp;<\/em><\/li>\n\n\n\n<li><em>Me acuerdo dels meus estius d\u2019infantesa infinits a la Costa Brava.&nbsp;<\/em><\/li>\n\n\n\n<li><em>Me acuerdo de las puestas de sol en el pueblo.&nbsp;<\/em><\/li>\n\n\n\n<li><em>Me acuerdo de cuando Valentina hacia dibujos mientras explicaba.&nbsp;<\/em><\/li>\n\n\n\n<li><em>Recordo els estius d\u2019infantesa jugant a la xerranca.&nbsp;<\/em><\/li>\n\n\n\n<li><em>Me acuerdo de cuando yo era estudiante del instituto.&nbsp;<\/em><\/li>\n\n\n\n<li><em>Me acuerdo del sol de media tarde acariciar mi cara mientras cerraba los ojos.&nbsp;&nbsp;<\/em><\/li>\n\n\n\n<li><em>Me acuerdo de cuando viajaba con una mochila y nada m\u00e1s.&nbsp;<\/em><\/li>\n\n\n\n<li><em>Me acuerdo del olor de la tierra empapada en ese peque\u00f1o pueblo olvidado.&nbsp;<\/em><\/li>\n\n\n\n<li><em>Me acuerdo de las conversaciones interminables con mis amigas despu\u00e9s de una buena cena.&nbsp;<\/em><\/li>\n\n\n\n<li><em>Me acuerdo\u2026 com si fos ahir, de l\u2019emoci\u00f3 d\u2019anar a la barraca amb me \u00e0via a ajudar-la a plantar.&nbsp;<\/em><\/li>\n\n\n\n<li><em>Me acuerdo de tu risa contagiosa que me anclaba al presente y me hac\u00eda olvidar los problemas.&nbsp;<\/em><\/li>\n\n\n\n<li><em>Me acuerdo de los momentos geniales que viv\u00ed en el instituto.&nbsp;<\/em><\/li>\n\n\n\n<li><em>Me acuerdo de la calidez que desprende aquella mano gigante y protectora que me recog\u00eda a la salida de la escuela.&nbsp;<\/em><\/li>\n\n\n\n<li><em>Me acuerdo de cuando ten\u00eda resaca.&nbsp;<\/em><\/li>\n\n\n\n<li><em>Me acuerdo de casi nada<\/em><\/li>\n\n\n\n<li><em>Me acuerdo de que me cab\u00edas en la palma de mi mano.\u00a0<\/em><\/li>\n\n\n\n<li><em>Me acuerdo que abans volia recordar.&nbsp;<\/em><\/li>\n\n\n\n<li><em>Me acuerdo dels macarrons que cuinava ma padrina&nbsp;<\/em><\/li>\n\n\n\n<li><em>Me acuerdo del vestido amarillo.&nbsp;<\/em><\/li>\n\n\n\n<li><em>Me acuerdo de aquellos partidos con los amigos hasta el anochecer.&nbsp;<\/em><\/li>\n\n\n\n<li><em>Me acuerdo de mis buenos amigos del instituto.&nbsp;<\/em><\/li>\n\n\n\n<li><em>Me acuerdo de la cara de alegr\u00eda de los alumnos cuando les deje: \u201cAvui, course Navette<\/em>\u201d.<\/li>\n\n\n\n<li><em><br><strong>No hay nada m\u00e1s lindo<\/strong> que perdre\u2019s en nits que no acaben i matins que no arriben.\u00a0<\/em><\/li>\n\n\n\n<li><em>No hay nada m\u00e1s lindo que el cel blau d\u2019estiu.&nbsp;<\/em><\/li>\n\n\n\n<li><em>No hay nada m\u00e1s lindo que el sol en mi cara.&nbsp;<\/em><\/li>\n\n\n\n<li><em>No hay nada m\u00e1s lindo que ver un amanecer.&nbsp;<\/em><\/li>\n\n\n\n<li><em>No hay nada m\u00e1s lindo que trabajar de lo que te apasione.&nbsp;<\/em><\/li>\n\n\n\n<li><em>No hay nada m\u00e1s lindo que la respuesta a mis preguntas.&nbsp;<\/em><\/li>\n\n\n\n<li><em>No hay nada m\u00e1s lindo que un d\u00eda de primavera.&nbsp;<\/em><\/li>\n\n\n\n<li><em>No hay nada m\u00e1s lindo que llevar-se despr\u00e9s d\u2019una nit de tempesta.&nbsp;<\/em><\/li>\n\n\n\n<li><em>No hay nada m\u00e1s lindo que una mirada y una sonrisa c\u00f3mplice.&nbsp;<\/em><\/li>\n\n\n\n<li><em>No hay nada m\u00e1s lindo que los abrazos infinitos de Liam.&nbsp;<\/em><\/li>\n\n\n\n<li><em>No hay nada m\u00e1s lindo que ver la cara de felicidad de los alumnos cuando entienden las matem\u00e1ticas.&nbsp;<\/em><\/li>\n\n\n\n<li><em>No hay nada m\u00e1s lindo que dar un abrazo a las personas que quieres<\/em><\/li>\n\n\n\n<li><em>No hay nada m\u00e1s lindo que un d\u00eda en la monta\u00f1a.&nbsp;<\/em><\/li>\n\n\n\n<li><em>No hay nada m\u00e1s lindo que oler a monta\u00f1a mientras paseo en primavera.&nbsp;<\/em><\/li>\n\n\n\n<li><em>No hay nada m\u00e1s lindo que vaciar tu bufeta despu\u00e9s de haber aguantado durante horas.&nbsp;&nbsp;<\/em><\/li>\n\n\n\n<li><em>No hay nada m\u00e1s lindo que pasar por ese camino a tu lado.&nbsp;<\/em><\/li>\n\n\n\n<li><em>No hay nada m\u00e1s lindo que las sonrisas de mis alumn<\/em>a<em>s al saludarlas.&nbsp;<\/em><\/li>\n\n\n\n<li><em>No hay nada m\u00e1s lindo que\u2026 arribar a casa u que per la terrassa entri l\u2019\u00faltim raig de sol i il\u00b7lumini el piano.&nbsp;<\/em><\/li>\n\n\n\n<li><em>No hay nada m\u00e1s lindo que escuchar el canto de las golondrinas anunciando que el verano se acerca.&nbsp;<\/em><\/li>\n\n\n\n<li><em>No hay nada m\u00e1s lindo que compartir momentos entra\u00f1ables de alegr\u00eda y paz.&nbsp;<\/em><\/li>\n\n\n\n<li><em>No hay nada m\u00e1s lindo que cantar un gol de la victoria en el \u00faltimo minuto.&nbsp;<\/em><\/li>\n\n\n\n<li><em>No hay nada m\u00e1s lindo que perder el tiempo.&nbsp;<\/em><\/li>\n\n\n\n<li><em>No hay nada m\u00e1s lindo que tus pues bajo la s\u00e1bana.&nbsp;<\/em><\/li>\n\n\n\n<li><em>No hay nada m\u00e1s lindo que<\/em>&#8230;<\/li>\n<\/ul>\n\n\n\n<p><\/p>\n\n\n\n<figure class=\"wp-block-image size-large\"><img loading=\"lazy\" decoding=\"async\" width=\"1024\" height=\"768\" src=\"https:\/\/blocsenresidencia.bcn.cat\/sagrerasantandreu2024\/wp-content\/uploads\/2024\/03\/1711357019729-1-1024x768.jpg\" alt=\"\" class=\"wp-image-452\" srcset=\"https:\/\/blocsenresidencia.bcn.cat\/sagrerasantandreu2024\/wp-content\/uploads\/2024\/03\/1711357019729-1-1024x768.jpg 1024w, https:\/\/blocsenresidencia.bcn.cat\/sagrerasantandreu2024\/wp-content\/uploads\/2024\/03\/1711357019729-1-300x225.jpg 300w, https:\/\/blocsenresidencia.bcn.cat\/sagrerasantandreu2024\/wp-content\/uploads\/2024\/03\/1711357019729-1-768x576.jpg 768w, https:\/\/blocsenresidencia.bcn.cat\/sagrerasantandreu2024\/wp-content\/uploads\/2024\/03\/1711357019729-1-1536x1152.jpg 1536w, https:\/\/blocsenresidencia.bcn.cat\/sagrerasantandreu2024\/wp-content\/uploads\/2024\/03\/1711357019729-1.jpg 2000w\" sizes=\"auto, (max-width: 767px) 89vw, (max-width: 1000px) 54vw, (max-width: 1071px) 543px, 580px\" \/><\/figure>\n\n\n\n<figure class=\"wp-block-image size-large\"><img loading=\"lazy\" decoding=\"async\" width=\"1024\" height=\"768\" src=\"https:\/\/blocsenresidencia.bcn.cat\/sagrerasantandreu2024\/wp-content\/uploads\/2024\/03\/IMG-20240317-WA0017-1-1024x768.jpg\" alt=\"\" class=\"wp-image-453\" srcset=\"https:\/\/blocsenresidencia.bcn.cat\/sagrerasantandreu2024\/wp-content\/uploads\/2024\/03\/IMG-20240317-WA0017-1-1024x768.jpg 1024w, https:\/\/blocsenresidencia.bcn.cat\/sagrerasantandreu2024\/wp-content\/uploads\/2024\/03\/IMG-20240317-WA0017-1-300x225.jpg 300w, https:\/\/blocsenresidencia.bcn.cat\/sagrerasantandreu2024\/wp-content\/uploads\/2024\/03\/IMG-20240317-WA0017-1-768x576.jpg 768w, https:\/\/blocsenresidencia.bcn.cat\/sagrerasantandreu2024\/wp-content\/uploads\/2024\/03\/IMG-20240317-WA0017-1-1536x1152.jpg 1536w, https:\/\/blocsenresidencia.bcn.cat\/sagrerasantandreu2024\/wp-content\/uploads\/2024\/03\/IMG-20240317-WA0017-1.jpg 2048w\" sizes=\"auto, (max-width: 767px) 89vw, (max-width: 1000px) 54vw, (max-width: 1071px) 543px, 580px\" \/><\/figure>\n\n\n\n<figure class=\"wp-block-image size-large\"><img loading=\"lazy\" decoding=\"async\" width=\"768\" height=\"1024\" src=\"https:\/\/blocsenresidencia.bcn.cat\/sagrerasantandreu2024\/wp-content\/uploads\/2024\/03\/IMG-20240313-WA0010-2-768x1024.jpg\" alt=\"\" class=\"wp-image-454\" srcset=\"https:\/\/blocsenresidencia.bcn.cat\/sagrerasantandreu2024\/wp-content\/uploads\/2024\/03\/IMG-20240313-WA0010-2-768x1024.jpg 768w, https:\/\/blocsenresidencia.bcn.cat\/sagrerasantandreu2024\/wp-content\/uploads\/2024\/03\/IMG-20240313-WA0010-2-225x300.jpg 225w, https:\/\/blocsenresidencia.bcn.cat\/sagrerasantandreu2024\/wp-content\/uploads\/2024\/03\/IMG-20240313-WA0010-2-1152x1536.jpg 1152w, https:\/\/blocsenresidencia.bcn.cat\/sagrerasantandreu2024\/wp-content\/uploads\/2024\/03\/IMG-20240313-WA0010-2.jpg 1536w\" sizes=\"auto, (max-width: 767px) 89vw, (max-width: 1000px) 54vw, (max-width: 1071px) 543px, 580px\" \/><\/figure>\n","protected":false},"excerpt":{"rendered":"<p>El dimecres dia 13 de mar\u00e7 vam organitzar una sessi\u00f3 oberta de Creadors en Resid\u00e8ncia de cara al professorat del nostre institut, de mode que ens vam quedar (gaireb\u00e9) tots a dinar i a la tarda els hi vam fer la nostra \u201cclasse\u201d als professors. La sessi\u00f3 es va desenvolupar aix\u00ed: En primer lloc, vam &hellip; <\/p>\n<p class=\"link-more\"><a href=\"https:\/\/blocsenresidencia.bcn.cat\/sagrerasantandreu2024\/sessio-oberta-al-professorat\/\" class=\"more-link\">Continua llegint <span class=\"screen-reader-text\">\u00abSessi\u00f3 oberta al professorat\u00bb<\/span><\/a><\/p>\n","protected":false},"author":11,"featured_media":0,"comment_status":"open","ping_status":"open","sticky":false,"template":"","format":"standard","meta":{"footnotes":""},"categories":[1],"tags":[],"class_list":["post-441","post","type-post","status-publish","format-standard","hentry","category-general"],"_links":{"self":[{"href":"https:\/\/blocsenresidencia.bcn.cat\/sagrerasantandreu2024\/wp-json\/wp\/v2\/posts\/441","targetHints":{"allow":["GET"]}}],"collection":[{"href":"https:\/\/blocsenresidencia.bcn.cat\/sagrerasantandreu2024\/wp-json\/wp\/v2\/posts"}],"about":[{"href":"https:\/\/blocsenresidencia.bcn.cat\/sagrerasantandreu2024\/wp-json\/wp\/v2\/types\/post"}],"author":[{"embeddable":true,"href":"https:\/\/blocsenresidencia.bcn.cat\/sagrerasantandreu2024\/wp-json\/wp\/v2\/users\/11"}],"replies":[{"embeddable":true,"href":"https:\/\/blocsenresidencia.bcn.cat\/sagrerasantandreu2024\/wp-json\/wp\/v2\/comments?post=441"}],"version-history":[{"count":5,"href":"https:\/\/blocsenresidencia.bcn.cat\/sagrerasantandreu2024\/wp-json\/wp\/v2\/posts\/441\/revisions"}],"predecessor-version":[{"id":457,"href":"https:\/\/blocsenresidencia.bcn.cat\/sagrerasantandreu2024\/wp-json\/wp\/v2\/posts\/441\/revisions\/457"}],"wp:attachment":[{"href":"https:\/\/blocsenresidencia.bcn.cat\/sagrerasantandreu2024\/wp-json\/wp\/v2\/media?parent=441"}],"wp:term":[{"taxonomy":"category","embeddable":true,"href":"https:\/\/blocsenresidencia.bcn.cat\/sagrerasantandreu2024\/wp-json\/wp\/v2\/categories?post=441"},{"taxonomy":"post_tag","embeddable":true,"href":"https:\/\/blocsenresidencia.bcn.cat\/sagrerasantandreu2024\/wp-json\/wp\/v2\/tags?post=441"}],"curies":[{"name":"wp","href":"https:\/\/api.w.org\/{rel}","templated":true}]}}