{"id":484,"date":"2024-09-12T14:27:46","date_gmt":"2024-09-12T12:27:46","guid":{"rendered":"https:\/\/blocsenresidencia.bcn.cat\/sagrerasantandreu2024\/?p=484"},"modified":"2024-09-12T14:27:46","modified_gmt":"2024-09-12T12:27:46","slug":"presentacio-final","status":"publish","type":"post","link":"https:\/\/blocsenresidencia.bcn.cat\/sagrerasantandreu2024\/presentacio-final\/","title":{"rendered":"Presentaci\u00f3 final"},"content":{"rendered":"\n<p>L&#8217;11 de juny l&#8217;alumnat i la Tatiana Donoso vam presentar l&#8217;obra final de Creadors en Resid\u00e8ncia a la F\u00e0brica de Creaci\u00f3 Fabra i Coats, conjuntament amb el projecte &#8216;Aula Port\u00e0til&#8217; de Biel Llin\u00e0s i els alumnes de l&#8217;Institut Nou Barris.<\/p>\n\n\n\n<figure class=\"wp-block-image size-large\"><img loading=\"lazy\" decoding=\"async\" width=\"1024\" height=\"768\" src=\"https:\/\/blocsenresidencia.bcn.cat\/sagrerasantandreu2024\/wp-content\/uploads\/2024\/09\/16-copia-2-1024x768.jpeg\" alt=\"\" class=\"wp-image-485\" srcset=\"https:\/\/blocsenresidencia.bcn.cat\/sagrerasantandreu2024\/wp-content\/uploads\/2024\/09\/16-copia-2-1024x768.jpeg 1024w, https:\/\/blocsenresidencia.bcn.cat\/sagrerasantandreu2024\/wp-content\/uploads\/2024\/09\/16-copia-2-300x225.jpeg 300w, https:\/\/blocsenresidencia.bcn.cat\/sagrerasantandreu2024\/wp-content\/uploads\/2024\/09\/16-copia-2-768x576.jpeg 768w, https:\/\/blocsenresidencia.bcn.cat\/sagrerasantandreu2024\/wp-content\/uploads\/2024\/09\/16-copia-2-1536x1152.jpeg 1536w, https:\/\/blocsenresidencia.bcn.cat\/sagrerasantandreu2024\/wp-content\/uploads\/2024\/09\/16-copia-2-2048x1536.jpeg 2048w\" sizes=\"auto, (max-width: 767px) 89vw, (max-width: 1000px) 54vw, (max-width: 1071px) 543px, 580px\" \/><\/figure>\n\n\n\n<p>Vam passar el dia a la Fabra i Coats preparant la presentaci\u00f3 juntament amb l&#8217;equip de mediaci\u00f3 i la professora d&#8217;art, que ha acompanyat aquest proc\u00e9s. A les 17:30 entraven un p\u00fablic molt nombr\u00f3s amb convidats de diferent proced\u00e8ncia (familiars, docents, gent del barri i d&#8217;altres instituts..)<\/p>\n\n\n\n<figure class=\"wp-block-image size-large\"><img loading=\"lazy\" decoding=\"async\" width=\"1024\" height=\"768\" src=\"https:\/\/blocsenresidencia.bcn.cat\/sagrerasantandreu2024\/wp-content\/uploads\/2024\/09\/IMG_7348-1024x768.jpeg\" alt=\"\" class=\"wp-image-486\" srcset=\"https:\/\/blocsenresidencia.bcn.cat\/sagrerasantandreu2024\/wp-content\/uploads\/2024\/09\/IMG_7348-1024x768.jpeg 1024w, https:\/\/blocsenresidencia.bcn.cat\/sagrerasantandreu2024\/wp-content\/uploads\/2024\/09\/IMG_7348-300x225.jpeg 300w, https:\/\/blocsenresidencia.bcn.cat\/sagrerasantandreu2024\/wp-content\/uploads\/2024\/09\/IMG_7348-768x576.jpeg 768w, https:\/\/blocsenresidencia.bcn.cat\/sagrerasantandreu2024\/wp-content\/uploads\/2024\/09\/IMG_7348-1536x1152.jpeg 1536w, https:\/\/blocsenresidencia.bcn.cat\/sagrerasantandreu2024\/wp-content\/uploads\/2024\/09\/IMG_7348-2048x1536.jpeg 2048w\" sizes=\"auto, (max-width: 767px) 89vw, (max-width: 1000px) 54vw, (max-width: 1071px) 543px, 580px\" \/><\/figure>\n\n\n\n<figure class=\"wp-block-image size-large\"><img loading=\"lazy\" decoding=\"async\" width=\"1024\" height=\"768\" src=\"https:\/\/blocsenresidencia.bcn.cat\/sagrerasantandreu2024\/wp-content\/uploads\/2024\/09\/IMG_7351-1024x768.jpeg\" alt=\"\" class=\"wp-image-487\" srcset=\"https:\/\/blocsenresidencia.bcn.cat\/sagrerasantandreu2024\/wp-content\/uploads\/2024\/09\/IMG_7351-1024x768.jpeg 1024w, https:\/\/blocsenresidencia.bcn.cat\/sagrerasantandreu2024\/wp-content\/uploads\/2024\/09\/IMG_7351-300x225.jpeg 300w, https:\/\/blocsenresidencia.bcn.cat\/sagrerasantandreu2024\/wp-content\/uploads\/2024\/09\/IMG_7351-768x576.jpeg 768w, https:\/\/blocsenresidencia.bcn.cat\/sagrerasantandreu2024\/wp-content\/uploads\/2024\/09\/IMG_7351-1536x1152.jpeg 1536w, https:\/\/blocsenresidencia.bcn.cat\/sagrerasantandreu2024\/wp-content\/uploads\/2024\/09\/IMG_7351-2048x1536.jpeg 2048w\" sizes=\"auto, (max-width: 767px) 89vw, (max-width: 1000px) 54vw, (max-width: 1071px) 543px, 580px\" \/><\/figure>\n\n\n\n<figure class=\"wp-block-image size-large\"><img loading=\"lazy\" decoding=\"async\" width=\"1024\" height=\"768\" src=\"https:\/\/blocsenresidencia.bcn.cat\/sagrerasantandreu2024\/wp-content\/uploads\/2024\/09\/IMG_7349-1024x768.jpeg\" alt=\"\" class=\"wp-image-488\" srcset=\"https:\/\/blocsenresidencia.bcn.cat\/sagrerasantandreu2024\/wp-content\/uploads\/2024\/09\/IMG_7349-1024x768.jpeg 1024w, https:\/\/blocsenresidencia.bcn.cat\/sagrerasantandreu2024\/wp-content\/uploads\/2024\/09\/IMG_7349-300x225.jpeg 300w, https:\/\/blocsenresidencia.bcn.cat\/sagrerasantandreu2024\/wp-content\/uploads\/2024\/09\/IMG_7349-768x576.jpeg 768w, https:\/\/blocsenresidencia.bcn.cat\/sagrerasantandreu2024\/wp-content\/uploads\/2024\/09\/IMG_7349-1536x1152.jpeg 1536w, https:\/\/blocsenresidencia.bcn.cat\/sagrerasantandreu2024\/wp-content\/uploads\/2024\/09\/IMG_7349-2048x1536.jpeg 2048w\" sizes=\"auto, (max-width: 767px) 89vw, (max-width: 1000px) 54vw, (max-width: 1071px) 543px, 580px\" \/><\/figure>\n\n\n\n<p>L&#8217;obra portava per t\u00edtol &#8221; No hay nada m\u00e1s lindo que lo que hacemos juntas&#8221; i presentava una instal\u00b7laci\u00f3 de peces de roba reciclada que integrava les diferents obres art\u00edstiques dels alumnes, teixint un espai de mem\u00f2ria \u00edntima i quotidiana. A la presentaci\u00f3 tamb\u00e9 va haver una lectura en directe d&#8217;alguns d&#8217;aquests poemes i un petita explicaci\u00f3 del proc\u00e9s de creaci\u00f3.<\/p>\n\n\n\n<figure class=\"wp-block-image size-large\"><img loading=\"lazy\" decoding=\"async\" width=\"1024\" height=\"768\" src=\"https:\/\/blocsenresidencia.bcn.cat\/sagrerasantandreu2024\/wp-content\/uploads\/2024\/09\/IMG_7355-1024x768.jpeg\" alt=\"\" class=\"wp-image-489\" srcset=\"https:\/\/blocsenresidencia.bcn.cat\/sagrerasantandreu2024\/wp-content\/uploads\/2024\/09\/IMG_7355-1024x768.jpeg 1024w, https:\/\/blocsenresidencia.bcn.cat\/sagrerasantandreu2024\/wp-content\/uploads\/2024\/09\/IMG_7355-300x225.jpeg 300w, https:\/\/blocsenresidencia.bcn.cat\/sagrerasantandreu2024\/wp-content\/uploads\/2024\/09\/IMG_7355-768x576.jpeg 768w, https:\/\/blocsenresidencia.bcn.cat\/sagrerasantandreu2024\/wp-content\/uploads\/2024\/09\/IMG_7355-1536x1152.jpeg 1536w, https:\/\/blocsenresidencia.bcn.cat\/sagrerasantandreu2024\/wp-content\/uploads\/2024\/09\/IMG_7355-2048x1536.jpeg 2048w\" sizes=\"auto, (max-width: 767px) 89vw, (max-width: 1000px) 54vw, (max-width: 1071px) 543px, 580px\" \/><\/figure>\n\n\n\n<figure class=\"wp-block-image size-large\"><img loading=\"lazy\" decoding=\"async\" width=\"1024\" height=\"768\" src=\"https:\/\/blocsenresidencia.bcn.cat\/sagrerasantandreu2024\/wp-content\/uploads\/2024\/09\/IMG_7353-1024x768.jpeg\" alt=\"\" class=\"wp-image-490\" srcset=\"https:\/\/blocsenresidencia.bcn.cat\/sagrerasantandreu2024\/wp-content\/uploads\/2024\/09\/IMG_7353-1024x768.jpeg 1024w, https:\/\/blocsenresidencia.bcn.cat\/sagrerasantandreu2024\/wp-content\/uploads\/2024\/09\/IMG_7353-300x225.jpeg 300w, https:\/\/blocsenresidencia.bcn.cat\/sagrerasantandreu2024\/wp-content\/uploads\/2024\/09\/IMG_7353-768x576.jpeg 768w, https:\/\/blocsenresidencia.bcn.cat\/sagrerasantandreu2024\/wp-content\/uploads\/2024\/09\/IMG_7353-1536x1152.jpeg 1536w, https:\/\/blocsenresidencia.bcn.cat\/sagrerasantandreu2024\/wp-content\/uploads\/2024\/09\/IMG_7353-2048x1536.jpeg 2048w\" sizes=\"auto, (max-width: 767px) 89vw, (max-width: 1000px) 54vw, (max-width: 1071px) 543px, 580px\" \/><\/figure>\n\n\n\n<figure class=\"wp-block-image size-large\"><img loading=\"lazy\" decoding=\"async\" width=\"1024\" height=\"768\" src=\"https:\/\/blocsenresidencia.bcn.cat\/sagrerasantandreu2024\/wp-content\/uploads\/2024\/09\/IMG_7354-1024x768.jpeg\" alt=\"\" class=\"wp-image-491\" srcset=\"https:\/\/blocsenresidencia.bcn.cat\/sagrerasantandreu2024\/wp-content\/uploads\/2024\/09\/IMG_7354-1024x768.jpeg 1024w, https:\/\/blocsenresidencia.bcn.cat\/sagrerasantandreu2024\/wp-content\/uploads\/2024\/09\/IMG_7354-300x225.jpeg 300w, https:\/\/blocsenresidencia.bcn.cat\/sagrerasantandreu2024\/wp-content\/uploads\/2024\/09\/IMG_7354-768x576.jpeg 768w, https:\/\/blocsenresidencia.bcn.cat\/sagrerasantandreu2024\/wp-content\/uploads\/2024\/09\/IMG_7354-1536x1152.jpeg 1536w, https:\/\/blocsenresidencia.bcn.cat\/sagrerasantandreu2024\/wp-content\/uploads\/2024\/09\/IMG_7354-2048x1536.jpeg 2048w\" sizes=\"auto, (max-width: 767px) 89vw, (max-width: 1000px) 54vw, (max-width: 1071px) 543px, 580px\" \/><\/figure>\n","protected":false},"excerpt":{"rendered":"<p>L&#8217;11 de juny l&#8217;alumnat i la Tatiana Donoso vam presentar l&#8217;obra final de Creadors en Resid\u00e8ncia a la F\u00e0brica de Creaci\u00f3 Fabra i Coats, conjuntament amb el projecte &#8216;Aula Port\u00e0til&#8217; de Biel Llin\u00e0s i els alumnes de l&#8217;Institut Nou Barris. Vam passar el dia a la Fabra i Coats preparant la presentaci\u00f3 juntament amb l&#8217;equip &hellip; <\/p>\n<p class=\"link-more\"><a href=\"https:\/\/blocsenresidencia.bcn.cat\/sagrerasantandreu2024\/presentacio-final\/\" class=\"more-link\">Continua llegint <span class=\"screen-reader-text\">\u00abPresentaci\u00f3 final\u00bb<\/span><\/a><\/p>\n","protected":false},"author":11,"featured_media":0,"comment_status":"open","ping_status":"open","sticky":false,"template":"","format":"standard","meta":{"footnotes":""},"categories":[1],"tags":[],"class_list":["post-484","post","type-post","status-publish","format-standard","hentry","category-general"],"_links":{"self":[{"href":"https:\/\/blocsenresidencia.bcn.cat\/sagrerasantandreu2024\/wp-json\/wp\/v2\/posts\/484","targetHints":{"allow":["GET"]}}],"collection":[{"href":"https:\/\/blocsenresidencia.bcn.cat\/sagrerasantandreu2024\/wp-json\/wp\/v2\/posts"}],"about":[{"href":"https:\/\/blocsenresidencia.bcn.cat\/sagrerasantandreu2024\/wp-json\/wp\/v2\/types\/post"}],"author":[{"embeddable":true,"href":"https:\/\/blocsenresidencia.bcn.cat\/sagrerasantandreu2024\/wp-json\/wp\/v2\/users\/11"}],"replies":[{"embeddable":true,"href":"https:\/\/blocsenresidencia.bcn.cat\/sagrerasantandreu2024\/wp-json\/wp\/v2\/comments?post=484"}],"version-history":[{"count":1,"href":"https:\/\/blocsenresidencia.bcn.cat\/sagrerasantandreu2024\/wp-json\/wp\/v2\/posts\/484\/revisions"}],"predecessor-version":[{"id":492,"href":"https:\/\/blocsenresidencia.bcn.cat\/sagrerasantandreu2024\/wp-json\/wp\/v2\/posts\/484\/revisions\/492"}],"wp:attachment":[{"href":"https:\/\/blocsenresidencia.bcn.cat\/sagrerasantandreu2024\/wp-json\/wp\/v2\/media?parent=484"}],"wp:term":[{"taxonomy":"category","embeddable":true,"href":"https:\/\/blocsenresidencia.bcn.cat\/sagrerasantandreu2024\/wp-json\/wp\/v2\/categories?post=484"},{"taxonomy":"post_tag","embeddable":true,"href":"https:\/\/blocsenresidencia.bcn.cat\/sagrerasantandreu2024\/wp-json\/wp\/v2\/tags?post=484"}],"curies":[{"name":"wp","href":"https:\/\/api.w.org\/{rel}","templated":true}]}}