{"id":1,"date":"2022-09-22T11:43:51","date_gmt":"2022-09-22T09:43:51","guid":{"rendered":"https:\/\/blocsenresidencia.bcn.cat\/salvadorespriu2023\/?p=1"},"modified":"2023-01-26T16:13:10","modified_gmt":"2023-01-26T14:13:10","slug":"nus-teatre-en-residencia-a-linstitut-salvador-espriu","status":"publish","type":"post","link":"https:\/\/blocsenresidencia.bcn.cat\/salvadorespriu2023\/2022\/09\/22\/nus-teatre-en-residencia-a-linstitut-salvador-espriu\/","title":{"rendered":"Nus Teatre EN RESiD\u00c8NCiA a l&#8217;Institut Salvador Espriu"},"content":{"rendered":"\n<p>Nus Teatre ja ha iniciat el proc\u00e9s de creaci\u00f3 EN RESiD\u00c8NCiA a l&#8217;Institut Salvador Espriu, amb un grup d\u2019alumnes de 4t d\u2019ESO, el professor Crist\u00f3bal Carrasco i la professora M\u00f2nica Sandoval, i amb la mediaci\u00f3 de Transductores. En aquest blog podreu anar seguint moments clau d\u2019un proc\u00e9s obert, amb un final no pre-definit. Fins molt aviat!<\/p>\n\n\n\n<p><strong>NUS Cooperativa.<\/strong><\/p>\n\n\n\n<p>NUS som una cooperativa sense afany de lucre integrada per un equip interdisciplinar de professionals de les arts esc\u00e8niques i el m\u00f3n social. Desenvolupem espectacles, accions i processos transformadors amb perspectiva feminista i comunit\u00e0ria, des de la creativitat i la cura, per tractar tem\u00e0tiques socials i visibilitzar i transformar les relacions de poder.<\/p>\n\n\n\n<p>Al llarg de la nostra traject\u00f2ria, hem desplegat diversos espectacles teatrals participatius, destinats a infants, joves i ciutadania en general, com entre altres:<a href=\"https:\/\/nus.coop\/wp-content\/uploads\/2022\/07\/2022-Dossier-Mon%C3%B2legs-a-la-Pla%C3%A7a.pdf\">\u201cMon\u00f2legs a la pla\u00e7a<\/a>\u201d;<a href=\"https:\/\/nus.coop\/wp-content\/uploads\/2022\/01\/2022-Dossier-I-qu%C3%A8i-qu%C3%A8_NUS.pdf\">\u201c I qu\u00e8. i qu\u00e8?\u201c<\/a> <a href=\"https:\/\/nus.coop\/wp-content\/uploads\/2022\/04\/2022Dossier-%C3%89s-de-conya_NUS-.pdf\">\u201c\u00c9s de conya<\/a>\u201d<a href=\"https:\/\/nus.coop\/wp-content\/uploads\/2020\/04\/Dossier-1000LIKES_NUS-cooperativa_.pdf\"> #1000LIKES<\/a>;<a href=\"https:\/\/nus.coop\/wp-content\/uploads\/2020\/04\/Dossier-La-Perruca-de-NUS-Teatre.pdf\"> \u201cLa Perruca\u201d<\/a><a href=\"https:\/\/nus.coop\/wp-content\/uploads\/2021\/01\/Dossier-Microteatre-a-laula.pdf\">\u201cMicroteatre a l\u2019aula\u201d<\/a><a href=\"https:\/\/nus.coop\/wp-content\/uploads\/2022\/06\/Dossier-Salut-i-Teatre.pdf\"> Salut i Teatre&nbsp;<\/a><\/p>\n\n\n\n<p>Paral\u00b7lelament, hem acompanyat a diversos <a href=\"https:\/\/nus.coop\/projectes\/creem-un-espectacle-contra-el-masclisme\/\">grups de joves<\/a> i <a href=\"https:\/\/nus.coop\/projectes\/teatre-social-dones-artistes-activistes\/\">adultes<\/a> a realitzar els seus propis processos creatius, al voltant de les tem\u00e0tiques que m\u00e9s els interessen.&nbsp;<\/p>\n\n\n\n<p>En clau de sensibilitzaci\u00f3 i prevenci\u00f3, seguim desenvolupant cada any noves propostes de <a href=\"https:\/\/nus.coop\/que_oferim\/tallers\/\">tallers<\/a> i <a href=\"https:\/\/nus.coop\/que_oferim\/formacions\/\">formacions per a professionals<\/a>, que ens ajudin a avan\u00e7ar cap a una societat justa i igualit\u00e0ria.\u00a0<\/p>\n\n\n\n<figure class=\"wp-block-image size-large\"><img loading=\"lazy\" decoding=\"async\" width=\"1024\" height=\"683\" src=\"https:\/\/blocsenresidencia.bcn.cat\/salvadorespriu2023\/wp-content\/uploads\/2023\/01\/NUS2-1024x683.jpg\" alt=\"\" class=\"wp-image-51\" srcset=\"https:\/\/blocsenresidencia.bcn.cat\/salvadorespriu2023\/wp-content\/uploads\/2023\/01\/NUS2-1024x683.jpg 1024w, https:\/\/blocsenresidencia.bcn.cat\/salvadorespriu2023\/wp-content\/uploads\/2023\/01\/NUS2-300x200.jpg 300w, https:\/\/blocsenresidencia.bcn.cat\/salvadorespriu2023\/wp-content\/uploads\/2023\/01\/NUS2-768x512.jpg 768w, https:\/\/blocsenresidencia.bcn.cat\/salvadorespriu2023\/wp-content\/uploads\/2023\/01\/NUS2.jpg 1536w\" sizes=\"auto, (max-width: 767px) 89vw, (max-width: 1000px) 54vw, (max-width: 1071px) 543px, 580px\" \/><\/figure>\n\n\n\n<p><strong>Proposta de treball<\/strong><\/p>\n\n\n\n<p>Partint de l\u2019experi\u00e8ncia de NUS proposem realitzar amb l\u2019alumnat un proc\u00e9s creatiu en el marc de les arts esc\u00e8niques, podent explorar diferents disciplines teatrals com s\u00f3n: la improvisaci\u00f3, el teatre de text, el teatre social o la performance.<\/p>\n\n\n\n<p>Durant el proc\u00e9s creatiu, treballarem de forma paral\u00b7lela tant l\u2019exploraci\u00f3 de les tem\u00e0tiques i continguts, com la forma de portar-los a escena, tenint com a objectiu la realitzaci\u00f3 d\u2019una pe\u00e7a teatral de forma col\u00b7lectiva, i les habilitats i capacitats per incorporar la participaci\u00f3 del p\u00fablic, el dia de la presentaci\u00f3.<\/p>\n\n\n\n<p><strong>El Poder, la Participaci\u00f3 i la Creativitat com a eixos centrals<\/strong><\/p>\n\n\n\n<p>A NUS volem una societat justa on totes les persones puguem desplegar-nos amb llibertat. Per aconseguir-ho, la mirada feminista ens aporta una visi\u00f3 estructural de les desigualtats i de les viol\u00e8ncies i tenir en compte la complexitat de les variables entrecreuades que constitueixen situacions d\u2019exclusi\u00f3 o privilegi, en tots els grups i contextos. Partim de la base que en el nostre context existeixen diversos eixos d\u2019opressi\u00f3 que atorguen m\u00e9s poder i privilegis a un sector de la poblaci\u00f3, mentre s&#8217;exclou, es discrimina o s\u2019invisibilitza aquelles persones que es troben \u201cals marges\u201d. Aix\u00ed, la nostra proposta metodol\u00f2gica t\u00e9 com a eix central el poder, els seus usos i abusos, i incorporarem aquesta visi\u00f3 macrosocial en la tem\u00e0tica que els joves escullin treballar.<\/p>\n","protected":false},"excerpt":{"rendered":"<p>Nus Teatre ja ha iniciat el proc\u00e9s de creaci\u00f3 EN RESiD\u00c8NCiA a l&#8217;Institut Salvador Espriu, amb un grup d\u2019alumnes de 4t d\u2019ESO, el professor Crist\u00f3bal Carrasco i la professora M\u00f2nica Sandoval, i amb la mediaci\u00f3 de Transductores. En aquest blog podreu anar seguint moments clau d\u2019un proc\u00e9s obert, amb un final no pre-definit. Fins molt &hellip; <\/p>\n<p class=\"link-more\"><a href=\"https:\/\/blocsenresidencia.bcn.cat\/salvadorespriu2023\/2022\/09\/22\/nus-teatre-en-residencia-a-linstitut-salvador-espriu\/\" class=\"more-link\">Continua llegint <span class=\"screen-reader-text\">\u00abNus Teatre EN RESiD\u00c8NCiA a l&#8217;Institut Salvador Espriu\u00bb<\/span><\/a><\/p>\n","protected":false},"author":1,"featured_media":0,"comment_status":"open","ping_status":"open","sticky":false,"template":"","format":"standard","meta":{"footnotes":""},"categories":[1],"tags":[],"class_list":["post-1","post","type-post","status-publish","format-standard","hentry","category-general"],"_links":{"self":[{"href":"https:\/\/blocsenresidencia.bcn.cat\/salvadorespriu2023\/wp-json\/wp\/v2\/posts\/1","targetHints":{"allow":["GET"]}}],"collection":[{"href":"https:\/\/blocsenresidencia.bcn.cat\/salvadorespriu2023\/wp-json\/wp\/v2\/posts"}],"about":[{"href":"https:\/\/blocsenresidencia.bcn.cat\/salvadorespriu2023\/wp-json\/wp\/v2\/types\/post"}],"author":[{"embeddable":true,"href":"https:\/\/blocsenresidencia.bcn.cat\/salvadorespriu2023\/wp-json\/wp\/v2\/users\/1"}],"replies":[{"embeddable":true,"href":"https:\/\/blocsenresidencia.bcn.cat\/salvadorespriu2023\/wp-json\/wp\/v2\/comments?post=1"}],"version-history":[{"count":3,"href":"https:\/\/blocsenresidencia.bcn.cat\/salvadorespriu2023\/wp-json\/wp\/v2\/posts\/1\/revisions"}],"predecessor-version":[{"id":53,"href":"https:\/\/blocsenresidencia.bcn.cat\/salvadorespriu2023\/wp-json\/wp\/v2\/posts\/1\/revisions\/53"}],"wp:attachment":[{"href":"https:\/\/blocsenresidencia.bcn.cat\/salvadorespriu2023\/wp-json\/wp\/v2\/media?parent=1"}],"wp:term":[{"taxonomy":"category","embeddable":true,"href":"https:\/\/blocsenresidencia.bcn.cat\/salvadorespriu2023\/wp-json\/wp\/v2\/categories?post=1"},{"taxonomy":"post_tag","embeddable":true,"href":"https:\/\/blocsenresidencia.bcn.cat\/salvadorespriu2023\/wp-json\/wp\/v2\/tags?post=1"}],"curies":[{"name":"wp","href":"https:\/\/api.w.org\/{rel}","templated":true}]}}