{"id":72,"date":"2022-12-20T14:31:35","date_gmt":"2022-12-20T12:31:35","guid":{"rendered":"https:\/\/blocsenresidencia.bcn.cat\/salvadorespriu2023\/?p=72"},"modified":"2023-03-02T14:33:07","modified_gmt":"2023-03-02T12:33:07","slug":"primer-trimestre-de-nus-teatre","status":"publish","type":"post","link":"https:\/\/blocsenresidencia.bcn.cat\/salvadorespriu2023\/2022\/12\/20\/primer-trimestre-de-nus-teatre\/","title":{"rendered":"Primer trimestre de NUS Teatre"},"content":{"rendered":"\n<p>Us deixem aqu\u00ed un petit resum dels processos creatius que hem desenvolupat amb el grup de 4t A de l&#8217;ESO de l&#8217;institut.<\/p>\n\n\n\n<p>En general hem estat en una primera part fent diverses activitats de coneixement de grup i sobretot jocs teatrals per aprendre a moure&#8217;ns, a situar-nos, a generar espais de confian\u00e7a i, molt important, d&#8217;escolta. Alguns dels jocs que hem desenvolupat s\u00f3n: presentar confer\u00e8ncies amb llenguatges inventats, el llop, el vaixell, la hist\u00f2ria de parla o mor, comptar fins a 20 sense solapar-se, etc\u2026<\/p>\n\n\n\n<figure class=\"wp-block-gallery has-nested-images columns-default is-cropped wp-block-gallery-1 is-layout-flex wp-block-gallery-is-layout-flex\">\n<figure class=\"wp-block-image size-large\"><img loading=\"lazy\" decoding=\"async\" width=\"1024\" height=\"462\" data-id=\"76\" src=\"https:\/\/blocsenresidencia.bcn.cat\/salvadorespriu2023\/wp-content\/uploads\/2023\/03\/20221124_125254-1-1024x462.jpg\" alt=\"\" class=\"wp-image-76\" srcset=\"https:\/\/blocsenresidencia.bcn.cat\/salvadorespriu2023\/wp-content\/uploads\/2023\/03\/20221124_125254-1-1024x462.jpg 1024w, https:\/\/blocsenresidencia.bcn.cat\/salvadorespriu2023\/wp-content\/uploads\/2023\/03\/20221124_125254-1-300x135.jpg 300w, https:\/\/blocsenresidencia.bcn.cat\/salvadorespriu2023\/wp-content\/uploads\/2023\/03\/20221124_125254-1-768x346.jpg 768w, https:\/\/blocsenresidencia.bcn.cat\/salvadorespriu2023\/wp-content\/uploads\/2023\/03\/20221124_125254-1-1536x692.jpg 1536w, https:\/\/blocsenresidencia.bcn.cat\/salvadorespriu2023\/wp-content\/uploads\/2023\/03\/20221124_125254-1-2048x923.jpg 2048w\" sizes=\"auto, (max-width: 767px) 89vw, (max-width: 1000px) 54vw, (max-width: 1071px) 543px, 580px\" \/><\/figure>\n\n\n\n<figure class=\"wp-block-image size-large\"><img loading=\"lazy\" decoding=\"async\" width=\"1024\" height=\"577\" data-id=\"77\" src=\"https:\/\/blocsenresidencia.bcn.cat\/salvadorespriu2023\/wp-content\/uploads\/2023\/03\/20221103_131847-1024x577.jpg\" alt=\"\" class=\"wp-image-77\" srcset=\"https:\/\/blocsenresidencia.bcn.cat\/salvadorespriu2023\/wp-content\/uploads\/2023\/03\/20221103_131847-1024x577.jpg 1024w, https:\/\/blocsenresidencia.bcn.cat\/salvadorespriu2023\/wp-content\/uploads\/2023\/03\/20221103_131847-300x169.jpg 300w, https:\/\/blocsenresidencia.bcn.cat\/salvadorespriu2023\/wp-content\/uploads\/2023\/03\/20221103_131847-768x432.jpg 768w, https:\/\/blocsenresidencia.bcn.cat\/salvadorespriu2023\/wp-content\/uploads\/2023\/03\/20221103_131847-1536x865.jpg 1536w, https:\/\/blocsenresidencia.bcn.cat\/salvadorespriu2023\/wp-content\/uploads\/2023\/03\/20221103_131847-2048x1153.jpg 2048w\" sizes=\"auto, (max-width: 767px) 89vw, (max-width: 1000px) 54vw, (max-width: 1071px) 543px, 580px\" \/><\/figure>\n\n\n\n<figure class=\"wp-block-image size-large\"><img loading=\"lazy\" decoding=\"async\" width=\"1024\" height=\"576\" data-id=\"75\" src=\"https:\/\/blocsenresidencia.bcn.cat\/salvadorespriu2023\/wp-content\/uploads\/2023\/03\/WhatsApp-Image-2023-01-19-at-13.25.36-1024x576.jpeg\" alt=\"\" class=\"wp-image-75\" srcset=\"https:\/\/blocsenresidencia.bcn.cat\/salvadorespriu2023\/wp-content\/uploads\/2023\/03\/WhatsApp-Image-2023-01-19-at-13.25.36-1024x576.jpeg 1024w, https:\/\/blocsenresidencia.bcn.cat\/salvadorespriu2023\/wp-content\/uploads\/2023\/03\/WhatsApp-Image-2023-01-19-at-13.25.36-300x169.jpeg 300w, https:\/\/blocsenresidencia.bcn.cat\/salvadorespriu2023\/wp-content\/uploads\/2023\/03\/WhatsApp-Image-2023-01-19-at-13.25.36-768x432.jpeg 768w, https:\/\/blocsenresidencia.bcn.cat\/salvadorespriu2023\/wp-content\/uploads\/2023\/03\/WhatsApp-Image-2023-01-19-at-13.25.36-1536x864.jpeg 1536w, https:\/\/blocsenresidencia.bcn.cat\/salvadorespriu2023\/wp-content\/uploads\/2023\/03\/WhatsApp-Image-2023-01-19-at-13.25.36.jpeg 1600w\" sizes=\"auto, (max-width: 767px) 89vw, (max-width: 1000px) 54vw, (max-width: 1071px) 543px, 580px\" \/><\/figure>\n<\/figure>\n\n\n\n<p>Despr\u00e9s de diverses anades i voles d&#8217;intercanvi, va sorgir un tema clau, que va ser l&#8217;Adultocentrisme, on es creuava, intensificaven i comprenien molts temes i debats que vam mantenir. Amb aquest leitmotiv vam comen\u00e7ar llavors a fer m\u00e9s improvisacions que donessin lloc a diverses escenes de teatre. En aquest marc, vam veure l&#8217;oportunitat que la contaminaci\u00f3 funcion\u00e9s com una primera presa de contacte del teatre i del tema escollit.<\/p>\n\n\n\n<figure class=\"wp-block-gallery has-nested-images columns-default is-cropped wp-block-gallery-2 is-layout-flex wp-block-gallery-is-layout-flex\">\n<figure class=\"wp-block-image size-large\"><img loading=\"lazy\" decoding=\"async\" width=\"1024\" height=\"577\" data-id=\"79\" src=\"https:\/\/blocsenresidencia.bcn.cat\/salvadorespriu2023\/wp-content\/uploads\/2023\/03\/20221027_132119-1024x577.jpg\" alt=\"\" class=\"wp-image-79\" srcset=\"https:\/\/blocsenresidencia.bcn.cat\/salvadorespriu2023\/wp-content\/uploads\/2023\/03\/20221027_132119-1024x577.jpg 1024w, https:\/\/blocsenresidencia.bcn.cat\/salvadorespriu2023\/wp-content\/uploads\/2023\/03\/20221027_132119-300x169.jpg 300w, https:\/\/blocsenresidencia.bcn.cat\/salvadorespriu2023\/wp-content\/uploads\/2023\/03\/20221027_132119-768x432.jpg 768w, https:\/\/blocsenresidencia.bcn.cat\/salvadorespriu2023\/wp-content\/uploads\/2023\/03\/20221027_132119-1536x865.jpg 1536w, https:\/\/blocsenresidencia.bcn.cat\/salvadorespriu2023\/wp-content\/uploads\/2023\/03\/20221027_132119-2048x1153.jpg 2048w\" sizes=\"auto, (max-width: 767px) 89vw, (max-width: 1000px) 54vw, (max-width: 1071px) 543px, 580px\" \/><\/figure>\n<\/figure>\n\n\n\n<p>Amb aquestes din\u00e0miques, tamb\u00e9 vam comen\u00e7ar a fer impros sobre diverses escenes i temes que al grup de joves els interessava: escenes de carrer, d&#8217;est\u00e0tues, de problemes al metro, de friccions amb la fam\u00edlia o adults&#8230;. <\/p>\n\n\n\n<p> Amb totes aquestes petites improvisacions vam intentar generar grups que defensessin una tem\u00e0tica per defensar a l&#8217;obra: en van sorgir diverses, per\u00f2 sempre s&#8217;obria molt el debat amb diverses postures i conflictes que no donaven peu a poder triar-ne una. Aix\u00ed van sortir temes d&#8217;incomprensi\u00f3, del canvi clim\u00e0tic, de viol\u00e8ncies a l&#8217;institut\u2026<\/p>\n","protected":false},"excerpt":{"rendered":"<p>Us deixem aqu\u00ed un petit resum dels processos creatius que hem desenvolupat amb el grup de 4t A de l&#8217;ESO de l&#8217;institut. En general hem estat en una primera part fent diverses activitats de coneixement de grup i sobretot jocs teatrals per aprendre a moure&#8217;ns, a situar-nos, a generar espais de confian\u00e7a i, molt important, &hellip; <\/p>\n<p class=\"link-more\"><a href=\"https:\/\/blocsenresidencia.bcn.cat\/salvadorespriu2023\/2022\/12\/20\/primer-trimestre-de-nus-teatre\/\" class=\"more-link\">Continua llegint <span class=\"screen-reader-text\">\u00abPrimer trimestre de NUS Teatre\u00bb<\/span><\/a><\/p>\n","protected":false},"author":3,"featured_media":0,"comment_status":"open","ping_status":"open","sticky":false,"template":"","format":"standard","meta":{"footnotes":""},"categories":[1],"tags":[],"class_list":["post-72","post","type-post","status-publish","format-standard","hentry","category-general"],"_links":{"self":[{"href":"https:\/\/blocsenresidencia.bcn.cat\/salvadorespriu2023\/wp-json\/wp\/v2\/posts\/72","targetHints":{"allow":["GET"]}}],"collection":[{"href":"https:\/\/blocsenresidencia.bcn.cat\/salvadorespriu2023\/wp-json\/wp\/v2\/posts"}],"about":[{"href":"https:\/\/blocsenresidencia.bcn.cat\/salvadorespriu2023\/wp-json\/wp\/v2\/types\/post"}],"author":[{"embeddable":true,"href":"https:\/\/blocsenresidencia.bcn.cat\/salvadorespriu2023\/wp-json\/wp\/v2\/users\/3"}],"replies":[{"embeddable":true,"href":"https:\/\/blocsenresidencia.bcn.cat\/salvadorespriu2023\/wp-json\/wp\/v2\/comments?post=72"}],"version-history":[{"count":3,"href":"https:\/\/blocsenresidencia.bcn.cat\/salvadorespriu2023\/wp-json\/wp\/v2\/posts\/72\/revisions"}],"predecessor-version":[{"id":81,"href":"https:\/\/blocsenresidencia.bcn.cat\/salvadorespriu2023\/wp-json\/wp\/v2\/posts\/72\/revisions\/81"}],"wp:attachment":[{"href":"https:\/\/blocsenresidencia.bcn.cat\/salvadorespriu2023\/wp-json\/wp\/v2\/media?parent=72"}],"wp:term":[{"taxonomy":"category","embeddable":true,"href":"https:\/\/blocsenresidencia.bcn.cat\/salvadorespriu2023\/wp-json\/wp\/v2\/categories?post=72"},{"taxonomy":"post_tag","embeddable":true,"href":"https:\/\/blocsenresidencia.bcn.cat\/salvadorespriu2023\/wp-json\/wp\/v2\/tags?post=72"}],"curies":[{"name":"wp","href":"https:\/\/api.w.org\/{rel}","templated":true}]}}