{"id":93,"date":"2023-06-20T12:52:37","date_gmt":"2023-06-20T10:52:37","guid":{"rendered":"https:\/\/blocsenresidencia.bcn.cat\/salvadorespriu2023\/?p=93"},"modified":"2023-06-20T12:52:37","modified_gmt":"2023-06-20T10:52:37","slug":"estrena-de-silencio-z-dimarts-13-de-juny-a-la-c-c-la-farinera-del-clot","status":"publish","type":"post","link":"https:\/\/blocsenresidencia.bcn.cat\/salvadorespriu2023\/2023\/06\/20\/estrena-de-silencio-z-dimarts-13-de-juny-a-la-c-c-la-farinera-del-clot\/","title":{"rendered":"Estrena de Silencio Z.  Dimarts 13 de juny, a la C.C. la Farinera del Clot"},"content":{"rendered":"\n<p><\/p>\n\n\n\n<p>El dimarts varen fer dues passes de la nostra pe\u00e7a final, amb quasi 15 escenes diferents, i uns 45 minuts de durada. Al mat\u00ed la v\u00e0rem fer per m\u00e9s de 140 persones, als grups de 4 i 5\u00e8 de l&#8217;institut Salvador Espriu. A la tarda, va ser una mostra oberta al p\u00fablic amb familiars, grups d&#8217;amics i professorat<\/p>\n\n\n\n<figure class=\"wp-block-image size-large\"><img loading=\"lazy\" decoding=\"async\" width=\"1024\" height=\"1024\" src=\"https:\/\/blocsenresidencia.bcn.cat\/salvadorespriu2023\/wp-content\/uploads\/2023\/06\/Invitacio-Nus-Teatre-1024x1024.jpg\" alt=\"\" class=\"wp-image-94\" srcset=\"https:\/\/blocsenresidencia.bcn.cat\/salvadorespriu2023\/wp-content\/uploads\/2023\/06\/Invitacio-Nus-Teatre-1024x1024.jpg 1024w, https:\/\/blocsenresidencia.bcn.cat\/salvadorespriu2023\/wp-content\/uploads\/2023\/06\/Invitacio-Nus-Teatre-300x300.jpg 300w, https:\/\/blocsenresidencia.bcn.cat\/salvadorespriu2023\/wp-content\/uploads\/2023\/06\/Invitacio-Nus-Teatre-150x150.jpg 150w, https:\/\/blocsenresidencia.bcn.cat\/salvadorespriu2023\/wp-content\/uploads\/2023\/06\/Invitacio-Nus-Teatre-768x768.jpg 768w, https:\/\/blocsenresidencia.bcn.cat\/salvadorespriu2023\/wp-content\/uploads\/2023\/06\/Invitacio-Nus-Teatre-1536x1536.jpg 1536w, https:\/\/blocsenresidencia.bcn.cat\/salvadorespriu2023\/wp-content\/uploads\/2023\/06\/Invitacio-Nus-Teatre-2048x2048.jpg 2048w, https:\/\/blocsenresidencia.bcn.cat\/salvadorespriu2023\/wp-content\/uploads\/2023\/06\/Invitacio-Nus-Teatre-100x100.jpg 100w\" sizes=\"auto, (max-width: 767px) 89vw, (max-width: 1000px) 54vw, (max-width: 1071px) 543px, 580px\" \/><\/figure>\n\n\n\n<p><strong>Silencio Z <\/strong>\u00e9s una pe\u00e7a on els i les joves estudiants expressaran tot all\u00f2 que de vegades no t\u00e9 espai o forma per expressar-se.\u00a0<\/p>\n\n\n\n<p>Est\u00e0 formada per diferents escenes que parlen sobre la manca d\u2019eines i espais per comunicar el que pensen i el que senten en resposta a la seva realitat tant entre ells com amb el m\u00f3n adult. El grup va triar l\u2019eix d\u2019opressi\u00f3 del que volien parlar,<strong> l\u2019adultcentrisme,<\/strong> per\u00f2 a trav\u00e9s d\u2019improvisacions teatrals i debats s\u2019ha anat acotant la tem\u00e0tica a l\u2019\u00e0rea que m\u00e9s angoixava als i les joves, la manca de comunicaci\u00f3.&nbsp;<\/p>\n\n\n\n<p>Amb Sara Chic Buenosvinos, Gisella Conte Ferr\u00fas, Daniela Esperanza Deras Borjas, Mohammed-Larbi Douieb Subir\u00f3n, Cristian Ferreiro Cano, Irzam Iqbal Bibi, Anna Li, Fang Liu, Daniel Joel Pacheco Soriano, Juli\u00e1n Plat\u00f3n Llobregat, Gisela Pons Alcaide, Roberto Carlos Rifarachi Hoyos, Carlota Rios P\u00e9rez de Gracia, Nunu Robakidze, Dorian Rodr\u00edguez Garc\u00eda, Ass-Malick Seydi Legran, Naiara Sol\u00e0 Chaparro, Kevin Elias Villalba Chamorro, Chenlei Xu i Santiago Zhao Li (alumnes de 4t d&#8217;ESO). I amb el suport i coordinaci\u00f3 de Crist\u00f3bal Carrasco Bermudo i\u00a0 J\u00falia Cruz Ses\u00e9 (docents) i de la mediaci\u00f3 de Javier Rodrigo (Transductores).<\/p>\n\n\n\n<p>Us deixem algunes fotos de la mostra:<\/p>\n\n\n\n<figure class=\"wp-block-gallery has-nested-images columns-default is-cropped wp-block-gallery-1 is-layout-flex wp-block-gallery-is-layout-flex\">\n<figure class=\"wp-block-image size-large\"><img loading=\"lazy\" decoding=\"async\" width=\"1024\" height=\"462\" data-id=\"95\" src=\"https:\/\/blocsenresidencia.bcn.cat\/salvadorespriu2023\/wp-content\/uploads\/2023\/06\/FygZNJkaYAIIAH0-1024x462.jpeg\" alt=\"\" class=\"wp-image-95\" srcset=\"https:\/\/blocsenresidencia.bcn.cat\/salvadorespriu2023\/wp-content\/uploads\/2023\/06\/FygZNJkaYAIIAH0-1024x462.jpeg 1024w, https:\/\/blocsenresidencia.bcn.cat\/salvadorespriu2023\/wp-content\/uploads\/2023\/06\/FygZNJkaYAIIAH0-300x135.jpeg 300w, https:\/\/blocsenresidencia.bcn.cat\/salvadorespriu2023\/wp-content\/uploads\/2023\/06\/FygZNJkaYAIIAH0-768x346.jpeg 768w, https:\/\/blocsenresidencia.bcn.cat\/salvadorespriu2023\/wp-content\/uploads\/2023\/06\/FygZNJkaYAIIAH0-1536x692.jpeg 1536w, https:\/\/blocsenresidencia.bcn.cat\/salvadorespriu2023\/wp-content\/uploads\/2023\/06\/FygZNJkaYAIIAH0.jpeg 2048w\" sizes=\"auto, (max-width: 767px) 89vw, (max-width: 1000px) 54vw, (max-width: 1071px) 543px, 580px\" \/><\/figure>\n\n\n\n<figure class=\"wp-block-image size-large\"><img loading=\"lazy\" decoding=\"async\" width=\"1024\" height=\"462\" data-id=\"97\" src=\"https:\/\/blocsenresidencia.bcn.cat\/salvadorespriu2023\/wp-content\/uploads\/2023\/06\/FygZMb-acAI3mvk-1024x462.jpeg\" alt=\"\" class=\"wp-image-97\" srcset=\"https:\/\/blocsenresidencia.bcn.cat\/salvadorespriu2023\/wp-content\/uploads\/2023\/06\/FygZMb-acAI3mvk-1024x462.jpeg 1024w, https:\/\/blocsenresidencia.bcn.cat\/salvadorespriu2023\/wp-content\/uploads\/2023\/06\/FygZMb-acAI3mvk-300x135.jpeg 300w, https:\/\/blocsenresidencia.bcn.cat\/salvadorespriu2023\/wp-content\/uploads\/2023\/06\/FygZMb-acAI3mvk-768x346.jpeg 768w, https:\/\/blocsenresidencia.bcn.cat\/salvadorespriu2023\/wp-content\/uploads\/2023\/06\/FygZMb-acAI3mvk-1536x692.jpeg 1536w, https:\/\/blocsenresidencia.bcn.cat\/salvadorespriu2023\/wp-content\/uploads\/2023\/06\/FygZMb-acAI3mvk.jpeg 2048w\" sizes=\"auto, (max-width: 767px) 89vw, (max-width: 1000px) 54vw, (max-width: 1071px) 543px, 580px\" \/><\/figure>\n\n\n\n<figure class=\"wp-block-image size-large\"><img loading=\"lazy\" decoding=\"async\" width=\"1024\" height=\"461\" data-id=\"96\" src=\"https:\/\/blocsenresidencia.bcn.cat\/salvadorespriu2023\/wp-content\/uploads\/2023\/06\/FygZL4TacAACu3W.jpeg\" alt=\"\" class=\"wp-image-96\" srcset=\"https:\/\/blocsenresidencia.bcn.cat\/salvadorespriu2023\/wp-content\/uploads\/2023\/06\/FygZL4TacAACu3W.jpeg 1024w, https:\/\/blocsenresidencia.bcn.cat\/salvadorespriu2023\/wp-content\/uploads\/2023\/06\/FygZL4TacAACu3W-300x135.jpeg 300w, https:\/\/blocsenresidencia.bcn.cat\/salvadorespriu2023\/wp-content\/uploads\/2023\/06\/FygZL4TacAACu3W-768x346.jpeg 768w\" sizes=\"auto, (max-width: 767px) 89vw, (max-width: 1000px) 54vw, (max-width: 1071px) 543px, 580px\" \/><\/figure>\n\n\n\n<figure class=\"wp-block-image size-large\"><img loading=\"lazy\" decoding=\"async\" width=\"1024\" height=\"462\" data-id=\"98\" src=\"https:\/\/blocsenresidencia.bcn.cat\/salvadorespriu2023\/wp-content\/uploads\/2023\/06\/20230613_120351-1024x462.jpg\" alt=\"\" class=\"wp-image-98\" srcset=\"https:\/\/blocsenresidencia.bcn.cat\/salvadorespriu2023\/wp-content\/uploads\/2023\/06\/20230613_120351-1024x462.jpg 1024w, https:\/\/blocsenresidencia.bcn.cat\/salvadorespriu2023\/wp-content\/uploads\/2023\/06\/20230613_120351-300x135.jpg 300w, https:\/\/blocsenresidencia.bcn.cat\/salvadorespriu2023\/wp-content\/uploads\/2023\/06\/20230613_120351-768x346.jpg 768w, https:\/\/blocsenresidencia.bcn.cat\/salvadorespriu2023\/wp-content\/uploads\/2023\/06\/20230613_120351-1536x692.jpg 1536w, https:\/\/blocsenresidencia.bcn.cat\/salvadorespriu2023\/wp-content\/uploads\/2023\/06\/20230613_120351-2048x923.jpg 2048w\" sizes=\"auto, (max-width: 767px) 89vw, (max-width: 1000px) 54vw, (max-width: 1071px) 543px, 580px\" \/><\/figure>\n<\/figure>\n","protected":false},"excerpt":{"rendered":"<p>El dimarts varen fer dues passes de la nostra pe\u00e7a final, amb quasi 15 escenes diferents, i uns 45 minuts de durada. Al mat\u00ed la v\u00e0rem fer per m\u00e9s de 140 persones, als grups de 4 i 5\u00e8 de l&#8217;institut Salvador Espriu. A la tarda, va ser una mostra oberta al p\u00fablic amb familiars, grups &hellip; <\/p>\n<p class=\"link-more\"><a href=\"https:\/\/blocsenresidencia.bcn.cat\/salvadorespriu2023\/2023\/06\/20\/estrena-de-silencio-z-dimarts-13-de-juny-a-la-c-c-la-farinera-del-clot\/\" class=\"more-link\">Continua llegint <span class=\"screen-reader-text\">\u00abEstrena de Silencio Z.  Dimarts 13 de juny, a la C.C. la Farinera del Clot\u00bb<\/span><\/a><\/p>\n","protected":false},"author":3,"featured_media":0,"comment_status":"open","ping_status":"open","sticky":false,"template":"","format":"standard","meta":{"footnotes":""},"categories":[1],"tags":[],"class_list":["post-93","post","type-post","status-publish","format-standard","hentry","category-general"],"_links":{"self":[{"href":"https:\/\/blocsenresidencia.bcn.cat\/salvadorespriu2023\/wp-json\/wp\/v2\/posts\/93","targetHints":{"allow":["GET"]}}],"collection":[{"href":"https:\/\/blocsenresidencia.bcn.cat\/salvadorespriu2023\/wp-json\/wp\/v2\/posts"}],"about":[{"href":"https:\/\/blocsenresidencia.bcn.cat\/salvadorespriu2023\/wp-json\/wp\/v2\/types\/post"}],"author":[{"embeddable":true,"href":"https:\/\/blocsenresidencia.bcn.cat\/salvadorespriu2023\/wp-json\/wp\/v2\/users\/3"}],"replies":[{"embeddable":true,"href":"https:\/\/blocsenresidencia.bcn.cat\/salvadorespriu2023\/wp-json\/wp\/v2\/comments?post=93"}],"version-history":[{"count":1,"href":"https:\/\/blocsenresidencia.bcn.cat\/salvadorespriu2023\/wp-json\/wp\/v2\/posts\/93\/revisions"}],"predecessor-version":[{"id":99,"href":"https:\/\/blocsenresidencia.bcn.cat\/salvadorespriu2023\/wp-json\/wp\/v2\/posts\/93\/revisions\/99"}],"wp:attachment":[{"href":"https:\/\/blocsenresidencia.bcn.cat\/salvadorespriu2023\/wp-json\/wp\/v2\/media?parent=93"}],"wp:term":[{"taxonomy":"category","embeddable":true,"href":"https:\/\/blocsenresidencia.bcn.cat\/salvadorespriu2023\/wp-json\/wp\/v2\/categories?post=93"},{"taxonomy":"post_tag","embeddable":true,"href":"https:\/\/blocsenresidencia.bcn.cat\/salvadorespriu2023\/wp-json\/wp\/v2\/tags?post=93"}],"curies":[{"name":"wp","href":"https:\/\/api.w.org\/{rel}","templated":true}]}}