{"id":1,"date":"2023-09-25T18:02:00","date_gmt":"2023-09-25T16:02:00","guid":{"rendered":"https:\/\/blocsenresidencia.bcn.cat\/salvatpapasseit2024\/?p=1"},"modified":"2023-10-04T10:58:43","modified_gmt":"2023-10-04T08:58:43","slug":"alfredo-costa-monteiro-en-residencia-a-linstitut-joan-salvat-papasseit","status":"publish","type":"post","link":"https:\/\/blocsenresidencia.bcn.cat\/salvatpapasseit2024\/alfredo-costa-monteiro-en-residencia-a-linstitut-joan-salvat-papasseit\/","title":{"rendered":"Alfredo Costa-Monteiro EN RESiD\u00c8NCiA a l\u2019Institut Joan Salvat Papasseit"},"content":{"rendered":"\n<p>Alfredo Costa-Monteiro ja ha iniciat el proc\u00e9s de creaci\u00f3 EN RESiD\u00c8NCiA a l\u2019Institut\u00a0 Joan Salvat Papasseit, al barri de La Barceloneta (Ciutat Vella, Barcelona). En aquest blog podreu seguir els moments clau d\u2019un proc\u00e9s obert, amb un final no predefinit. Fins molt aviat!!<\/p>\n","protected":false},"excerpt":{"rendered":"<p>Alfredo Costa-Monteiro ja ha iniciat el proc\u00e9s de creaci\u00f3 EN RESiD\u00c8NCiA a l\u2019Institut\u00a0 Joan Salvat Papasseit, al barri de La Barceloneta (Ciutat Vella, Barcelona). En aquest blog podreu seguir els moments clau d\u2019un proc\u00e9s obert, amb un final no predefinit. Fins molt aviat!!<\/p>\n","protected":false},"author":1,"featured_media":0,"comment_status":"closed","ping_status":"open","sticky":false,"template":"","format":"standard","meta":{"footnotes":""},"categories":[1],"tags":[],"class_list":["post-1","post","type-post","status-publish","format-standard","hentry","category-general"],"_links":{"self":[{"href":"https:\/\/blocsenresidencia.bcn.cat\/salvatpapasseit2024\/wp-json\/wp\/v2\/posts\/1","targetHints":{"allow":["GET"]}}],"collection":[{"href":"https:\/\/blocsenresidencia.bcn.cat\/salvatpapasseit2024\/wp-json\/wp\/v2\/posts"}],"about":[{"href":"https:\/\/blocsenresidencia.bcn.cat\/salvatpapasseit2024\/wp-json\/wp\/v2\/types\/post"}],"author":[{"embeddable":true,"href":"https:\/\/blocsenresidencia.bcn.cat\/salvatpapasseit2024\/wp-json\/wp\/v2\/users\/1"}],"replies":[{"embeddable":true,"href":"https:\/\/blocsenresidencia.bcn.cat\/salvatpapasseit2024\/wp-json\/wp\/v2\/comments?post=1"}],"version-history":[{"count":6,"href":"https:\/\/blocsenresidencia.bcn.cat\/salvatpapasseit2024\/wp-json\/wp\/v2\/posts\/1\/revisions"}],"predecessor-version":[{"id":293,"href":"https:\/\/blocsenresidencia.bcn.cat\/salvatpapasseit2024\/wp-json\/wp\/v2\/posts\/1\/revisions\/293"}],"wp:attachment":[{"href":"https:\/\/blocsenresidencia.bcn.cat\/salvatpapasseit2024\/wp-json\/wp\/v2\/media?parent=1"}],"wp:term":[{"taxonomy":"category","embeddable":true,"href":"https:\/\/blocsenresidencia.bcn.cat\/salvatpapasseit2024\/wp-json\/wp\/v2\/categories?post=1"},{"taxonomy":"post_tag","embeddable":true,"href":"https:\/\/blocsenresidencia.bcn.cat\/salvatpapasseit2024\/wp-json\/wp\/v2\/tags?post=1"}],"curies":[{"name":"wp","href":"https:\/\/api.w.org\/{rel}","templated":true}]}}