{"id":314,"date":"2024-01-08T12:08:14","date_gmt":"2024-01-08T10:08:14","guid":{"rendered":"https:\/\/blocsenresidencia.bcn.cat\/salvatpapasseit2024\/?p=314"},"modified":"2024-01-08T12:08:14","modified_gmt":"2024-01-08T10:08:14","slug":"13-de-desembre","status":"publish","type":"post","link":"https:\/\/blocsenresidencia.bcn.cat\/salvatpapasseit2024\/13-de-desembre\/","title":{"rendered":"13 de desembre"},"content":{"rendered":"\n<p>El dia 13 de desembre vam anar a la <em>Sala Paral\u00b7lel 62<\/em><strong>,<\/strong> on l\u2019Alfredo ens va fer un concert de m\u00fasica concreta d\u2019uns 15 minuts aproximadament<strong>.<\/strong><\/p>\n\n\n\n<p>Al acabar-lo<strong>,<\/strong> ens va donar detalls sobre els aparells que va utilitzar<strong>.<\/strong> Un era un micro de contacte<strong>,<\/strong> que en lloc d\u2019agafar el so de la veu<strong>,<\/strong> agafa el so de la vibraci\u00f3 de les superf\u00edcies on es posa<strong>;<\/strong> Un altre era el motor d\u2019una joguina amb forma d\u2019abella<strong>;<\/strong> Un altre era un consolador<strong>;<\/strong> I l\u2019\u00faltim que va explicar<strong>,<\/strong> va ser un aparell que recollia la freq\u00fc\u00e8ncia dels aparells electr\u00f2nics<strong>,<\/strong> per exemple<strong>:<\/strong> un altaveu<strong>,<\/strong> un ordinador<strong>,<\/strong> un m\u00f3vil<strong>.<\/strong><\/p>\n\n\n\n<p>Despr\u00e9s d\u2019explicar cada aparell<strong>,<\/strong> uns quants del grup van oferir-se voluntaris per provar els aparells i amb ells crear sons<strong>.<\/strong><\/p>\n\n\n\n<p><br><img loading=\"lazy\" decoding=\"async\" width=\"262\" height=\"197\" src=\"https:\/\/lh7-us.googleusercontent.com\/oPzGgqtcks-rCi0A5dgkrW29EKVBXEsqmmHg8F2lJyziM-nzi4IUUfzOZEilvzkllw_37Wsh3r4T7sYygmaZyPXZK9ZAFWWITz9KH2bkiUAON2TpvkegHi0r8kSUBOW5gD1b5kJ02tjufE9Z78KXSXM\">                                        <img loading=\"lazy\" decoding=\"async\" width=\"262\" height=\"197\" src=\"https:\/\/lh7-us.googleusercontent.com\/Uh49nS0OTBZrVjPZ-vFMlqCQJx3VQB0Y9OLWbgYfqoS_CqP55DUkgMMRr4dap_F23J2EnZZ2fzt7yU-Fa3dtsT30lqsokbfIdN69Ef75EdtZpiRP2pxjbat9VrIXGzr-alV70UuSnq5eR6p-ZR-NrHw\"><\/p>\n\n\n\n<p><img loading=\"lazy\" decoding=\"async\" width=\"263\" height=\"184\" src=\"https:\/\/lh7-us.googleusercontent.com\/ecTScSzg9RpeyS0J4ctldTv35i5fvIgMyUbuE5qWFPlKiHdeiU6jyR0SDpcw0xwLK4XZZ2elE2a6Y3_nPgQv-OgTbeqNiWuQBbB350ayPEvt_yl8jJeaA648KrwvFFVSOik79-HjZybQC-mt_39yLyY\">                            <img decoding=\"async\" width=\"302.7265774378585\" height=\"227.64963503649636\" src=\"https:\/\/lh7-us.googleusercontent.com\/TlFyc1cujOtg2aDHmoPuaTN0Cfj1GXsEzKzhHL7rIzaQTe1YApAM3WRClNTcRJ0P4mfVWZdZyeIWrcbuMrr0LLrscIElHkuNpXIwSKMQ6KPKpPl6j4dxg-_und6EyzQJ-5PMkZISSVVRUbSf38EfRwU\"><\/p>\n","protected":false},"excerpt":{"rendered":"<p>El dia 13 de desembre vam anar a la Sala Paral\u00b7lel 62, on l\u2019Alfredo ens va fer un concert de m\u00fasica concreta d\u2019uns 15 minuts aproximadament. Al acabar-lo, ens va donar detalls sobre els aparells que va utilitzar. Un era un micro de contacte, que en lloc d\u2019agafar el so de la veu, agafa el &hellip; <\/p>\n<p class=\"link-more\"><a href=\"https:\/\/blocsenresidencia.bcn.cat\/salvatpapasseit2024\/13-de-desembre\/\" class=\"more-link\">Continua llegint <span class=\"screen-reader-text\">\u00ab13 de desembre\u00bb<\/span><\/a><\/p>\n","protected":false},"author":10,"featured_media":0,"comment_status":"open","ping_status":"open","sticky":false,"template":"","format":"standard","meta":{"footnotes":""},"categories":[1],"tags":[],"class_list":["post-314","post","type-post","status-publish","format-standard","hentry","category-general"],"_links":{"self":[{"href":"https:\/\/blocsenresidencia.bcn.cat\/salvatpapasseit2024\/wp-json\/wp\/v2\/posts\/314","targetHints":{"allow":["GET"]}}],"collection":[{"href":"https:\/\/blocsenresidencia.bcn.cat\/salvatpapasseit2024\/wp-json\/wp\/v2\/posts"}],"about":[{"href":"https:\/\/blocsenresidencia.bcn.cat\/salvatpapasseit2024\/wp-json\/wp\/v2\/types\/post"}],"author":[{"embeddable":true,"href":"https:\/\/blocsenresidencia.bcn.cat\/salvatpapasseit2024\/wp-json\/wp\/v2\/users\/10"}],"replies":[{"embeddable":true,"href":"https:\/\/blocsenresidencia.bcn.cat\/salvatpapasseit2024\/wp-json\/wp\/v2\/comments?post=314"}],"version-history":[{"count":1,"href":"https:\/\/blocsenresidencia.bcn.cat\/salvatpapasseit2024\/wp-json\/wp\/v2\/posts\/314\/revisions"}],"predecessor-version":[{"id":315,"href":"https:\/\/blocsenresidencia.bcn.cat\/salvatpapasseit2024\/wp-json\/wp\/v2\/posts\/314\/revisions\/315"}],"wp:attachment":[{"href":"https:\/\/blocsenresidencia.bcn.cat\/salvatpapasseit2024\/wp-json\/wp\/v2\/media?parent=314"}],"wp:term":[{"taxonomy":"category","embeddable":true,"href":"https:\/\/blocsenresidencia.bcn.cat\/salvatpapasseit2024\/wp-json\/wp\/v2\/categories?post=314"},{"taxonomy":"post_tag","embeddable":true,"href":"https:\/\/blocsenresidencia.bcn.cat\/salvatpapasseit2024\/wp-json\/wp\/v2\/tags?post=314"}],"curies":[{"name":"wp","href":"https:\/\/api.w.org\/{rel}","templated":true}]}}