{"id":328,"date":"2024-02-26T12:08:23","date_gmt":"2024-02-26T10:08:23","guid":{"rendered":"https:\/\/blocsenresidencia.bcn.cat\/salvatpapasseit2024\/?p=328"},"modified":"2024-02-26T12:08:23","modified_gmt":"2024-02-26T10:08:23","slug":"dia-14-de-febrer-del-2024","status":"publish","type":"post","link":"https:\/\/blocsenresidencia.bcn.cat\/salvatpapasseit2024\/dia-14-de-febrer-del-2024\/","title":{"rendered":"Dia 14 de Febrer del 2024"},"content":{"rendered":"\n<p><\/p>\n\n\n\n<p>El dia 14 de Febrer vam anar directament a la sala d\u2019actes per explicar i decidir el que far\u00edem, on ho far\u00edem, quines persones explicarien el projecte i a l&#8217;Alfredo, qui explicarien les actuacions i van separar als alumnes que havien vingut per\u00f2 no anaven a fer l\u2019actuaci\u00f3 i els van portar a la sala de m\u00fasica a fer una altra activitat. Els que es van quedar a la sala d\u2019actes es van quedar\u00a0 debatent una mica amb l\u2019Alfredo sobre com organitzar-nos i vam decidir que far\u00edem les actuacions al gimn\u00e0s.<\/p>\n\n\n\n<p>A la seg\u00fcent hora vam anar a buscar alguns instruments per a les actuacions i vam anar al gimn\u00e0s a practicar com presentar\u00edem tot, vam practicar les actuacions i vam organitzar l\u2019escenari i les cadires.<\/p>\n\n\n\n<p>Passada l\u2019hora escolar, jo vaig anar a casa a fer el meu menjar per que jo no volia menjar pizza. Despr\u00e9s de menjar, vam seure a les cadires del final i vam esperar a que arribessin tots els professors, i de fons vam posar un dels audios que vam crear.<\/p>\n\n\n\n<p>Quan tots van quedar asseguts, vam sortir jo i dos companys a presentar a l\u2019Alfredo, de que anava el projecte i que hav\u00edem apr\u00e9s. Despr\u00e9s de presentar la primera part, va sortir a l\u2019escenari les persones que anaven a fer la primera actuaci\u00f3 i un d\u2019ells va presentar la seva actuaci\u00f3, van actuar i al acabar va sortir l\u2019altra grup per actuar i tamb\u00e9 es van presentar i van actuar. Per \u00faltim vam sortir el grup gran i una companya que s\u2019encarregava de les llums, va presentar l\u2019actuaci\u00f3 i per fi vam fer l&#8217;\u00faltima actuaci\u00f3.<\/p>\n\n\n\n<p>Al acabar, vam anar tots els grups a l\u2019escenari per rebre tothom el aplaudiment del nostre p\u00fablic. Ens van fer preguntes i les vam contestar, ens vam acomiadar i vam anar a casa.<\/p>\n\n\n\n<figure class=\"wp-block-image\"><img loading=\"lazy\" decoding=\"async\" width=\"1600\" height=\"1200\" src=\"https:\/\/blocsenresidencia.bcn.cat\/salvatpapasseit2024\/wp-content\/uploads\/2024\/02\/image.jpeg\" alt=\"\" class=\"wp-image-329\" srcset=\"https:\/\/blocsenresidencia.bcn.cat\/salvatpapasseit2024\/wp-content\/uploads\/2024\/02\/image.jpeg 1600w, https:\/\/blocsenresidencia.bcn.cat\/salvatpapasseit2024\/wp-content\/uploads\/2024\/02\/image-300x225.jpeg 300w, https:\/\/blocsenresidencia.bcn.cat\/salvatpapasseit2024\/wp-content\/uploads\/2024\/02\/image-1024x768.jpeg 1024w, https:\/\/blocsenresidencia.bcn.cat\/salvatpapasseit2024\/wp-content\/uploads\/2024\/02\/image-768x576.jpeg 768w, https:\/\/blocsenresidencia.bcn.cat\/salvatpapasseit2024\/wp-content\/uploads\/2024\/02\/image-1536x1152.jpeg 1536w\" sizes=\"auto, (max-width: 767px) 89vw, (max-width: 1000px) 54vw, (max-width: 1071px) 543px, 580px\" \/><\/figure>\n\n\n\n<figure class=\"wp-block-image\"><img loading=\"lazy\" decoding=\"async\" width=\"1600\" height=\"1200\" src=\"https:\/\/blocsenresidencia.bcn.cat\/salvatpapasseit2024\/wp-content\/uploads\/2024\/02\/image-1.jpeg\" alt=\"\" class=\"wp-image-330\" srcset=\"https:\/\/blocsenresidencia.bcn.cat\/salvatpapasseit2024\/wp-content\/uploads\/2024\/02\/image-1.jpeg 1600w, https:\/\/blocsenresidencia.bcn.cat\/salvatpapasseit2024\/wp-content\/uploads\/2024\/02\/image-1-300x225.jpeg 300w, https:\/\/blocsenresidencia.bcn.cat\/salvatpapasseit2024\/wp-content\/uploads\/2024\/02\/image-1-1024x768.jpeg 1024w, https:\/\/blocsenresidencia.bcn.cat\/salvatpapasseit2024\/wp-content\/uploads\/2024\/02\/image-1-768x576.jpeg 768w, https:\/\/blocsenresidencia.bcn.cat\/salvatpapasseit2024\/wp-content\/uploads\/2024\/02\/image-1-1536x1152.jpeg 1536w\" sizes=\"auto, (max-width: 767px) 89vw, (max-width: 1000px) 54vw, (max-width: 1071px) 543px, 580px\" \/><\/figure>\n\n\n\n<figure class=\"wp-block-image\"><img loading=\"lazy\" decoding=\"async\" width=\"1600\" height=\"1200\" src=\"https:\/\/blocsenresidencia.bcn.cat\/salvatpapasseit2024\/wp-content\/uploads\/2024\/02\/image-2.jpeg\" alt=\"\" class=\"wp-image-331\" srcset=\"https:\/\/blocsenresidencia.bcn.cat\/salvatpapasseit2024\/wp-content\/uploads\/2024\/02\/image-2.jpeg 1600w, https:\/\/blocsenresidencia.bcn.cat\/salvatpapasseit2024\/wp-content\/uploads\/2024\/02\/image-2-300x225.jpeg 300w, https:\/\/blocsenresidencia.bcn.cat\/salvatpapasseit2024\/wp-content\/uploads\/2024\/02\/image-2-1024x768.jpeg 1024w, https:\/\/blocsenresidencia.bcn.cat\/salvatpapasseit2024\/wp-content\/uploads\/2024\/02\/image-2-768x576.jpeg 768w, https:\/\/blocsenresidencia.bcn.cat\/salvatpapasseit2024\/wp-content\/uploads\/2024\/02\/image-2-1536x1152.jpeg 1536w\" sizes=\"auto, (max-width: 767px) 89vw, (max-width: 1000px) 54vw, (max-width: 1071px) 543px, 580px\" \/><\/figure>\n\n\n\n<p><strong>ENLLA\u00c7 DE VIDEOS:<\/strong><\/p>\n\n\n\n<p><a href=\"https:\/\/drive.google.com\/file\/d\/1kazwSJjfaxsu5zYGCS9XCfTyL9LWOUHN\/view?usp=classroom_web&amp;authuser=0\">https:\/\/drive.google.com\/file\/d\/1kazwSJjfaxsu5zYGCS9XCfTyL9LWOUHN\/view?usp=classroom_web&amp;authuser=0<\/a><\/p>\n\n\n\n<p><a href=\"https:\/\/drive.google.com\/file\/d\/1MWiJSeyBLmRj2DRt54zl8ekmxRnb6q-h\/view?usp=classroom_web&amp;authuser=0\">https:\/\/drive.google.com\/file\/d\/1MWiJSeyBLmRj2DRt54zl8ekmxRnb6q-h\/view?usp=classroom_web&amp;authuser=0<\/a><\/p>\n\n\n\n<p><a href=\"https:\/\/drive.google.com\/file\/d\/13CtT5pW0yQDOY6q2l6oR-cdS91IDWItU\/view?usp=classroom_web&amp;authuser=0\">https:\/\/drive.google.com\/file\/d\/13CtT5pW0yQDOY6q2l6oR-cdS91IDWItU\/view?usp=classroom_web&amp;authuser=0<\/a><\/p>\n","protected":false},"excerpt":{"rendered":"<p>El dia 14 de Febrer vam anar directament a la sala d\u2019actes per explicar i decidir el que far\u00edem, on ho far\u00edem, quines persones explicarien el projecte i a l&#8217;Alfredo, qui explicarien les actuacions i van separar als alumnes que havien vingut per\u00f2 no anaven a fer l\u2019actuaci\u00f3 i els van portar a la sala &hellip; <\/p>\n<p class=\"link-more\"><a href=\"https:\/\/blocsenresidencia.bcn.cat\/salvatpapasseit2024\/dia-14-de-febrer-del-2024\/\" class=\"more-link\">Continua llegint <span class=\"screen-reader-text\">\u00abDia 14 de Febrer del 2024\u00bb<\/span><\/a><\/p>\n","protected":false},"author":10,"featured_media":0,"comment_status":"open","ping_status":"open","sticky":false,"template":"","format":"standard","meta":{"footnotes":""},"categories":[1],"tags":[],"class_list":["post-328","post","type-post","status-publish","format-standard","hentry","category-general"],"_links":{"self":[{"href":"https:\/\/blocsenresidencia.bcn.cat\/salvatpapasseit2024\/wp-json\/wp\/v2\/posts\/328","targetHints":{"allow":["GET"]}}],"collection":[{"href":"https:\/\/blocsenresidencia.bcn.cat\/salvatpapasseit2024\/wp-json\/wp\/v2\/posts"}],"about":[{"href":"https:\/\/blocsenresidencia.bcn.cat\/salvatpapasseit2024\/wp-json\/wp\/v2\/types\/post"}],"author":[{"embeddable":true,"href":"https:\/\/blocsenresidencia.bcn.cat\/salvatpapasseit2024\/wp-json\/wp\/v2\/users\/10"}],"replies":[{"embeddable":true,"href":"https:\/\/blocsenresidencia.bcn.cat\/salvatpapasseit2024\/wp-json\/wp\/v2\/comments?post=328"}],"version-history":[{"count":1,"href":"https:\/\/blocsenresidencia.bcn.cat\/salvatpapasseit2024\/wp-json\/wp\/v2\/posts\/328\/revisions"}],"predecessor-version":[{"id":332,"href":"https:\/\/blocsenresidencia.bcn.cat\/salvatpapasseit2024\/wp-json\/wp\/v2\/posts\/328\/revisions\/332"}],"wp:attachment":[{"href":"https:\/\/blocsenresidencia.bcn.cat\/salvatpapasseit2024\/wp-json\/wp\/v2\/media?parent=328"}],"wp:term":[{"taxonomy":"category","embeddable":true,"href":"https:\/\/blocsenresidencia.bcn.cat\/salvatpapasseit2024\/wp-json\/wp\/v2\/categories?post=328"},{"taxonomy":"post_tag","embeddable":true,"href":"https:\/\/blocsenresidencia.bcn.cat\/salvatpapasseit2024\/wp-json\/wp\/v2\/tags?post=328"}],"curies":[{"name":"wp","href":"https:\/\/api.w.org\/{rel}","templated":true}]}}