{"id":337,"date":"2024-03-18T12:14:49","date_gmt":"2024-03-18T10:14:49","guid":{"rendered":"https:\/\/blocsenresidencia.bcn.cat\/salvatpapasseit2024\/?p=337"},"modified":"2024-03-18T12:14:49","modified_gmt":"2024-03-18T10:14:49","slug":"28-de-febrer-de-2024","status":"publish","type":"post","link":"https:\/\/blocsenresidencia.bcn.cat\/salvatpapasseit2024\/28-de-febrer-de-2024\/","title":{"rendered":"28 de Febrer de 2024"},"content":{"rendered":"\n<p>El dia 28 de febrer vam fer\u00a0 diverses coses. La primera va ser veure els treballs audiovisuals que hav\u00edem enviat alguns alumnes. Despr\u00e9s, l\u2019Alfredo ens va explicar que vol\u00edem que f\u00e9ssim a casa per al dia 6 de mar\u00e7. Ens va dir que hav\u00edem de fer dos treballs, un nom\u00e9s amb audio editat amb l\u2019<em>audacity<\/em> i un altre treball amb un audio diferent tamb\u00e9 editat amb <em>audacity<\/em> per\u00f2 amb un v\u00eddeo abstracte.<\/p>\n\n\n\n<p>A la segona hora ens vam dividir en dos grups, un va anar amb el Pau a una altra aula a fer audios amb l\u2019audacity. Van tenir problemes per posar els audios al programa, aix\u00ed que van agafar audios d\u2019internet. Uns quants ho van fer amb un programa per descarregar v\u00eddeos amb l\u2019enlla\u00e7, i uns altres van fer utilitzar una funci\u00f3 de l\u2019<em>audacity<\/em> de gravar l\u2019audio de l\u2019ordinador i poder editar-lo.<\/p>\n\n\n\n<p>L\u2019altre grup vam utilitzar objectes com un got, un ratllador de formatge o una garrafa i la llum de les llanternes per crear ombres abstractes. Per fer ombres ten\u00edem dues pantalles. Mentre alguns f\u00e8iem ombres, uns altres feien sons amb instruments preparats i desafinats.<\/p>\n\n\n\n<p><strong><em>FOTOS:<\/em><\/strong><br><img loading=\"lazy\" decoding=\"async\" src=\"https:\/\/lh7-us.googleusercontent.com\/_YfU4qIDqGQ0yUZrWmXMPeQs00o9SGi-S8WJIg5zHOzIeDf_yMEhjbVWvuDxD8ymAiMAyYpOwUUui-INt7pH_K0ZnEQNuwBzEYvQGkrtf-lCDFz34nT5dpES_nRAGIKzmCmu0MjTLoEOh1UkTagRUoo\" width=\"251\" height=\"167\"><\/p>\n\n\n\n<p>&nbsp;<em>Fent audios amb l\u2019audacity<\/em><\/p>\n\n\n\n<p><img loading=\"lazy\" decoding=\"async\" src=\"https:\/\/lh7-us.googleusercontent.com\/X8rRL6xKCmixuVkiA_c6tC5zAFZ6epyYQ3b_wMpEyEclqrGTqdpN5OPX2gXeDSEYMKH815hTZ7niVUzZmXOkh_D4sG-JTJBjovhGNX3fNyngAzo8Tef_SI7n88_eyFV4uQMMeEzrV1uM0FnU5R1NVwQ\" width=\"353\" height=\"265\"><\/p>\n\n\n\n<p><em>Fent ombres abstractes<\/em><\/p>\n\n\n\n<p><strong><em>VIDEOS:<\/em><\/strong><\/p>\n\n\n\n<p><a href=\"https:\/\/drive.google.com\/file\/d\/1F8fRcpfxFLw9gu1hPagbXkI2S0ao0GDH\/view?usp=classroom_web&amp;authuser=0\">https:\/\/drive.google.com\/file\/d\/1F8fRcpfxFLw9gu1hPagbXkI2S0ao0GDH\/view?usp=classroom_web&amp;authuser=0<\/a><\/p>\n\n\n\n<p><a href=\"https:\/\/drive.google.com\/file\/d\/1E3ptfJ3DAxaovA3zx6QqcQtI6wnXVozF\/view?usp=classroom_web&amp;authuser=0\">https:\/\/drive.google.com\/file\/d\/1E3ptfJ3DAxaovA3zx6QqcQtI6wnXVozF\/view?usp=classroom_web&amp;authuser=0<\/a><\/p>\n","protected":false},"excerpt":{"rendered":"<p>El dia 28 de febrer vam fer\u00a0 diverses coses. La primera va ser veure els treballs audiovisuals que hav\u00edem enviat alguns alumnes. Despr\u00e9s, l\u2019Alfredo ens va explicar que vol\u00edem que f\u00e9ssim a casa per al dia 6 de mar\u00e7. Ens va dir que hav\u00edem de fer dos treballs, un nom\u00e9s amb audio editat amb l\u2019audacity &hellip; <\/p>\n<p class=\"link-more\"><a href=\"https:\/\/blocsenresidencia.bcn.cat\/salvatpapasseit2024\/28-de-febrer-de-2024\/\" class=\"more-link\">Continua llegint <span class=\"screen-reader-text\">\u00ab28 de Febrer de 2024\u00bb<\/span><\/a><\/p>\n","protected":false},"author":10,"featured_media":0,"comment_status":"open","ping_status":"open","sticky":false,"template":"","format":"standard","meta":{"footnotes":""},"categories":[1],"tags":[],"class_list":["post-337","post","type-post","status-publish","format-standard","hentry","category-general"],"_links":{"self":[{"href":"https:\/\/blocsenresidencia.bcn.cat\/salvatpapasseit2024\/wp-json\/wp\/v2\/posts\/337","targetHints":{"allow":["GET"]}}],"collection":[{"href":"https:\/\/blocsenresidencia.bcn.cat\/salvatpapasseit2024\/wp-json\/wp\/v2\/posts"}],"about":[{"href":"https:\/\/blocsenresidencia.bcn.cat\/salvatpapasseit2024\/wp-json\/wp\/v2\/types\/post"}],"author":[{"embeddable":true,"href":"https:\/\/blocsenresidencia.bcn.cat\/salvatpapasseit2024\/wp-json\/wp\/v2\/users\/10"}],"replies":[{"embeddable":true,"href":"https:\/\/blocsenresidencia.bcn.cat\/salvatpapasseit2024\/wp-json\/wp\/v2\/comments?post=337"}],"version-history":[{"count":1,"href":"https:\/\/blocsenresidencia.bcn.cat\/salvatpapasseit2024\/wp-json\/wp\/v2\/posts\/337\/revisions"}],"predecessor-version":[{"id":338,"href":"https:\/\/blocsenresidencia.bcn.cat\/salvatpapasseit2024\/wp-json\/wp\/v2\/posts\/337\/revisions\/338"}],"wp:attachment":[{"href":"https:\/\/blocsenresidencia.bcn.cat\/salvatpapasseit2024\/wp-json\/wp\/v2\/media?parent=337"}],"wp:term":[{"taxonomy":"category","embeddable":true,"href":"https:\/\/blocsenresidencia.bcn.cat\/salvatpapasseit2024\/wp-json\/wp\/v2\/categories?post=337"},{"taxonomy":"post_tag","embeddable":true,"href":"https:\/\/blocsenresidencia.bcn.cat\/salvatpapasseit2024\/wp-json\/wp\/v2\/tags?post=337"}],"curies":[{"name":"wp","href":"https:\/\/api.w.org\/{rel}","templated":true}]}}