{"id":340,"date":"2024-04-08T10:53:15","date_gmt":"2024-04-08T08:53:15","guid":{"rendered":"https:\/\/blocsenresidencia.bcn.cat\/salvatpapasseit2024\/?p=340"},"modified":"2024-04-08T10:53:15","modified_gmt":"2024-04-08T08:53:15","slug":"6-de-marc-del-2024","status":"publish","type":"post","link":"https:\/\/blocsenresidencia.bcn.cat\/salvatpapasseit2024\/6-de-marc-del-2024\/","title":{"rendered":"6 de mar\u00e7 del 2024"},"content":{"rendered":"\n<p>El dia 6 de mar\u00e7 de 2024 vam escoltar les peces sonores i audiovisuals que hav\u00edem fet els alumnes a casa. L\u2019Alfredo anava fent comentaris per exemple, deia que no hav\u00edem de gravar sons un darrere l\u2019altre (com f\u00e8iem abans), hav\u00edem de barrejar-los.<\/p>\n\n\n\n<p>Tamb\u00e9 ens va donar instruccions sobre unes miniatures sonores que hav\u00edem de fer per a una col\u00b7laboraci\u00f3 amb un institut de Badalona on tamb\u00e9 estan fent el projecte \u2018En resid\u00e8ncia\u2019.<\/p>\n\n\n\n<p>Les diferents miniatures que ens va proposar fer van ser:<\/p>\n\n\n\n<ul class=\"wp-block-list\">\n<li><strong><em>Soroll dits<\/em><\/strong>: Gravar el soroll durant dos minuts i despr\u00e9s afegir alguna cosa o multiplicar el mateix so.<\/li>\n\n\n\n<li><strong><em>Notes amb acords<\/em><\/strong>: Gravar notes o acords d\u2019algun instrument amb silencis. Si l\u2019instrument est\u00e0 desafinat, millor.<\/li>\n\n\n\n<li><strong><em>Ritme 1 2 3 4 5678<\/em><\/strong>: Fer el ritme amb qualsevol cosa i posar-li reverb amb l\u2019Audacity.<\/li>\n\n\n\n<li><strong><em>Sons atmosf\u00e8rics<\/em><\/strong>: Gravar una s\u00e8rie de sons que puguin crear una atmosfera particular, barrejant amb l&#8217;audacity diferents sons.Quant m\u00e9s abstractes, millor.<\/li>\n\n\n\n<li><strong><em>Paisatges \u00edntims, de carrer i mar<\/em><\/strong>: Gravar paisatges \u00edntims, que son gravacions d&#8217;espais tancats, petits i que coneixem b\u00e9. Si al escoltar-los so es sap quins llocs son, millor.<\/li>\n<\/ul>\n\n\n\n<p>Despr\u00e9s vam fer proves amb objectes i llanternes per fer ombres abstractes.<\/p>\n\n\n\n<p><strong><em>FOTO:<\/em><\/strong><\/p>\n\n\n\n<p><img loading=\"lazy\" decoding=\"async\" src=\"https:\/\/lh7-us.googleusercontent.com\/l_u5lkZKTYLRWgxuJ_8UJ4pxbWK1PryTVQ9nRbsdAnpqoTjRB2du727BPUC22m6BWpkujmcOyMkGVxi1j8KFj5pImn-xFprQpqY263y5u46uJRdgtAD2ptZJqJ4ZkgnU0aKnIKzDrxE2FajTCUpUbUg\" width=\"602\" height=\"451\"><\/p>\n\n\n\n<p><strong><em>Fent ombres amb un got<\/em><\/strong><\/p>\n\n\n\n<p><strong><em>AUDIO:<\/em><\/strong><\/p>\n\n\n\n<p><a href=\"https:\/\/drive.google.com\/file\/d\/1-u4noapi85bS0qkSTtb5v0CAWcWJn18T\/view?usp=classroom_web&amp;authuser=0\">https:\/\/drive.google.com\/file\/d\/1-u4noapi85bS0qkSTtb5v0CAWcWJn18T\/view?usp=classroom_web&amp;authuser=0<\/a><\/p>\n","protected":false},"excerpt":{"rendered":"<p>El dia 6 de mar\u00e7 de 2024 vam escoltar les peces sonores i audiovisuals que hav\u00edem fet els alumnes a casa. L\u2019Alfredo anava fent comentaris per exemple, deia que no hav\u00edem de gravar sons un darrere l\u2019altre (com f\u00e8iem abans), hav\u00edem de barrejar-los. Tamb\u00e9 ens va donar instruccions sobre unes miniatures sonores que hav\u00edem de &hellip; <\/p>\n<p class=\"link-more\"><a href=\"https:\/\/blocsenresidencia.bcn.cat\/salvatpapasseit2024\/6-de-marc-del-2024\/\" class=\"more-link\">Continua llegint <span class=\"screen-reader-text\">\u00ab6 de mar\u00e7 del 2024\u00bb<\/span><\/a><\/p>\n","protected":false},"author":10,"featured_media":0,"comment_status":"open","ping_status":"open","sticky":false,"template":"","format":"standard","meta":{"footnotes":""},"categories":[1],"tags":[],"class_list":["post-340","post","type-post","status-publish","format-standard","hentry","category-general"],"_links":{"self":[{"href":"https:\/\/blocsenresidencia.bcn.cat\/salvatpapasseit2024\/wp-json\/wp\/v2\/posts\/340","targetHints":{"allow":["GET"]}}],"collection":[{"href":"https:\/\/blocsenresidencia.bcn.cat\/salvatpapasseit2024\/wp-json\/wp\/v2\/posts"}],"about":[{"href":"https:\/\/blocsenresidencia.bcn.cat\/salvatpapasseit2024\/wp-json\/wp\/v2\/types\/post"}],"author":[{"embeddable":true,"href":"https:\/\/blocsenresidencia.bcn.cat\/salvatpapasseit2024\/wp-json\/wp\/v2\/users\/10"}],"replies":[{"embeddable":true,"href":"https:\/\/blocsenresidencia.bcn.cat\/salvatpapasseit2024\/wp-json\/wp\/v2\/comments?post=340"}],"version-history":[{"count":1,"href":"https:\/\/blocsenresidencia.bcn.cat\/salvatpapasseit2024\/wp-json\/wp\/v2\/posts\/340\/revisions"}],"predecessor-version":[{"id":341,"href":"https:\/\/blocsenresidencia.bcn.cat\/salvatpapasseit2024\/wp-json\/wp\/v2\/posts\/340\/revisions\/341"}],"wp:attachment":[{"href":"https:\/\/blocsenresidencia.bcn.cat\/salvatpapasseit2024\/wp-json\/wp\/v2\/media?parent=340"}],"wp:term":[{"taxonomy":"category","embeddable":true,"href":"https:\/\/blocsenresidencia.bcn.cat\/salvatpapasseit2024\/wp-json\/wp\/v2\/categories?post=340"},{"taxonomy":"post_tag","embeddable":true,"href":"https:\/\/blocsenresidencia.bcn.cat\/salvatpapasseit2024\/wp-json\/wp\/v2\/tags?post=340"}],"curies":[{"name":"wp","href":"https:\/\/api.w.org\/{rel}","templated":true}]}}