{"id":1,"date":"2022-11-15T12:48:41","date_gmt":"2022-11-15T10:48:41","guid":{"rendered":"https:\/\/blocsenresidencia.bcn.cat\/sants2023\/?p=1"},"modified":"2022-12-15T12:14:00","modified_gmt":"2022-12-15T10:14:00","slug":"pia-sommer-en-residencia-a-linstitut-emperador-carles","status":"publish","type":"post","link":"https:\/\/blocsenresidencia.bcn.cat\/sants2023\/2022\/11\/15\/pia-sommer-en-residencia-a-linstitut-emperador-carles\/","title":{"rendered":"<strong>P\u00eda Sommer EN RESiD\u00c8NCiA a l&#8217;Institut Sants<\/strong>"},"content":{"rendered":"\n<p>P\u00eda Sommer ja ha iniciat el proc\u00e9s de creaci\u00f3 EN RESiD\u00c8NCiA a l&#8217;Institut Sants, amb un grup d\u2019alumnes de 2n d\u2019ESO, les professores Cristina L\u00f3pez i Teresa Lloveras, i amb la mediaci\u00f3 del Museu Nacional d\u2019Art de Catalunya i d\u2019A Bao A Qu. En aquest blog podreu anar seguint moments clau d\u2019un proc\u00e9s obert, amb un final no pre-definit. Fins molt aviat!<\/p>\n","protected":false},"excerpt":{"rendered":"<p>P\u00eda Sommer ja ha iniciat el proc\u00e9s de creaci\u00f3 EN RESiD\u00c8NCiA a l&#8217;Institut Sants, amb un grup d\u2019alumnes de 2n d\u2019ESO, les professores Cristina L\u00f3pez i Teresa Lloveras, i amb la mediaci\u00f3 del Museu Nacional d\u2019Art de Catalunya i d\u2019A Bao A Qu. En aquest blog podreu anar seguint moments clau d\u2019un proc\u00e9s obert, amb &hellip; <\/p>\n<p class=\"link-more\"><a href=\"https:\/\/blocsenresidencia.bcn.cat\/sants2023\/2022\/11\/15\/pia-sommer-en-residencia-a-linstitut-emperador-carles\/\" class=\"more-link\">Continua llegint <span class=\"screen-reader-text\">\u00ab<strong>P\u00eda Sommer EN RESiD\u00c8NCiA a l&#8217;Institut Sants<\/strong>\u00bb<\/span><\/a><\/p>\n","protected":false},"author":1,"featured_media":0,"comment_status":"open","ping_status":"open","sticky":false,"template":"","format":"standard","meta":{"footnotes":""},"categories":[1],"tags":[],"class_list":["post-1","post","type-post","status-publish","format-standard","hentry","category-general"],"_links":{"self":[{"href":"https:\/\/blocsenresidencia.bcn.cat\/sants2023\/wp-json\/wp\/v2\/posts\/1","targetHints":{"allow":["GET"]}}],"collection":[{"href":"https:\/\/blocsenresidencia.bcn.cat\/sants2023\/wp-json\/wp\/v2\/posts"}],"about":[{"href":"https:\/\/blocsenresidencia.bcn.cat\/sants2023\/wp-json\/wp\/v2\/types\/post"}],"author":[{"embeddable":true,"href":"https:\/\/blocsenresidencia.bcn.cat\/sants2023\/wp-json\/wp\/v2\/users\/1"}],"replies":[{"embeddable":true,"href":"https:\/\/blocsenresidencia.bcn.cat\/sants2023\/wp-json\/wp\/v2\/comments?post=1"}],"version-history":[{"count":2,"href":"https:\/\/blocsenresidencia.bcn.cat\/sants2023\/wp-json\/wp\/v2\/posts\/1\/revisions"}],"predecessor-version":[{"id":131,"href":"https:\/\/blocsenresidencia.bcn.cat\/sants2023\/wp-json\/wp\/v2\/posts\/1\/revisions\/131"}],"wp:attachment":[{"href":"https:\/\/blocsenresidencia.bcn.cat\/sants2023\/wp-json\/wp\/v2\/media?parent=1"}],"wp:term":[{"taxonomy":"category","embeddable":true,"href":"https:\/\/blocsenresidencia.bcn.cat\/sants2023\/wp-json\/wp\/v2\/categories?post=1"},{"taxonomy":"post_tag","embeddable":true,"href":"https:\/\/blocsenresidencia.bcn.cat\/sants2023\/wp-json\/wp\/v2\/tags?post=1"}],"curies":[{"name":"wp","href":"https:\/\/api.w.org\/{rel}","templated":true}]}}