{"id":193,"date":"2023-05-16T07:45:28","date_gmt":"2023-05-16T05:45:28","guid":{"rendered":"https:\/\/blocsenresidencia.bcn.cat\/sants2023\/?p=193"},"modified":"2023-05-16T07:46:38","modified_gmt":"2023-05-16T05:46:38","slug":"nuestra-ultima-sesion-en-el-mnac","status":"publish","type":"post","link":"https:\/\/blocsenresidencia.bcn.cat\/sants2023\/2023\/05\/16\/nuestra-ultima-sesion-en-el-mnac\/","title":{"rendered":"NUESTRA \u00daLTIMA SESI\u00d3N EN EL MNAC"},"content":{"rendered":"\n<p><\/p>\n\n\n\n<p class=\"has-text-align-left\">\u201cEn la \u00faltima sesi\u00f3n del proyecto de <em>som paisatge<\/em> fuimos al MNAC. Cristina nos dijo que era nuestra pen\u00faltima sesi\u00f3n, que la semana siguiente \u00edbamos a exponer nuestro trabajo de unos diez meses aproximadamente.<\/p>\n\n\n\n<p class=\"has-text-align-left\">Nos explic\u00f3 que nos dividir\u00edamos en tres grupos. A m\u00ed me pusieron en el de presentaci\u00f3n, donde ten\u00edamos que decir de qu\u00e9 iba nuestro proyecto, que hac\u00edamos, quienes \u00e9ramos, etc. Despu\u00e9s hicimos una lluvia de ideas para saber qui\u00e9n dec\u00eda cada cosa. Cuando ya la acabamos, escribimos en un papel nuestro texto y al acabarlo lo repasamos para que no hubiese ninguna falta de ortograf\u00eda y lo acabamos leyendo en voz alta. Para concluir Cristina nos dijo que el lunes tendr\u00edamos que traer una autorizaci\u00f3n para BTV y despu\u00e9s ya nos fuimos a casa\u201d.<\/p>\n\n\n\n<p>&nbsp;&nbsp;&nbsp;&nbsp;&nbsp;&nbsp;&nbsp;&nbsp;&nbsp;&nbsp;&nbsp;&nbsp;&nbsp;&nbsp;&nbsp;&nbsp;&nbsp;&nbsp;&nbsp;&nbsp;&nbsp;&nbsp;&nbsp;&nbsp;&nbsp;&nbsp;&nbsp;&nbsp;&nbsp;&nbsp;&nbsp;&nbsp;&nbsp;&nbsp;&nbsp;&nbsp;&nbsp;&nbsp;&nbsp;&nbsp;&nbsp;&nbsp;&nbsp;&nbsp;&nbsp;&nbsp;&nbsp;&nbsp;&nbsp;&nbsp;&nbsp;&nbsp;&nbsp;&nbsp;&nbsp;&nbsp;&nbsp;&nbsp;&nbsp;&nbsp;&nbsp;&nbsp;&nbsp;&nbsp;&nbsp;&nbsp;&nbsp;&nbsp;&nbsp;&nbsp;&nbsp;&nbsp;&nbsp;&nbsp;&nbsp;&nbsp;&nbsp;&nbsp;&nbsp;&nbsp;&nbsp;&nbsp;&nbsp;&nbsp;&nbsp;&nbsp;&nbsp;&nbsp;&nbsp;&nbsp;&nbsp;&nbsp;&nbsp;&nbsp;&nbsp;&nbsp;&nbsp;&nbsp;&nbsp; Aurora Villoro<\/p>\n\n\n\n<p>\u201cEl d\u00eda 9 de mayo fue la \u00faltima sesi\u00f3n antes de la exposici\u00f3n final. Fuimos al museo como siempre donde P\u00eda nos ense\u00f1\u00f3 lo que hab\u00eda avanzado de la exposici\u00f3n. Despu\u00e9s nos separamos en dos grupos: los que hacen el coro experimental se fueron a practicar la partitura con P\u00eda y los dem\u00e1s se quedaron para preparar la presentaci\u00f3n. Yo hice el coro experimental y fue muy chulo lo que hicimos. P\u00eda hab\u00eda preparado una partitura que era m\u00e1s larga de lo que me esperaba. Fue un d\u00eda con muchos nervios y ganas de exponer.&nbsp;\u201c&nbsp;<\/p>\n\n\n\n<p>&nbsp;&nbsp;&nbsp;&nbsp;&nbsp;&nbsp;&nbsp;&nbsp;&nbsp;&nbsp;&nbsp;&nbsp;&nbsp;&nbsp;&nbsp;&nbsp;&nbsp;&nbsp;&nbsp;&nbsp;&nbsp;&nbsp;&nbsp;&nbsp;&nbsp;&nbsp;&nbsp;&nbsp;&nbsp;&nbsp;&nbsp;&nbsp;&nbsp;&nbsp;&nbsp;&nbsp;&nbsp;&nbsp;&nbsp;&nbsp;&nbsp;&nbsp;&nbsp; &nbsp;&nbsp;&nbsp;&nbsp;&nbsp;&nbsp;&nbsp;&nbsp;&nbsp;&nbsp;&nbsp;&nbsp;&nbsp;&nbsp;&nbsp;&nbsp;&nbsp;&nbsp;&nbsp;&nbsp;&nbsp;&nbsp;&nbsp;&nbsp;&nbsp;&nbsp;&nbsp;&nbsp;&nbsp;&nbsp;&nbsp;&nbsp;&nbsp;&nbsp;&nbsp;&nbsp;&nbsp;&nbsp;&nbsp;&nbsp;&nbsp;&nbsp;&nbsp;&nbsp;&nbsp;&nbsp;&nbsp;&nbsp;&nbsp;&nbsp;&nbsp;&nbsp;&nbsp;&nbsp;&nbsp;Niharika Kammu<\/p>\n\n\n\n<p>\u201cEn la \u00faltima sesi\u00f3n del proyecto nos separaron en dos grupos: un grupo era del coro y el otro, estaba formado por los alumnos que explicaban lo que hemos hecho en el proyecto hasta la \u00faltima sesi\u00f3n.<\/p>\n\n\n\n<p>Yo estoy en el coro y cantamos letras, palabras, etc\u201d.<\/p>\n\n\n\n<p>&nbsp;&nbsp;&nbsp;&nbsp;&nbsp;&nbsp;&nbsp;&nbsp;&nbsp;&nbsp;&nbsp;&nbsp;&nbsp;&nbsp;&nbsp;&nbsp;&nbsp;&nbsp;&nbsp;&nbsp;&nbsp;&nbsp;&nbsp;&nbsp;&nbsp;&nbsp;&nbsp;&nbsp;&nbsp;&nbsp;&nbsp;&nbsp;&nbsp;&nbsp;&nbsp;&nbsp;&nbsp;&nbsp;&nbsp;&nbsp;&nbsp;&nbsp;&nbsp;&nbsp;&nbsp;&nbsp;&nbsp;&nbsp;&nbsp;&nbsp;&nbsp;&nbsp;&nbsp;&nbsp;&nbsp;&nbsp;&nbsp;&nbsp;&nbsp;&nbsp;&nbsp;&nbsp;&nbsp;&nbsp;&nbsp;&nbsp;&nbsp;&nbsp;&nbsp;&nbsp;&nbsp;&nbsp;&nbsp;&nbsp;&nbsp;&nbsp;&nbsp;&nbsp;&nbsp;&nbsp;&nbsp;&nbsp;&nbsp;&nbsp;&nbsp;&nbsp;&nbsp;&nbsp;&nbsp;&nbsp;&nbsp;&nbsp;&nbsp;&nbsp;&nbsp;&nbsp;&nbsp; Owen Chasi<\/p>\n\n\n\n<p>\u201cEn esta \u00faltima sesi\u00f3n como en todas las otras, fuimos en metro hacia plaza Espa\u00f1a y como siempre subimos las largas escaleras.<\/p>\n\n\n\n<p>Cuando llegamos al MNAC P\u00eda nos llev\u00f3 a la sala oval, donde hicimos varios grupos: coro experimental, presentaci\u00f3n y los alumnos que hacen la visita guiada de la exposici\u00f3n.<\/p>\n\n\n\n<p>Una vez hechos los grupos se ten\u00eda que preparar lo que cada uno iba a decir.<\/p>\n\n\n\n<p>A m\u00ed me toc\u00f3 preparar la presentaci\u00f3n con otros compa\u00f1eros y cada uno ten\u00eda que explicar su parte. En mi caso las bit\u00e1coras, pero como se hizo tarde tuve que estudiarlo en casa.\u201d<\/p>\n\n\n\n<p>&nbsp;&nbsp;&nbsp;&nbsp;&nbsp;&nbsp;&nbsp;&nbsp;&nbsp;&nbsp;&nbsp;&nbsp;&nbsp;&nbsp;&nbsp;&nbsp;&nbsp;&nbsp;&nbsp;&nbsp;&nbsp;&nbsp;&nbsp;&nbsp;&nbsp;&nbsp;&nbsp;&nbsp;&nbsp;&nbsp;&nbsp;&nbsp;&nbsp;&nbsp;&nbsp;&nbsp;&nbsp;&nbsp;&nbsp;&nbsp;&nbsp;&nbsp;&nbsp;&nbsp;&nbsp;&nbsp;&nbsp;&nbsp;&nbsp;&nbsp;&nbsp;&nbsp;&nbsp;&nbsp;&nbsp;&nbsp;&nbsp;&nbsp;&nbsp;&nbsp;&nbsp;&nbsp;&nbsp;&nbsp;&nbsp;&nbsp;&nbsp;&nbsp;&nbsp;&nbsp;&nbsp;&nbsp;&nbsp;&nbsp;&nbsp;&nbsp;&nbsp;&nbsp;&nbsp;&nbsp;&nbsp;&nbsp; &nbsp;&nbsp;&nbsp;&nbsp;&nbsp;&nbsp;H\u00e9ctor Rexhepi<\/p>\n\n\n\n<p>\u201cEn esta \u00faltima sesi\u00f3n como en todas las otras, fuimos en metro hasta plaza Espa\u00f1a y subimos esas largas escaleras hasta que llegamos al MNAC, donde nos esperaba P\u00eda.<\/p>\n\n\n\n<p>Una vez all\u00ed en primer lugar, nos repartimos por nuestros grupos indicados: coro experimental, presentaci\u00f3n y visita guiada.<\/p>\n\n\n\n<p>En segundo lugar, escribimos lo que cada uno dir\u00eda, a m\u00ed me toc\u00f3 la presentaci\u00f3n.<\/p>\n\n\n\n<p>Por \u00faltimo, empezamos a ensayar por orden, pero como se hizo tarde no pude practicar.<\/p>\n\n\n\n<p>En conclusi\u00f3n, lo har\u00e9 en casa.\u201d&nbsp;&nbsp;<\/p>\n\n\n\n<p>&nbsp;&nbsp;&nbsp;&nbsp;&nbsp;&nbsp;&nbsp;&nbsp;&nbsp;&nbsp;&nbsp;&nbsp;&nbsp;&nbsp;&nbsp;&nbsp;&nbsp;&nbsp;&nbsp;&nbsp;&nbsp;&nbsp;&nbsp;&nbsp;&nbsp;&nbsp;&nbsp;&nbsp;&nbsp;&nbsp;&nbsp;&nbsp;&nbsp;&nbsp;&nbsp;&nbsp;&nbsp;&nbsp;&nbsp;&nbsp;&nbsp;&nbsp;&nbsp;&nbsp;&nbsp;&nbsp;&nbsp;&nbsp;&nbsp;&nbsp;&nbsp;&nbsp;&nbsp;&nbsp;&nbsp;&nbsp;&nbsp;&nbsp;&nbsp;&nbsp;&nbsp;&nbsp;&nbsp;&nbsp;&nbsp;&nbsp;&nbsp;&nbsp;&nbsp;&nbsp;&nbsp;&nbsp;&nbsp;&nbsp;&nbsp;&nbsp;&nbsp;&nbsp;&nbsp;&nbsp;&nbsp;&nbsp;&nbsp;&nbsp;&nbsp;&nbsp;&nbsp;&nbsp;&nbsp;&nbsp;&nbsp; Ra\u00fal Palli<\/p>\n\n\n\n<p>\u201cEn nuestra \u00faltima sesi\u00f3n en el MNAC nos preparamos para la exposici\u00f3n del d\u00eda 16 de mayo. Nos dividimos en tres grupos, los que hacen coro experimental, los que hacen la presentaci\u00f3n y los que exponen.<\/p>\n\n\n\n<p>Yo form\u00f3 parte del grupo de presentaci\u00f3n, en el que escribimos todo lo que queremos decir, decidimos el orden en el que vamos a decirlo y nos lo repartimos. Despu\u00e9s, cada uno modific\u00f3 el texto con sus palabras y lo ensayamos para ver c\u00f3mo quedaba.&nbsp;<\/p>\n\n\n\n<p>Me ha gustado esta \u00faltima sesi\u00f3n ya que hemos recordado todo lo que hemos hecho a lo largo del proyecto.\u201d<\/p>\n\n\n\n<p>&nbsp;&nbsp;&nbsp;&nbsp;&nbsp;&nbsp;&nbsp;&nbsp;&nbsp;&nbsp;&nbsp;&nbsp;&nbsp;&nbsp;&nbsp;&nbsp;&nbsp;&nbsp;&nbsp;&nbsp;&nbsp;&nbsp;&nbsp;&nbsp;&nbsp;&nbsp;&nbsp;&nbsp;&nbsp;&nbsp;&nbsp;&nbsp;&nbsp;&nbsp;&nbsp;&nbsp;&nbsp;&nbsp;&nbsp;&nbsp;&nbsp;&nbsp;&nbsp;&nbsp;&nbsp;&nbsp;&nbsp;&nbsp;&nbsp;&nbsp;&nbsp;&nbsp;&nbsp;&nbsp;&nbsp;&nbsp;&nbsp;&nbsp;&nbsp;&nbsp;&nbsp;&nbsp;&nbsp;&nbsp;&nbsp;&nbsp;&nbsp;&nbsp;&nbsp;&nbsp;&nbsp;&nbsp;&nbsp;&nbsp;&nbsp;&nbsp;&nbsp;&nbsp;&nbsp;&nbsp;&nbsp;&nbsp;&nbsp;&nbsp;&nbsp;&nbsp;   Neysa Godino<\/p>\n","protected":false},"excerpt":{"rendered":"<p>\u201cEn la \u00faltima sesi\u00f3n del proyecto de som paisatge fuimos al MNAC. Cristina nos dijo que era nuestra pen\u00faltima sesi\u00f3n, que la semana siguiente \u00edbamos a exponer nuestro trabajo de unos diez meses aproximadamente. Nos explic\u00f3 que nos dividir\u00edamos en tres grupos. A m\u00ed me pusieron en el de presentaci\u00f3n, donde ten\u00edamos que decir de &hellip; <\/p>\n<p class=\"link-more\"><a href=\"https:\/\/blocsenresidencia.bcn.cat\/sants2023\/2023\/05\/16\/nuestra-ultima-sesion-en-el-mnac\/\" class=\"more-link\">Continua llegint <span class=\"screen-reader-text\">\u00abNUESTRA \u00daLTIMA SESI\u00d3N EN EL MNAC\u00bb<\/span><\/a><\/p>\n","protected":false},"author":6,"featured_media":0,"comment_status":"open","ping_status":"open","sticky":false,"template":"","format":"standard","meta":{"footnotes":""},"categories":[1],"tags":[],"class_list":["post-193","post","type-post","status-publish","format-standard","hentry","category-general"],"_links":{"self":[{"href":"https:\/\/blocsenresidencia.bcn.cat\/sants2023\/wp-json\/wp\/v2\/posts\/193","targetHints":{"allow":["GET"]}}],"collection":[{"href":"https:\/\/blocsenresidencia.bcn.cat\/sants2023\/wp-json\/wp\/v2\/posts"}],"about":[{"href":"https:\/\/blocsenresidencia.bcn.cat\/sants2023\/wp-json\/wp\/v2\/types\/post"}],"author":[{"embeddable":true,"href":"https:\/\/blocsenresidencia.bcn.cat\/sants2023\/wp-json\/wp\/v2\/users\/6"}],"replies":[{"embeddable":true,"href":"https:\/\/blocsenresidencia.bcn.cat\/sants2023\/wp-json\/wp\/v2\/comments?post=193"}],"version-history":[{"count":2,"href":"https:\/\/blocsenresidencia.bcn.cat\/sants2023\/wp-json\/wp\/v2\/posts\/193\/revisions"}],"predecessor-version":[{"id":195,"href":"https:\/\/blocsenresidencia.bcn.cat\/sants2023\/wp-json\/wp\/v2\/posts\/193\/revisions\/195"}],"wp:attachment":[{"href":"https:\/\/blocsenresidencia.bcn.cat\/sants2023\/wp-json\/wp\/v2\/media?parent=193"}],"wp:term":[{"taxonomy":"category","embeddable":true,"href":"https:\/\/blocsenresidencia.bcn.cat\/sants2023\/wp-json\/wp\/v2\/categories?post=193"},{"taxonomy":"post_tag","embeddable":true,"href":"https:\/\/blocsenresidencia.bcn.cat\/sants2023\/wp-json\/wp\/v2\/tags?post=193"}],"curies":[{"name":"wp","href":"https:\/\/api.w.org\/{rel}","templated":true}]}}