{"id":212,"date":"2023-06-28T16:40:45","date_gmt":"2023-06-28T14:40:45","guid":{"rendered":"https:\/\/blocsenresidencia.bcn.cat\/sants2023\/?p=212"},"modified":"2023-07-10T15:00:24","modified_gmt":"2023-07-10T13:00:24","slug":"som-paisatge","status":"publish","type":"post","link":"https:\/\/blocsenresidencia.bcn.cat\/sants2023\/2023\/06\/28\/som-paisatge\/","title":{"rendered":"SOM PAISATGE"},"content":{"rendered":"\n<p><\/p>\n\n\n\n<figure class=\"wp-block-image size-large\"><img loading=\"lazy\" decoding=\"async\" width=\"1024\" height=\"686\" src=\"https:\/\/blocsenresidencia.bcn.cat\/sants2023\/wp-content\/uploads\/2023\/06\/3759-013-1-1024x686.jpg\" alt=\"\" class=\"wp-image-217\" srcset=\"https:\/\/blocsenresidencia.bcn.cat\/sants2023\/wp-content\/uploads\/2023\/06\/3759-013-1-1024x686.jpg 1024w, https:\/\/blocsenresidencia.bcn.cat\/sants2023\/wp-content\/uploads\/2023\/06\/3759-013-1-300x201.jpg 300w, https:\/\/blocsenresidencia.bcn.cat\/sants2023\/wp-content\/uploads\/2023\/06\/3759-013-1-768x515.jpg 768w, https:\/\/blocsenresidencia.bcn.cat\/sants2023\/wp-content\/uploads\/2023\/06\/3759-013-1-1536x1029.jpg 1536w, https:\/\/blocsenresidencia.bcn.cat\/sants2023\/wp-content\/uploads\/2023\/06\/3759-013-1-2048x1373.jpg 2048w\" sizes=\"auto, (max-width: 767px) 89vw, (max-width: 1000px) 54vw, (max-width: 1071px) 543px, 580px\" \/><\/figure>\n\n\n\n<figure class=\"wp-block-gallery has-nested-images columns-default is-cropped wp-block-gallery-1 is-layout-flex wp-block-gallery-is-layout-flex\">\n<figure class=\"wp-block-image size-large\"><img loading=\"lazy\" decoding=\"async\" width=\"1024\" height=\"683\" data-id=\"215\" src=\"https:\/\/blocsenresidencia.bcn.cat\/sants2023\/wp-content\/uploads\/2023\/06\/230516_PresentacioSomPaisatge_fotos_033-1024x683.jpg\" alt=\"\" class=\"wp-image-215\" srcset=\"https:\/\/blocsenresidencia.bcn.cat\/sants2023\/wp-content\/uploads\/2023\/06\/230516_PresentacioSomPaisatge_fotos_033-1024x683.jpg 1024w, https:\/\/blocsenresidencia.bcn.cat\/sants2023\/wp-content\/uploads\/2023\/06\/230516_PresentacioSomPaisatge_fotos_033-300x200.jpg 300w, https:\/\/blocsenresidencia.bcn.cat\/sants2023\/wp-content\/uploads\/2023\/06\/230516_PresentacioSomPaisatge_fotos_033-768x512.jpg 768w\" sizes=\"auto, (max-width: 767px) 89vw, (max-width: 1000px) 54vw, (max-width: 1071px) 543px, 580px\" \/><\/figure>\n<\/figure>\n\n\n\n<figure class=\"wp-block-image size-large\"><img loading=\"lazy\" decoding=\"async\" width=\"1024\" height=\"683\" src=\"https:\/\/blocsenresidencia.bcn.cat\/sants2023\/wp-content\/uploads\/2023\/06\/230516_PresentacioSomPaisatge_fotos_004-1024x683.jpg\" alt=\"\" class=\"wp-image-216\" srcset=\"https:\/\/blocsenresidencia.bcn.cat\/sants2023\/wp-content\/uploads\/2023\/06\/230516_PresentacioSomPaisatge_fotos_004-1024x683.jpg 1024w, https:\/\/blocsenresidencia.bcn.cat\/sants2023\/wp-content\/uploads\/2023\/06\/230516_PresentacioSomPaisatge_fotos_004-300x200.jpg 300w, https:\/\/blocsenresidencia.bcn.cat\/sants2023\/wp-content\/uploads\/2023\/06\/230516_PresentacioSomPaisatge_fotos_004-768x512.jpg 768w, https:\/\/blocsenresidencia.bcn.cat\/sants2023\/wp-content\/uploads\/2023\/06\/230516_PresentacioSomPaisatge_fotos_004-1536x1024.jpg 1536w\" sizes=\"auto, (max-width: 767px) 89vw, (max-width: 1000px) 54vw, (max-width: 1071px) 543px, 580px\" \/><\/figure>\n\n\n\n<p>Hola, <\/p>\n\n\n\n<p>Molt bona tarda a tothom.<\/p>\n\n\n\n<p>Acabem de sentir el cor experimental \u2018<strong>Laboratori d\u2019una veu dialogada<\/strong>\u2019. Esperem que us hagi agradat.<\/p>\n\n\n\n<p>Som \u2018<strong>Som Paisatge<\/strong>\u2019, un grup d\u2019alumnes de 2n d\u2019ESO de l\u2019Institut Sants que aquest curs hem estat fent un projecte amb l\u2019artista P\u00eda Sommer.<\/p>\n\n\n\n<p>Ara us explicarem el projecte que hem realitzat.<\/p>\n\n\n\n<p>Despr\u00e9s de l\u2019explicaci\u00f3, us acompanyarem a la sala d&#8217;exposicions i uns companys faran una visita guiada a l\u2019exposici\u00f3. All\u00e0, totes nosaltres podrem explicar-vos tot all\u00f2 que vulgueu saber sobre el projecte.<\/p>\n\n\n\n<p>Al principio de curso nuestra profesora Cristina nos dio la noticia de que har\u00edamos este proyecto durante todo el curso con una artista llamada P\u00eda Sommer. La noticia nos dej\u00f3 impactados porque no nos lo esper\u00e1bamos.&nbsp;<\/p>\n\n\n\n<p>En la primera sesi\u00f3n que vino P\u00eda nos presentamos y ella nos explic\u00f3 qu\u00e9 har\u00edamos durante el curso. La primera propuesta que hicimos fue frotar un cd con un grafito y nos impresion\u00f3 el resultado. Hab\u00edamos calcado el CD en una hoja.<\/p>\n\n\n\n<p>A partir de ese primer d\u00eda hemos frotado muchas cosas:<\/p>\n\n\n\n<p>La suela de nuestros zapatos, una mascarilla, el patio del instituto, el pasillo del instituto, los suelos de este museo, la calle donde vivimos, el suelo de nuestras casas, la entrada del instituto, las escaleras de piedra que te llevan hasta este museo.<\/p>\n\n\n\n<p>Al final, nos hemos dado cuenta que en este proyecto hemos calcado el mundo, y esto es una cosa que no la hace cualquiera.&nbsp;<\/p>\n\n\n\n<p>Ha sido muy especial porque&#8230;<\/p>\n\n\n\n<p>Hemos hecho muchos <em>frottages<\/em> (como ahora os explicaba mi compa\u00f1era Amy)<\/p>\n\n\n\n<p>Hemos creado un paisaje sonoro del recorrido que existe entre el instituto y el museo.&nbsp;<\/p>\n\n\n\n<p>Hemos estado atentas a los sonidos y los hemos gravado con unas gravadoras.<\/p>\n\n\n\n<p>Hemos hecho muchas reuniones de proyecto y hemos escrito muchas pizarras<\/p>\n\n\n\n<p>Hemos creado esculturas con papel<\/p>\n\n\n\n<p>Hemos hablado mucho y hemos jugado con palabras para decidir el t\u00edtulo del proyecto<\/p>\n\n\n\n<p>Hemos jugado a hacer el coro experimental<\/p>\n\n\n\n<p>Hemos hecho nuestras bit\u00e1coras<\/p>\n\n\n\n<p>Hemos hecho unos libros de artista<\/p>\n\n\n\n<p>Hemos fijado los <em>frottages <\/em>con un spray fijador para que no se borren<\/p>\n\n\n\n<p>Nos hemos conocido un poco m\u00e1s y hemos descubierto un poco m\u00e1s el arte.<\/p>\n\n\n\n<figure class=\"wp-block-image size-large\"><img loading=\"lazy\" decoding=\"async\" width=\"1024\" height=\"683\" src=\"https:\/\/blocsenresidencia.bcn.cat\/sants2023\/wp-content\/uploads\/2023\/06\/230516_PresentacioSomPaisatge_fotos_038-1024x683.jpg\" alt=\"\" class=\"wp-image-232\" srcset=\"https:\/\/blocsenresidencia.bcn.cat\/sants2023\/wp-content\/uploads\/2023\/06\/230516_PresentacioSomPaisatge_fotos_038-1024x683.jpg 1024w, https:\/\/blocsenresidencia.bcn.cat\/sants2023\/wp-content\/uploads\/2023\/06\/230516_PresentacioSomPaisatge_fotos_038-300x200.jpg 300w, https:\/\/blocsenresidencia.bcn.cat\/sants2023\/wp-content\/uploads\/2023\/06\/230516_PresentacioSomPaisatge_fotos_038-768x512.jpg 768w, https:\/\/blocsenresidencia.bcn.cat\/sants2023\/wp-content\/uploads\/2023\/06\/230516_PresentacioSomPaisatge_fotos_038-1536x1024.jpg 1536w\" sizes=\"auto, (max-width: 767px) 89vw, (max-width: 1000px) 54vw, (max-width: 1071px) 543px, 580px\" \/><\/figure>\n\n\n\n<p>Tenim molts records especials d\u2019aquest temps de treball compartit.<\/p>\n\n\n\n<p>Recordem especialment el dia en qu\u00e8 la P\u00eda va treure la guitarra i es va posar a tocar al teatre de l\u2019institut.<\/p>\n\n\n\n<p>Recordem el dia en qu\u00e8 vam fer reuni\u00f3 de proc\u00e9s i mentrestant menj\u00e0vem algunes coses que havia portat la P\u00eda.<\/p>\n\n\n\n<p>Recordem el primer dia que vam venir al museu, que vam estirar-nos a la c\u00fapula per observar-ne les pintures.<\/p>\n\n\n\n<p>Recordem el dia que va venir BTV a filmar-nos.<\/p>\n\n\n\n<p>Recordem tamb\u00e9 el dia que vam anar a veure una obra de dansa molt estranya i a mi em va agafar un atac de riure\u2026<\/p>\n\n\n\n<p>I segur que totes nosaltres recordarem molt el dia d&#8217;avui.<\/p>\n\n\n\n<p>En este proyecto hemos tenido la oportunidad de trabajar en el <strong>Museu Nacional d\u2019Art de Catalunya<\/strong>. Para muchos de nosotros ha sido la primera vez que hemos entrado aqu\u00ed. \u00a1Ahora ya nos hemos acostumbrado un poco a venir y a subir las escaleras!<\/p>\n\n\n\n<p>Hemos descubierto partes escondidas como las reservas de obra.&nbsp;<\/p>\n\n\n\n<p>Tambi\u00e9n salas con pinturas, la c\u00fapula que es un espacio que nos gusta mucho, la sala oval, donde muchos d\u00edas hemos trabajado y la sala donde hemos realizado la exposici\u00f3n, la sala Educart.&nbsp;<\/p>\n\n\n\n<p>Tambi\u00e9n tenemos muy buen recuerdo del vest\u00edbulo, nos gusta descansar un rato en los sof\u00e1s al llegar al museo.<\/p>\n\n\n\n<p>El t\u00edtol del nostre projecte \u00e9s <strong>SOM PAISATGE<\/strong>.&nbsp;<\/p>\n\n\n\n<p>Durant el projecte hem treballat amb paraules, hem escrit a les bit\u00e0coles i un dia ens vam dedicar a pensar possibles noms. La idea del t\u00edtol va sorgir un altre dia en qu\u00e8 parl\u00e0vem que nosaltres tamb\u00e9 formem part d\u2019aquest territori que hi ha entre l&#8217;Institut i el museu i que hem volgut representar amb el frottage i el so. Com que es el nostre territori, prop d&#8217;on la majoria de nosaltred vivim, ens vam adonar que nosaltres tamb\u00e9 en formem part. I aix\u00ed va sortir la idea d\u2019aquest t\u00edtol que tamb\u00e9 ha estat un lema que hem anat repetint, com heu sentit abans al cor experimental.<\/p>\n\n\n\n<p>Volem agrair a la<strong> P\u00eda Sommer<\/strong> per la seva paci\u00e8ncia i el seu temps i la seva energia. Ens ha agradat molt con\u00e8ixer-la. Tamb\u00e9 a les professores <strong>Cristina i Teresa<\/strong> per acompanyar-nos. Sense elles no hagu\u00e9ssim pogut fer tot aix\u00f2. Volem agrair al programa <strong>En Resid\u00e8ncia,<\/strong> a l\u2019<strong>Associaci\u00f3 A Bao A Qu<\/strong> per poder fer aquest projecte i tamb\u00e9 al <strong>Museu Nacional<\/strong>, de manera molt especial, per haver-nos acollit durant tot el curs i avui per la presentaci\u00f3. Al <strong>Festival Barcelona Poesia<\/strong> per la confian\u00e7a. A l\u2019<strong>Institut de Cultura de Barcelona<\/strong> i al <strong>Consorci d\u2019Educaci\u00f3<\/strong> per fer entrar artistes dins les aules dels instituts.<\/p>\n\n\n\n<p>I molt especialment tamb\u00e9 us volem <strong>agrair a totes vosaltres<\/strong> per haver vingut a compartir amb nosaltres aquesta presentaci\u00f3.<\/p>\n\n\n\n<p>Gr\u00e0cies!!<\/p>\n\n\n\n<div class=\"wp-block-columns is-layout-flex wp-container-core-columns-is-layout-9d6595d7 wp-block-columns-is-layout-flex\">\n<div class=\"wp-block-column is-layout-flow wp-block-column-is-layout-flow\" style=\"flex-basis:100%\">\n<figure class=\"wp-block-gallery has-nested-images columns-default is-cropped wp-block-gallery-2 is-layout-flex wp-block-gallery-is-layout-flex\">\n<figure class=\"wp-block-image size-large\"><img loading=\"lazy\" decoding=\"async\" width=\"1024\" height=\"768\" data-id=\"213\" src=\"https:\/\/blocsenresidencia.bcn.cat\/sants2023\/wp-content\/uploads\/2023\/06\/230516_Presentacio_SomPaisatge_fotosmobi_01-1024x768.jpg\" alt=\"\" class=\"wp-image-213\" srcset=\"https:\/\/blocsenresidencia.bcn.cat\/sants2023\/wp-content\/uploads\/2023\/06\/230516_Presentacio_SomPaisatge_fotosmobi_01-1024x768.jpg 1024w, https:\/\/blocsenresidencia.bcn.cat\/sants2023\/wp-content\/uploads\/2023\/06\/230516_Presentacio_SomPaisatge_fotosmobi_01-300x225.jpg 300w, https:\/\/blocsenresidencia.bcn.cat\/sants2023\/wp-content\/uploads\/2023\/06\/230516_Presentacio_SomPaisatge_fotosmobi_01-768x576.jpg 768w, https:\/\/blocsenresidencia.bcn.cat\/sants2023\/wp-content\/uploads\/2023\/06\/230516_Presentacio_SomPaisatge_fotosmobi_01-1536x1152.jpg 1536w, https:\/\/blocsenresidencia.bcn.cat\/sants2023\/wp-content\/uploads\/2023\/06\/230516_Presentacio_SomPaisatge_fotosmobi_01-2048x1536.jpg 2048w\" sizes=\"auto, (max-width: 767px) 89vw, (max-width: 1000px) 54vw, (max-width: 1071px) 543px, 580px\" \/><\/figure>\n<\/figure>\n<\/div>\n<\/div>\n\n\n\n<div class=\"wp-block-columns is-layout-flex wp-container-core-columns-is-layout-9d6595d7 wp-block-columns-is-layout-flex\">\n<div class=\"wp-block-column is-layout-flow wp-block-column-is-layout-flow\" style=\"flex-basis:100%\">\n<figure class=\"wp-block-gallery has-nested-images columns-default is-cropped wp-block-gallery-3 is-layout-flex wp-block-gallery-is-layout-flex\">\n<figure class=\"wp-block-image size-large\"><img loading=\"lazy\" decoding=\"async\" width=\"1024\" height=\"768\" data-id=\"218\" src=\"https:\/\/blocsenresidencia.bcn.cat\/sants2023\/wp-content\/uploads\/2023\/06\/230516_Presentacio_SomPaisatge_fotosmobi_26-1024x768.jpg\" alt=\"\" class=\"wp-image-218\" srcset=\"https:\/\/blocsenresidencia.bcn.cat\/sants2023\/wp-content\/uploads\/2023\/06\/230516_Presentacio_SomPaisatge_fotosmobi_26-1024x768.jpg 1024w, https:\/\/blocsenresidencia.bcn.cat\/sants2023\/wp-content\/uploads\/2023\/06\/230516_Presentacio_SomPaisatge_fotosmobi_26-300x225.jpg 300w, https:\/\/blocsenresidencia.bcn.cat\/sants2023\/wp-content\/uploads\/2023\/06\/230516_Presentacio_SomPaisatge_fotosmobi_26-768x576.jpg 768w, https:\/\/blocsenresidencia.bcn.cat\/sants2023\/wp-content\/uploads\/2023\/06\/230516_Presentacio_SomPaisatge_fotosmobi_26-1536x1152.jpg 1536w, https:\/\/blocsenresidencia.bcn.cat\/sants2023\/wp-content\/uploads\/2023\/06\/230516_Presentacio_SomPaisatge_fotosmobi_26-2048x1536.jpg 2048w\" sizes=\"auto, (max-width: 767px) 89vw, (max-width: 1000px) 54vw, (max-width: 1071px) 543px, 580px\" \/><\/figure>\n\n\n\n<figure class=\"wp-block-image size-large\"><img loading=\"lazy\" decoding=\"async\" width=\"1024\" height=\"683\" data-id=\"222\" src=\"https:\/\/blocsenresidencia.bcn.cat\/sants2023\/wp-content\/uploads\/2023\/06\/230516_PresentacioSomPaisatge_fotos_069-1024x683.jpg\" alt=\"\" class=\"wp-image-222\" srcset=\"https:\/\/blocsenresidencia.bcn.cat\/sants2023\/wp-content\/uploads\/2023\/06\/230516_PresentacioSomPaisatge_fotos_069-1024x683.jpg 1024w, https:\/\/blocsenresidencia.bcn.cat\/sants2023\/wp-content\/uploads\/2023\/06\/230516_PresentacioSomPaisatge_fotos_069-300x200.jpg 300w, https:\/\/blocsenresidencia.bcn.cat\/sants2023\/wp-content\/uploads\/2023\/06\/230516_PresentacioSomPaisatge_fotos_069-768x512.jpg 768w\" sizes=\"auto, (max-width: 767px) 89vw, (max-width: 1000px) 54vw, (max-width: 1071px) 543px, 580px\" \/><\/figure>\n\n\n\n<figure class=\"wp-block-image size-large\"><img loading=\"lazy\" decoding=\"async\" width=\"1024\" height=\"683\" data-id=\"221\" src=\"https:\/\/blocsenresidencia.bcn.cat\/sants2023\/wp-content\/uploads\/2023\/06\/230516_PresentacioSomPaisatge_fotos_078-1024x683.jpg\" alt=\"\" class=\"wp-image-221\" srcset=\"https:\/\/blocsenresidencia.bcn.cat\/sants2023\/wp-content\/uploads\/2023\/06\/230516_PresentacioSomPaisatge_fotos_078-1024x683.jpg 1024w, https:\/\/blocsenresidencia.bcn.cat\/sants2023\/wp-content\/uploads\/2023\/06\/230516_PresentacioSomPaisatge_fotos_078-300x200.jpg 300w, https:\/\/blocsenresidencia.bcn.cat\/sants2023\/wp-content\/uploads\/2023\/06\/230516_PresentacioSomPaisatge_fotos_078-768x512.jpg 768w\" sizes=\"auto, (max-width: 767px) 89vw, (max-width: 1000px) 54vw, (max-width: 1071px) 543px, 580px\" \/><\/figure>\n\n\n\n<figure class=\"wp-block-image size-large\"><img loading=\"lazy\" decoding=\"async\" width=\"1024\" height=\"683\" data-id=\"220\" src=\"https:\/\/blocsenresidencia.bcn.cat\/sants2023\/wp-content\/uploads\/2023\/06\/230516_PresentacioSomPaisatge_fotos_097-1024x683.jpg\" alt=\"\" class=\"wp-image-220\" srcset=\"https:\/\/blocsenresidencia.bcn.cat\/sants2023\/wp-content\/uploads\/2023\/06\/230516_PresentacioSomPaisatge_fotos_097-1024x683.jpg 1024w, https:\/\/blocsenresidencia.bcn.cat\/sants2023\/wp-content\/uploads\/2023\/06\/230516_PresentacioSomPaisatge_fotos_097-300x200.jpg 300w, https:\/\/blocsenresidencia.bcn.cat\/sants2023\/wp-content\/uploads\/2023\/06\/230516_PresentacioSomPaisatge_fotos_097-768x512.jpg 768w\" sizes=\"auto, (max-width: 767px) 89vw, (max-width: 1000px) 54vw, (max-width: 1071px) 543px, 580px\" \/><\/figure>\n\n\n\n<figure class=\"wp-block-image size-large\"><img loading=\"lazy\" decoding=\"async\" width=\"1024\" height=\"683\" data-id=\"225\" src=\"https:\/\/blocsenresidencia.bcn.cat\/sants2023\/wp-content\/uploads\/2023\/06\/230516_PresentacioSomPaisatge_fotos_119-1024x683.jpg\" alt=\"\" class=\"wp-image-225\" srcset=\"https:\/\/blocsenresidencia.bcn.cat\/sants2023\/wp-content\/uploads\/2023\/06\/230516_PresentacioSomPaisatge_fotos_119-1024x683.jpg 1024w, https:\/\/blocsenresidencia.bcn.cat\/sants2023\/wp-content\/uploads\/2023\/06\/230516_PresentacioSomPaisatge_fotos_119-300x200.jpg 300w, https:\/\/blocsenresidencia.bcn.cat\/sants2023\/wp-content\/uploads\/2023\/06\/230516_PresentacioSomPaisatge_fotos_119-768x512.jpg 768w, https:\/\/blocsenresidencia.bcn.cat\/sants2023\/wp-content\/uploads\/2023\/06\/230516_PresentacioSomPaisatge_fotos_119-1536x1024.jpg 1536w\" sizes=\"auto, (max-width: 767px) 89vw, (max-width: 1000px) 54vw, (max-width: 1071px) 543px, 580px\" \/><\/figure>\n\n\n\n<figure class=\"wp-block-image size-large\"><img loading=\"lazy\" decoding=\"async\" width=\"1024\" height=\"683\" data-id=\"226\" src=\"https:\/\/blocsenresidencia.bcn.cat\/sants2023\/wp-content\/uploads\/2023\/06\/230516_PresentacioSomPaisatge_fotos_121-1024x683.jpg\" alt=\"\" class=\"wp-image-226\" srcset=\"https:\/\/blocsenresidencia.bcn.cat\/sants2023\/wp-content\/uploads\/2023\/06\/230516_PresentacioSomPaisatge_fotos_121-1024x683.jpg 1024w, https:\/\/blocsenresidencia.bcn.cat\/sants2023\/wp-content\/uploads\/2023\/06\/230516_PresentacioSomPaisatge_fotos_121-300x200.jpg 300w, https:\/\/blocsenresidencia.bcn.cat\/sants2023\/wp-content\/uploads\/2023\/06\/230516_PresentacioSomPaisatge_fotos_121-768x512.jpg 768w, https:\/\/blocsenresidencia.bcn.cat\/sants2023\/wp-content\/uploads\/2023\/06\/230516_PresentacioSomPaisatge_fotos_121-1536x1024.jpg 1536w\" sizes=\"auto, (max-width: 767px) 89vw, (max-width: 1000px) 54vw, (max-width: 1071px) 543px, 580px\" \/><\/figure>\n\n\n\n<figure class=\"wp-block-image size-large\"><img loading=\"lazy\" decoding=\"async\" width=\"1024\" height=\"683\" data-id=\"224\" src=\"https:\/\/blocsenresidencia.bcn.cat\/sants2023\/wp-content\/uploads\/2023\/06\/230516_PresentacioSomPaisatge_fotos_123-1024x683.jpg\" alt=\"\" class=\"wp-image-224\" srcset=\"https:\/\/blocsenresidencia.bcn.cat\/sants2023\/wp-content\/uploads\/2023\/06\/230516_PresentacioSomPaisatge_fotos_123-1024x683.jpg 1024w, https:\/\/blocsenresidencia.bcn.cat\/sants2023\/wp-content\/uploads\/2023\/06\/230516_PresentacioSomPaisatge_fotos_123-300x200.jpg 300w, https:\/\/blocsenresidencia.bcn.cat\/sants2023\/wp-content\/uploads\/2023\/06\/230516_PresentacioSomPaisatge_fotos_123-768x512.jpg 768w, https:\/\/blocsenresidencia.bcn.cat\/sants2023\/wp-content\/uploads\/2023\/06\/230516_PresentacioSomPaisatge_fotos_123-1536x1024.jpg 1536w\" sizes=\"auto, (max-width: 767px) 89vw, (max-width: 1000px) 54vw, (max-width: 1071px) 543px, 580px\" \/><\/figure>\n\n\n\n<figure class=\"wp-block-image size-large\"><img decoding=\"async\" data-id=\"223\" src=\"https:\/\/blocsenresidencia.bcn.cat\/sants2023\/wp-content\/uploads\/2023\/06\/230516_PresentacioSomPaisatge_fotos_130.jpg\" alt=\"\" class=\"wp-image-223\"\/><\/figure>\n<\/figure>\n<\/div>\n<\/div>\n\n\n\n<figure class=\"wp-block-embed is-type-video is-provider-vimeo wp-block-embed-vimeo wp-embed-aspect-16-9 wp-has-aspect-ratio\"><div class=\"wp-block-embed__wrapper\">\n<iframe loading=\"lazy\" title=\"Pia Sommer En Resid\u00e8ncia a l&#039;Institut Sants\" src=\"https:\/\/player.vimeo.com\/video\/843821065?dnt=1&amp;app_id=122963\" width=\"525\" height=\"295\" frameborder=\"0\" allow=\"autoplay; fullscreen; picture-in-picture; clipboard-write\"><\/iframe>\n<\/div><\/figure>\n","protected":false},"excerpt":{"rendered":"<p>Hola, Molt bona tarda a tothom. Acabem de sentir el cor experimental \u2018Laboratori d\u2019una veu dialogada\u2019. Esperem que us hagi agradat. Som \u2018Som Paisatge\u2019, un grup d\u2019alumnes de 2n d\u2019ESO de l\u2019Institut Sants que aquest curs hem estat fent un projecte amb l\u2019artista P\u00eda Sommer. Ara us explicarem el projecte que hem realitzat. Despr\u00e9s de &hellip; <\/p>\n<p class=\"link-more\"><a href=\"https:\/\/blocsenresidencia.bcn.cat\/sants2023\/2023\/06\/28\/som-paisatge\/\" class=\"more-link\">Continua llegint <span class=\"screen-reader-text\">\u00abSOM PAISATGE\u00bb<\/span><\/a><\/p>\n","protected":false},"author":3,"featured_media":0,"comment_status":"open","ping_status":"open","sticky":false,"template":"","format":"standard","meta":{"footnotes":""},"categories":[1],"tags":[],"class_list":["post-212","post","type-post","status-publish","format-standard","hentry","category-general"],"_links":{"self":[{"href":"https:\/\/blocsenresidencia.bcn.cat\/sants2023\/wp-json\/wp\/v2\/posts\/212","targetHints":{"allow":["GET"]}}],"collection":[{"href":"https:\/\/blocsenresidencia.bcn.cat\/sants2023\/wp-json\/wp\/v2\/posts"}],"about":[{"href":"https:\/\/blocsenresidencia.bcn.cat\/sants2023\/wp-json\/wp\/v2\/types\/post"}],"author":[{"embeddable":true,"href":"https:\/\/blocsenresidencia.bcn.cat\/sants2023\/wp-json\/wp\/v2\/users\/3"}],"replies":[{"embeddable":true,"href":"https:\/\/blocsenresidencia.bcn.cat\/sants2023\/wp-json\/wp\/v2\/comments?post=212"}],"version-history":[{"count":3,"href":"https:\/\/blocsenresidencia.bcn.cat\/sants2023\/wp-json\/wp\/v2\/posts\/212\/revisions"}],"predecessor-version":[{"id":238,"href":"https:\/\/blocsenresidencia.bcn.cat\/sants2023\/wp-json\/wp\/v2\/posts\/212\/revisions\/238"}],"wp:attachment":[{"href":"https:\/\/blocsenresidencia.bcn.cat\/sants2023\/wp-json\/wp\/v2\/media?parent=212"}],"wp:term":[{"taxonomy":"category","embeddable":true,"href":"https:\/\/blocsenresidencia.bcn.cat\/sants2023\/wp-json\/wp\/v2\/categories?post=212"},{"taxonomy":"post_tag","embeddable":true,"href":"https:\/\/blocsenresidencia.bcn.cat\/sants2023\/wp-json\/wp\/v2\/tags?post=212"}],"curies":[{"name":"wp","href":"https:\/\/api.w.org\/{rel}","templated":true}]}}