{"id":304,"date":"2023-11-08T14:24:02","date_gmt":"2023-11-08T12:24:02","guid":{"rendered":"https:\/\/blocsenresidencia.bcn.cat\/sedeta2024\/?p=304"},"modified":"2023-11-08T14:24:02","modified_gmt":"2023-11-08T12:24:02","slug":"ens-presentem","status":"publish","type":"post","link":"https:\/\/blocsenresidencia.bcn.cat\/sedeta2024\/ens-presentem\/","title":{"rendered":"ENS PRESENTEM!"},"content":{"rendered":"\n<figure class=\"wp-block-image size-large\"><img loading=\"lazy\" decoding=\"async\" width=\"1024\" height=\"871\" src=\"https:\/\/blocsenresidencia.bcn.cat\/sedeta2024\/wp-content\/uploads\/2023\/11\/GRUP-1-1024x871.jpg\" alt=\"\" class=\"wp-image-306\" srcset=\"https:\/\/blocsenresidencia.bcn.cat\/sedeta2024\/wp-content\/uploads\/2023\/11\/GRUP-1-1024x871.jpg 1024w, https:\/\/blocsenresidencia.bcn.cat\/sedeta2024\/wp-content\/uploads\/2023\/11\/GRUP-1-300x255.jpg 300w, https:\/\/blocsenresidencia.bcn.cat\/sedeta2024\/wp-content\/uploads\/2023\/11\/GRUP-1-768x653.jpg 768w, https:\/\/blocsenresidencia.bcn.cat\/sedeta2024\/wp-content\/uploads\/2023\/11\/GRUP-1.jpg 1341w\" sizes=\"auto, (max-width: 767px) 89vw, (max-width: 1000px) 54vw, (max-width: 1071px) 543px, 580px\" \/><\/figure>\n\n\n\n<p>Hola, som el grup de 4rt ESO de l\u2019Institut La Sedeta que participem en el project EN RESiD\u00c8NCIA, amb l\u2019artista Irena Visa. Ens motiva molt fer aquest projecte, ja que som un grup que ens agrada molt tot all\u00f2 que tingui relaci\u00f3 amb l&#8217;art, estem molt emocionats i agra\u00efts de poder formar part d\u2019aix\u00f2.&nbsp; Preparats per l&#8217;aventura!<\/p>\n","protected":false},"excerpt":{"rendered":"<p>Hola, som el grup de 4rt ESO de l\u2019Institut La Sedeta que participem en el project EN RESiD\u00c8NCIA, amb l\u2019artista Irena Visa. Ens motiva molt fer aquest projecte, ja que som un grup que ens agrada molt tot all\u00f2 que tingui relaci\u00f3 amb l&#8217;art, estem molt emocionats i agra\u00efts de poder formar part d\u2019aix\u00f2.&nbsp; Preparats &hellip; <\/p>\n<p class=\"link-more\"><a href=\"https:\/\/blocsenresidencia.bcn.cat\/sedeta2024\/ens-presentem\/\" class=\"more-link\">Continua llegint <span class=\"screen-reader-text\">\u00abENS PRESENTEM!\u00bb<\/span><\/a><\/p>\n","protected":false},"author":9,"featured_media":0,"comment_status":"open","ping_status":"open","sticky":false,"template":"","format":"standard","meta":{"footnotes":""},"categories":[1],"tags":[],"class_list":["post-304","post","type-post","status-publish","format-standard","hentry","category-general"],"_links":{"self":[{"href":"https:\/\/blocsenresidencia.bcn.cat\/sedeta2024\/wp-json\/wp\/v2\/posts\/304","targetHints":{"allow":["GET"]}}],"collection":[{"href":"https:\/\/blocsenresidencia.bcn.cat\/sedeta2024\/wp-json\/wp\/v2\/posts"}],"about":[{"href":"https:\/\/blocsenresidencia.bcn.cat\/sedeta2024\/wp-json\/wp\/v2\/types\/post"}],"author":[{"embeddable":true,"href":"https:\/\/blocsenresidencia.bcn.cat\/sedeta2024\/wp-json\/wp\/v2\/users\/9"}],"replies":[{"embeddable":true,"href":"https:\/\/blocsenresidencia.bcn.cat\/sedeta2024\/wp-json\/wp\/v2\/comments?post=304"}],"version-history":[{"count":2,"href":"https:\/\/blocsenresidencia.bcn.cat\/sedeta2024\/wp-json\/wp\/v2\/posts\/304\/revisions"}],"predecessor-version":[{"id":308,"href":"https:\/\/blocsenresidencia.bcn.cat\/sedeta2024\/wp-json\/wp\/v2\/posts\/304\/revisions\/308"}],"wp:attachment":[{"href":"https:\/\/blocsenresidencia.bcn.cat\/sedeta2024\/wp-json\/wp\/v2\/media?parent=304"}],"wp:term":[{"taxonomy":"category","embeddable":true,"href":"https:\/\/blocsenresidencia.bcn.cat\/sedeta2024\/wp-json\/wp\/v2\/categories?post=304"},{"taxonomy":"post_tag","embeddable":true,"href":"https:\/\/blocsenresidencia.bcn.cat\/sedeta2024\/wp-json\/wp\/v2\/tags?post=304"}],"curies":[{"name":"wp","href":"https:\/\/api.w.org\/{rel}","templated":true}]}}