{"id":313,"date":"2023-11-13T09:43:40","date_gmt":"2023-11-13T07:43:40","guid":{"rendered":"https:\/\/blocsenresidencia.bcn.cat\/sedeta2024\/?p=313"},"modified":"2023-11-13T09:43:40","modified_gmt":"2023-11-13T07:43:40","slug":"ens-hem-fet-la-nostra-llibreta-dartista","status":"publish","type":"post","link":"https:\/\/blocsenresidencia.bcn.cat\/sedeta2024\/ens-hem-fet-la-nostra-llibreta-dartista\/","title":{"rendered":"ENS HEM FET LA NOSTRA LLIBRETA D&#8217;ARTISTA."},"content":{"rendered":"\n<figure class=\"wp-block-image size-large\"><img loading=\"lazy\" decoding=\"async\" width=\"1024\" height=\"768\" src=\"https:\/\/blocsenresidencia.bcn.cat\/sedeta2024\/wp-content\/uploads\/2023\/11\/IMG_3737-1024x768.jpg\" alt=\"\" class=\"wp-image-314\" srcset=\"https:\/\/blocsenresidencia.bcn.cat\/sedeta2024\/wp-content\/uploads\/2023\/11\/IMG_3737-1024x768.jpg 1024w, https:\/\/blocsenresidencia.bcn.cat\/sedeta2024\/wp-content\/uploads\/2023\/11\/IMG_3737-300x225.jpg 300w, https:\/\/blocsenresidencia.bcn.cat\/sedeta2024\/wp-content\/uploads\/2023\/11\/IMG_3737-768x576.jpg 768w, https:\/\/blocsenresidencia.bcn.cat\/sedeta2024\/wp-content\/uploads\/2023\/11\/IMG_3737-1536x1152.jpg 1536w, https:\/\/blocsenresidencia.bcn.cat\/sedeta2024\/wp-content\/uploads\/2023\/11\/IMG_3737-2048x1536.jpg 2048w\" sizes=\"auto, (max-width: 767px) 89vw, (max-width: 1000px) 54vw, (max-width: 1071px) 543px, 580px\" \/><\/figure>\n\n\n\n<figure class=\"wp-block-image size-large\"><img loading=\"lazy\" decoding=\"async\" width=\"1024\" height=\"768\" src=\"https:\/\/blocsenresidencia.bcn.cat\/sedeta2024\/wp-content\/uploads\/2023\/11\/IMG_3738-1024x768.jpg\" alt=\"\" class=\"wp-image-315\" srcset=\"https:\/\/blocsenresidencia.bcn.cat\/sedeta2024\/wp-content\/uploads\/2023\/11\/IMG_3738-1024x768.jpg 1024w, https:\/\/blocsenresidencia.bcn.cat\/sedeta2024\/wp-content\/uploads\/2023\/11\/IMG_3738-300x225.jpg 300w, https:\/\/blocsenresidencia.bcn.cat\/sedeta2024\/wp-content\/uploads\/2023\/11\/IMG_3738-768x576.jpg 768w, https:\/\/blocsenresidencia.bcn.cat\/sedeta2024\/wp-content\/uploads\/2023\/11\/IMG_3738-1536x1152.jpg 1536w, https:\/\/blocsenresidencia.bcn.cat\/sedeta2024\/wp-content\/uploads\/2023\/11\/IMG_3738-2048x1536.jpg 2048w\" sizes=\"auto, (max-width: 767px) 89vw, (max-width: 1000px) 54vw, (max-width: 1071px) 543px, 580px\" \/><\/figure>\n\n\n\n<figure class=\"wp-block-image size-large\"><img loading=\"lazy\" decoding=\"async\" width=\"1024\" height=\"768\" src=\"https:\/\/blocsenresidencia.bcn.cat\/sedeta2024\/wp-content\/uploads\/2023\/11\/IMG_3741-1024x768.jpg\" alt=\"\" class=\"wp-image-316\" srcset=\"https:\/\/blocsenresidencia.bcn.cat\/sedeta2024\/wp-content\/uploads\/2023\/11\/IMG_3741-1024x768.jpg 1024w, https:\/\/blocsenresidencia.bcn.cat\/sedeta2024\/wp-content\/uploads\/2023\/11\/IMG_3741-300x225.jpg 300w, https:\/\/blocsenresidencia.bcn.cat\/sedeta2024\/wp-content\/uploads\/2023\/11\/IMG_3741-768x576.jpg 768w, https:\/\/blocsenresidencia.bcn.cat\/sedeta2024\/wp-content\/uploads\/2023\/11\/IMG_3741-1536x1152.jpg 1536w, https:\/\/blocsenresidencia.bcn.cat\/sedeta2024\/wp-content\/uploads\/2023\/11\/IMG_3741-2048x1536.jpg 2048w\" sizes=\"auto, (max-width: 767px) 89vw, (max-width: 1000px) 54vw, (max-width: 1071px) 543px, 580px\" \/><\/figure>\n\n\n\n<figure class=\"wp-block-image size-large\"><img loading=\"lazy\" decoding=\"async\" width=\"1024\" height=\"768\" src=\"https:\/\/blocsenresidencia.bcn.cat\/sedeta2024\/wp-content\/uploads\/2023\/11\/IMG_3743-1024x768.jpg\" alt=\"\" class=\"wp-image-317\" srcset=\"https:\/\/blocsenresidencia.bcn.cat\/sedeta2024\/wp-content\/uploads\/2023\/11\/IMG_3743-1024x768.jpg 1024w, https:\/\/blocsenresidencia.bcn.cat\/sedeta2024\/wp-content\/uploads\/2023\/11\/IMG_3743-300x225.jpg 300w, https:\/\/blocsenresidencia.bcn.cat\/sedeta2024\/wp-content\/uploads\/2023\/11\/IMG_3743-768x576.jpg 768w, https:\/\/blocsenresidencia.bcn.cat\/sedeta2024\/wp-content\/uploads\/2023\/11\/IMG_3743-1536x1152.jpg 1536w, https:\/\/blocsenresidencia.bcn.cat\/sedeta2024\/wp-content\/uploads\/2023\/11\/IMG_3743-2048x1536.jpg 2048w\" sizes=\"auto, (max-width: 767px) 89vw, (max-width: 1000px) 54vw, (max-width: 1071px) 543px, 580px\" \/><\/figure>\n\n\n\n<figure class=\"wp-block-image size-large\"><img loading=\"lazy\" decoding=\"async\" width=\"767\" height=\"1024\" src=\"https:\/\/blocsenresidencia.bcn.cat\/sedeta2024\/wp-content\/uploads\/2023\/11\/LLIBRETES-FETES-767x1024.png\" alt=\"\" class=\"wp-image-318\" srcset=\"https:\/\/blocsenresidencia.bcn.cat\/sedeta2024\/wp-content\/uploads\/2023\/11\/LLIBRETES-FETES-767x1024.png 767w, https:\/\/blocsenresidencia.bcn.cat\/sedeta2024\/wp-content\/uploads\/2023\/11\/LLIBRETES-FETES-225x300.png 225w, https:\/\/blocsenresidencia.bcn.cat\/sedeta2024\/wp-content\/uploads\/2023\/11\/LLIBRETES-FETES-768x1025.png 768w, https:\/\/blocsenresidencia.bcn.cat\/sedeta2024\/wp-content\/uploads\/2023\/11\/LLIBRETES-FETES.png 809w\" sizes=\"auto, (max-width: 767px) 89vw, (max-width: 1000px) 54vw, (max-width: 1071px) 543px, 580px\" \/><\/figure>\n\n\n\n<p>Una de les primeres activitats que hem realitzat ha sigut crear la nostra pr\u00f2pia llibreta d\u2019artista, on podem expressar-nos de qualsevol manera art\u00edstica. Per fer-les, amb l\u2019ajuda de la S\u00edlvia, la nostra professora, hem utilitzat 10 l\u00e0mines de dibuix&nbsp; i una cartolina negra que ens far\u00e0 de tapa.&nbsp;<\/p>\n\n\n\n<p>Hem seguit les seg\u00fcents passes:<\/p>\n\n\n\n<ul class=\"wp-block-list\">\n<li>Primer hem plegat les l\u00e0mines i la cartolina negra per la meitat.<\/li>\n\n\n\n<li>Ho hem juntat tot en forma de llibreta amb la cartolina per fora.<\/li>\n\n\n\n<li>Amb l\u2019ajuda d\u2019una grapadora gran, hem grapat tot el conjunt pel llom.<\/li>\n\n\n\n<li>Seguidament, amb la guillotina hem retallat el paper que sobresortia per tal d\u2019ajustar totes les p\u00e0gines.<\/li>\n<\/ul>\n\n\n\n<p>Per acabar, tots ens hem quedat amb la nostra llibreta i l&#8217;hem personalitza.<\/p>\n\n\n\n<p>Aquestes llibretes les utilitzem per a apuntar les coses m\u00e9s importants que ens expliqui la Irena, com per exemple, coses que ens criden l\u2019atenci\u00f3, idees o dibuixos i creacions art\u00edstiques pr\u00f2pies que hi vulguem incorporar. Tamb\u00e9 li hem fet una per ella.<\/p>\n\n\n\n<p>Aina Pardos i Queralt Soriano<\/p>\n","protected":false},"excerpt":{"rendered":"<p>Una de les primeres activitats que hem realitzat ha sigut crear la nostra pr\u00f2pia llibreta d\u2019artista, on podem expressar-nos de qualsevol manera art\u00edstica. Per fer-les, amb l\u2019ajuda de la S\u00edlvia, la nostra professora, hem utilitzat 10 l\u00e0mines de dibuix&nbsp; i una cartolina negra que ens far\u00e0 de tapa.&nbsp; Hem seguit les seg\u00fcents passes: Per acabar, &hellip; <\/p>\n<p class=\"link-more\"><a href=\"https:\/\/blocsenresidencia.bcn.cat\/sedeta2024\/ens-hem-fet-la-nostra-llibreta-dartista\/\" class=\"more-link\">Continua llegint <span class=\"screen-reader-text\">\u00abENS HEM FET LA NOSTRA LLIBRETA D&#8217;ARTISTA.\u00bb<\/span><\/a><\/p>\n","protected":false},"author":9,"featured_media":0,"comment_status":"open","ping_status":"open","sticky":false,"template":"","format":"standard","meta":{"footnotes":""},"categories":[1],"tags":[],"class_list":["post-313","post","type-post","status-publish","format-standard","hentry","category-general"],"_links":{"self":[{"href":"https:\/\/blocsenresidencia.bcn.cat\/sedeta2024\/wp-json\/wp\/v2\/posts\/313","targetHints":{"allow":["GET"]}}],"collection":[{"href":"https:\/\/blocsenresidencia.bcn.cat\/sedeta2024\/wp-json\/wp\/v2\/posts"}],"about":[{"href":"https:\/\/blocsenresidencia.bcn.cat\/sedeta2024\/wp-json\/wp\/v2\/types\/post"}],"author":[{"embeddable":true,"href":"https:\/\/blocsenresidencia.bcn.cat\/sedeta2024\/wp-json\/wp\/v2\/users\/9"}],"replies":[{"embeddable":true,"href":"https:\/\/blocsenresidencia.bcn.cat\/sedeta2024\/wp-json\/wp\/v2\/comments?post=313"}],"version-history":[{"count":2,"href":"https:\/\/blocsenresidencia.bcn.cat\/sedeta2024\/wp-json\/wp\/v2\/posts\/313\/revisions"}],"predecessor-version":[{"id":320,"href":"https:\/\/blocsenresidencia.bcn.cat\/sedeta2024\/wp-json\/wp\/v2\/posts\/313\/revisions\/320"}],"wp:attachment":[{"href":"https:\/\/blocsenresidencia.bcn.cat\/sedeta2024\/wp-json\/wp\/v2\/media?parent=313"}],"wp:term":[{"taxonomy":"category","embeddable":true,"href":"https:\/\/blocsenresidencia.bcn.cat\/sedeta2024\/wp-json\/wp\/v2\/categories?post=313"},{"taxonomy":"post_tag","embeddable":true,"href":"https:\/\/blocsenresidencia.bcn.cat\/sedeta2024\/wp-json\/wp\/v2\/tags?post=313"}],"curies":[{"name":"wp","href":"https:\/\/api.w.org\/{rel}","templated":true}]}}