{"id":321,"date":"2024-01-09T21:46:03","date_gmt":"2024-01-09T19:46:03","guid":{"rendered":"https:\/\/blocsenresidencia.bcn.cat\/sedeta2024\/?p=321"},"modified":"2024-01-09T21:46:03","modified_gmt":"2024-01-09T19:46:03","slug":"coneixem-a-la-irena-visa","status":"publish","type":"post","link":"https:\/\/blocsenresidencia.bcn.cat\/sedeta2024\/coneixem-a-la-irena-visa\/","title":{"rendered":"Coneixem a la Irena Visa!"},"content":{"rendered":"\n<figure class=\"wp-block-image size-large\"><img loading=\"lazy\" decoding=\"async\" width=\"1024\" height=\"618\" src=\"https:\/\/blocsenresidencia.bcn.cat\/sedeta2024\/wp-content\/uploads\/2024\/01\/IMG_5081-1024x618.jpg\" alt=\"\" class=\"wp-image-328\" srcset=\"https:\/\/blocsenresidencia.bcn.cat\/sedeta2024\/wp-content\/uploads\/2024\/01\/IMG_5081-1024x618.jpg 1024w, https:\/\/blocsenresidencia.bcn.cat\/sedeta2024\/wp-content\/uploads\/2024\/01\/IMG_5081-300x181.jpg 300w, https:\/\/blocsenresidencia.bcn.cat\/sedeta2024\/wp-content\/uploads\/2024\/01\/IMG_5081-768x463.jpg 768w, https:\/\/blocsenresidencia.bcn.cat\/sedeta2024\/wp-content\/uploads\/2024\/01\/IMG_5081.jpg 1512w\" sizes=\"auto, (max-width: 767px) 89vw, (max-width: 1000px) 54vw, (max-width: 1071px) 543px, 580px\" \/><\/figure>\n\n\n\n<p><\/p>\n\n\n\n<p>El dia quevem con\u00e8ixer a l\u2019Irena Visa estavem molt contents. \u00c9s una artista conceptual, que ha exposat a molts llocs. Ens va ensenyar la seva manera de treballar i tamb\u00e9 algunes de les seves obres, com per exemple \u201cHa plogut o han regat?\u201d Tamb\u00e9 ens va explicat com es guanya la vida una artista avui en dia, i que \u00e9s molt dif\u00edcil trobar galeries on poder exposar les seves obres i expressar-se.\u00a0\u00a0<\/p>\n\n\n\n<p>Ha vingut a treballar amb nosaltres perqu\u00e8 puguem fer un proc\u00e9s de creaci\u00f3 d\u2019art contemporani tots junts, que potser s&#8217;exposa a la fundaci\u00f3 Mir\u00f3.\u00a0<\/p>\n\n\n\n<p>\u00c9s molt agradable, simp\u00e0tica i positiva. Es nota molt que li agrada la seva feina, per aix\u00f2 d\u00f3na moltes ganes de treballar i de crear. Segur que farem un projecte molt sorprenent, divertit i din\u00e0mic.<\/p>\n\n\n\n<p>Bruna Plana<\/p>\n","protected":false},"excerpt":{"rendered":"<p>El dia quevem con\u00e8ixer a l\u2019Irena Visa estavem molt contents. \u00c9s una artista conceptual, que ha exposat a molts llocs. Ens va ensenyar la seva manera de treballar i tamb\u00e9 algunes de les seves obres, com per exemple \u201cHa plogut o han regat?\u201d Tamb\u00e9 ens va explicat com es guanya la vida una artista avui &hellip; <\/p>\n<p class=\"link-more\"><a href=\"https:\/\/blocsenresidencia.bcn.cat\/sedeta2024\/coneixem-a-la-irena-visa\/\" class=\"more-link\">Continua llegint <span class=\"screen-reader-text\">\u00abConeixem a la Irena Visa!\u00bb<\/span><\/a><\/p>\n","protected":false},"author":9,"featured_media":0,"comment_status":"open","ping_status":"open","sticky":false,"template":"","format":"standard","meta":{"footnotes":""},"categories":[1],"tags":[],"class_list":["post-321","post","type-post","status-publish","format-standard","hentry","category-general"],"_links":{"self":[{"href":"https:\/\/blocsenresidencia.bcn.cat\/sedeta2024\/wp-json\/wp\/v2\/posts\/321","targetHints":{"allow":["GET"]}}],"collection":[{"href":"https:\/\/blocsenresidencia.bcn.cat\/sedeta2024\/wp-json\/wp\/v2\/posts"}],"about":[{"href":"https:\/\/blocsenresidencia.bcn.cat\/sedeta2024\/wp-json\/wp\/v2\/types\/post"}],"author":[{"embeddable":true,"href":"https:\/\/blocsenresidencia.bcn.cat\/sedeta2024\/wp-json\/wp\/v2\/users\/9"}],"replies":[{"embeddable":true,"href":"https:\/\/blocsenresidencia.bcn.cat\/sedeta2024\/wp-json\/wp\/v2\/comments?post=321"}],"version-history":[{"count":2,"href":"https:\/\/blocsenresidencia.bcn.cat\/sedeta2024\/wp-json\/wp\/v2\/posts\/321\/revisions"}],"predecessor-version":[{"id":329,"href":"https:\/\/blocsenresidencia.bcn.cat\/sedeta2024\/wp-json\/wp\/v2\/posts\/321\/revisions\/329"}],"wp:attachment":[{"href":"https:\/\/blocsenresidencia.bcn.cat\/sedeta2024\/wp-json\/wp\/v2\/media?parent=321"}],"wp:term":[{"taxonomy":"category","embeddable":true,"href":"https:\/\/blocsenresidencia.bcn.cat\/sedeta2024\/wp-json\/wp\/v2\/categories?post=321"},{"taxonomy":"post_tag","embeddable":true,"href":"https:\/\/blocsenresidencia.bcn.cat\/sedeta2024\/wp-json\/wp\/v2\/tags?post=321"}],"curies":[{"name":"wp","href":"https:\/\/api.w.org\/{rel}","templated":true}]}}