{"id":36,"date":"2023-01-20T00:19:47","date_gmt":"2023-01-19T22:19:47","guid":{"rendered":"https:\/\/blocsenresidencia.bcn.cat\/teresapamies2023\/?p=36"},"modified":"2023-03-09T13:23:48","modified_gmt":"2023-03-09T11:23:48","slug":"la-nostra-reflexio","status":"publish","type":"post","link":"https:\/\/blocsenresidencia.bcn.cat\/teresapamies2023\/2023\/01\/20\/la-nostra-reflexio\/","title":{"rendered":"La nostra reflexi\u00f3&#8230;"},"content":{"rendered":"\n<h1 class=\"wp-block-heading\" id=\"h.uk0xr51u6ocl_l\"><\/h1>\n\n\n\n<p><strong>La nostra experi\u00e8ncia ha sigut molt \u00fatil, relaxant i interessant no en general sin\u00f3 a algunes alumnes. Per altres era una mica avorrit, la dansa contempor\u00e0nia. Les activitats del comen\u00e7ament, eren una mica \u00e0rids. Per\u00f2 despr\u00e9s, va ser divertit. Tamb\u00e9 ens va agradar molt la dansa que van fer Emma i Maria, ha sigut molt espectacular.<\/strong><\/p>\n\n\n\n<p><strong>Tot aix\u00f2 \u00e9s una oportunitat per nosaltres a con\u00e8ixer el nostre cos quan es mou i que sentim nosaltres. Tot el que vam fer ens vam agradar molt, els moviments de dansa que ens van ensenyar les ballarines, les activitats de motl tipus com: <\/strong><strong>la creaci\u00f3 del nostra propia signa amb mans, pero sobretot l&#8217;ultima classe va estar molt mes divertida que altres.<\/strong><\/p>\n\n\n\n<p><strong>A m\u00e9s a mes, ens vam agradar que despr\u00e9s de les activitats feiem una cercle i comentavem entre tots. Algunes vegades no ten\u00edem res a dir, aix\u00f2 \u00e9s veritat perqu\u00e8 costava pensar que es realment el que estava passant amb el cos, per\u00f3 apreniem m\u00e9s coses, i la nostra confian\u00e7a tamb\u00e9 va augmentar una mica.<\/strong><\/p>\n\n\n\n<h2 class=\"wp-block-heading\" id=\"h.gv5j2khf33a3_l\"><a href=\"https:\/\/sites.google.com\/instpamies.cat\/dansa-en-residencia\/p%C3%A0gina-principal#h.gv5j2khf33a3\"><\/a><a href=\"https:\/\/sites.google.com\/instpamies.cat\/dansa-en-residencia\/p%C3%A0gina-principal#h.gv5j2khf33a3\"><\/a>Qu\u00e8 \u00e9s per nosaltres la dansa?<\/h2>\n\n\n\n<p>Per nosaltres la dansa \u00e9s en\u00e8rgica, expressions corporals i artistics. La dansa ensenya la import\u00e0ncia del moviment i la forma f\u00edsica en diferents maneres. Ballar pot ser una manera de mantenir-se en forma. La dansa desenvolupa capacitats f\u00edsiques, creatives, imaginatives i emocionals.<\/p>\n\n\n\n<p><strong>Semaab Saeed,<\/strong><\/p>\n\n\n\n<p><strong>Waleeha Waleeha,<\/strong><\/p>\n\n\n\n<p><strong>Andrea Juve Marti<\/strong><\/p>\n","protected":false},"excerpt":{"rendered":"<p>La nostra experi\u00e8ncia ha sigut molt \u00fatil, relaxant i interessant no en general sin\u00f3 a algunes alumnes. Per altres era una mica avorrit, la dansa contempor\u00e0nia. Les activitats del comen\u00e7ament, eren una mica \u00e0rids. Per\u00f2 despr\u00e9s, va ser divertit. Tamb\u00e9 ens va agradar molt la dansa que van fer Emma i Maria, ha sigut molt &hellip; <\/p>\n<p class=\"link-more\"><a href=\"https:\/\/blocsenresidencia.bcn.cat\/teresapamies2023\/2023\/01\/20\/la-nostra-reflexio\/\" class=\"more-link\">Continua llegint <span class=\"screen-reader-text\">\u00abLa nostra reflexi\u00f3&#8230;\u00bb<\/span><\/a><\/p>\n","protected":false},"author":4,"featured_media":39,"comment_status":"open","ping_status":"open","sticky":false,"template":"","format":"standard","meta":{"footnotes":""},"categories":[1],"tags":[],"class_list":["post-36","post","type-post","status-publish","format-standard","has-post-thumbnail","hentry","category-general"],"_links":{"self":[{"href":"https:\/\/blocsenresidencia.bcn.cat\/teresapamies2023\/wp-json\/wp\/v2\/posts\/36","targetHints":{"allow":["GET"]}}],"collection":[{"href":"https:\/\/blocsenresidencia.bcn.cat\/teresapamies2023\/wp-json\/wp\/v2\/posts"}],"about":[{"href":"https:\/\/blocsenresidencia.bcn.cat\/teresapamies2023\/wp-json\/wp\/v2\/types\/post"}],"author":[{"embeddable":true,"href":"https:\/\/blocsenresidencia.bcn.cat\/teresapamies2023\/wp-json\/wp\/v2\/users\/4"}],"replies":[{"embeddable":true,"href":"https:\/\/blocsenresidencia.bcn.cat\/teresapamies2023\/wp-json\/wp\/v2\/comments?post=36"}],"version-history":[{"count":1,"href":"https:\/\/blocsenresidencia.bcn.cat\/teresapamies2023\/wp-json\/wp\/v2\/posts\/36\/revisions"}],"predecessor-version":[{"id":37,"href":"https:\/\/blocsenresidencia.bcn.cat\/teresapamies2023\/wp-json\/wp\/v2\/posts\/36\/revisions\/37"}],"wp:featuredmedia":[{"embeddable":true,"href":"https:\/\/blocsenresidencia.bcn.cat\/teresapamies2023\/wp-json\/wp\/v2\/media\/39"}],"wp:attachment":[{"href":"https:\/\/blocsenresidencia.bcn.cat\/teresapamies2023\/wp-json\/wp\/v2\/media?parent=36"}],"wp:term":[{"taxonomy":"category","embeddable":true,"href":"https:\/\/blocsenresidencia.bcn.cat\/teresapamies2023\/wp-json\/wp\/v2\/categories?post=36"},{"taxonomy":"post_tag","embeddable":true,"href":"https:\/\/blocsenresidencia.bcn.cat\/teresapamies2023\/wp-json\/wp\/v2\/tags?post=36"}],"curies":[{"name":"wp","href":"https:\/\/api.w.org\/{rel}","templated":true}]}}