{"id":48,"date":"2023-03-09T15:44:54","date_gmt":"2023-03-09T13:44:54","guid":{"rendered":"https:\/\/blocsenresidencia.bcn.cat\/teresapamies2023\/?p=48"},"modified":"2023-03-15T18:20:33","modified_gmt":"2023-03-15T16:20:33","slug":"efeu-de-zoo-thomas-hauert","status":"publish","type":"post","link":"https:\/\/blocsenresidencia.bcn.cat\/teresapamies2023\/2023\/03\/09\/efeu-de-zoo-thomas-hauert\/","title":{"rendered":"Efeu de ZOO \/ THOMAS HAUERT\u00a0"},"content":{"rendered":"\n<p>anem al Mercat de les Flors<\/p>\n\n\n\n<p><\/p>\n\n\n\n<p><\/p>\n\n\n\n<p><\/p>\n\n\n\n<figure class=\"wp-block-image size-full\"><img loading=\"lazy\" decoding=\"async\" width=\"720\" height=\"540\" src=\"https:\/\/blocsenresidencia.bcn.cat\/teresapamies2023\/wp-content\/uploads\/2023\/03\/IMG-20230308-WA0011-1.jpg\" alt=\"\" class=\"wp-image-50\" srcset=\"https:\/\/blocsenresidencia.bcn.cat\/teresapamies2023\/wp-content\/uploads\/2023\/03\/IMG-20230308-WA0011-1.jpg 720w, https:\/\/blocsenresidencia.bcn.cat\/teresapamies2023\/wp-content\/uploads\/2023\/03\/IMG-20230308-WA0011-1-300x225.jpg 300w\" sizes=\"auto, (max-width: 720px) 100vw, 720px\" \/><figcaption class=\"wp-element-caption\">Un cop arribem al Mercat, ens expliquen m\u00e9s sobre l\u2019escenari. Aqu\u00ed estem sentats i escoltant al home que explicava com s\u2019utilitzen les coses disposats en aquella aula. A m\u00e9s, quines s\u00f3n les coses que s\u2019utilitzen per crear una obra de teatre com els llums, la m\u00fasica&#8230;<\/figcaption><\/figure>\n\n\n\n<figure class=\"wp-block-gallery has-nested-images columns-default is-cropped wp-block-gallery-1 is-layout-flex wp-block-gallery-is-layout-flex\">\n<figure class=\"wp-block-image size-large\"><img loading=\"lazy\" decoding=\"async\" width=\"720\" height=\"480\" data-id=\"52\" src=\"https:\/\/blocsenresidencia.bcn.cat\/teresapamies2023\/wp-content\/uploads\/2023\/03\/IMG-20230119-WA0003.jpg\" alt=\"\" class=\"wp-image-52\" srcset=\"https:\/\/blocsenresidencia.bcn.cat\/teresapamies2023\/wp-content\/uploads\/2023\/03\/IMG-20230119-WA0003.jpg 720w, https:\/\/blocsenresidencia.bcn.cat\/teresapamies2023\/wp-content\/uploads\/2023\/03\/IMG-20230119-WA0003-300x200.jpg 300w\" sizes=\"auto, (max-width: 720px) 100vw, 720px\" \/><figcaption class=\"wp-element-caption\">Aix\u00f2 \u00e9s minuts abans de que comences un espectacle. Fent vincles.<\/figcaption><\/figure>\n<\/figure>\n\n\n\n<figure class=\"wp-block-image size-full\"><img loading=\"lazy\" decoding=\"async\" width=\"720\" height=\"480\" src=\"https:\/\/blocsenresidencia.bcn.cat\/teresapamies2023\/wp-content\/uploads\/2023\/03\/IMG-20230119-WA0005-1.jpg\" alt=\"\" class=\"wp-image-54\" srcset=\"https:\/\/blocsenresidencia.bcn.cat\/teresapamies2023\/wp-content\/uploads\/2023\/03\/IMG-20230119-WA0005-1.jpg 720w, https:\/\/blocsenresidencia.bcn.cat\/teresapamies2023\/wp-content\/uploads\/2023\/03\/IMG-20230119-WA0005-1-300x200.jpg 300w\" sizes=\"auto, (max-width: 720px) 100vw, 720px\" \/><figcaption class=\"wp-element-caption\">Una agradable benvinguda en El Mercat de les Flors. Entrada del Mercat de les Flors, amb Maria i Emma. Com podem veure en aquesta imatge, a la seva part posterior hi ha escrit Mercat de les flors i Casa de la Dansa a la porta. A partir d&#8217;aqu\u00ed em sembla que les dues imatges posteriors sota la llavor eren del Mercat de les flors. Per a mi, sembla que la imatge era una imatge de grup per als bons records.<\/figcaption><\/figure>\n\n\n\n<figure class=\"wp-block-gallery has-nested-images columns-default is-cropped wp-block-gallery-2 is-layout-flex wp-block-gallery-is-layout-flex\">\n<figure class=\"wp-block-image size-large\"><img loading=\"lazy\" decoding=\"async\" width=\"720\" height=\"540\" data-id=\"55\" src=\"https:\/\/blocsenresidencia.bcn.cat\/teresapamies2023\/wp-content\/uploads\/2023\/03\/20221122_125839.jpg\" alt=\"\" class=\"wp-image-55\" srcset=\"https:\/\/blocsenresidencia.bcn.cat\/teresapamies2023\/wp-content\/uploads\/2023\/03\/20221122_125839.jpg 720w, https:\/\/blocsenresidencia.bcn.cat\/teresapamies2023\/wp-content\/uploads\/2023\/03\/20221122_125839-300x225.jpg 300w\" sizes=\"auto, (max-width: 720px) 100vw, 720px\" \/><figcaption class=\"wp-element-caption\">Moments divertits. Com podem veure en aquesta imatge, entre el Mercat de les Flors, quatre alumnes estan creant r\u00e8tols interessants per a la imatge. A mi em sembla una expressi\u00f3 pict\u00f2rica del proverbi &#8220;no vegis mal, no escoltes mal, no parles mal&#8221;. Els tres micos s\u00f3n en Mizaru, que es tapa els ulls; Kikazaru, que es tapa les orelles; i Iwazaru, que es tapa la boca, que no parla malament.<\/figcaption><\/figure>\n<\/figure>\n\n\n\n<figure class=\"wp-block-image size-full is-resized\"><img loading=\"lazy\" decoding=\"async\" src=\"https:\/\/blocsenresidencia.bcn.cat\/teresapamies2023\/wp-content\/uploads\/2023\/03\/20221122_130027.jpg\" alt=\"\" class=\"wp-image-56\" width=\"675\" height=\"506\" srcset=\"https:\/\/blocsenresidencia.bcn.cat\/teresapamies2023\/wp-content\/uploads\/2023\/03\/20221122_130027.jpg 720w, https:\/\/blocsenresidencia.bcn.cat\/teresapamies2023\/wp-content\/uploads\/2023\/03\/20221122_130027-300x225.jpg 300w\" sizes=\"auto, (max-width: 675px) 100vw, 675px\" \/><figcaption class=\"wp-element-caption\">Els alumnes divertint-se.  Estavem fent una sessi\u00f3 dels dimarts al mercat de les flors. Aqu\u00ed podem veure una noia des de davant, pot ser que fent l&#8217;activitat va aturar a tothom per explicar alguna cosa important. Aqu\u00ed estem fent l\u2019activitat de &lt;&lt;plastilina>>. Cadasc\u00fa tenia una parella i an\u00e0vem canviant de rols. Despr\u00e9s, observiem l\u2019altra parella i comentavem que podriem millorar. Al final, vam compartir amb altres companys.<br><\/figcaption><\/figure>\n\n\n\n<figure class=\"wp-block-image size-full is-resized\"><img loading=\"lazy\" decoding=\"async\" src=\"https:\/\/blocsenresidencia.bcn.cat\/teresapamies2023\/wp-content\/uploads\/2023\/03\/20221122_133606.jpg\" alt=\"\" class=\"wp-image-57\" width=\"673\" height=\"897\" srcset=\"https:\/\/blocsenresidencia.bcn.cat\/teresapamies2023\/wp-content\/uploads\/2023\/03\/20221122_133606.jpg 540w, https:\/\/blocsenresidencia.bcn.cat\/teresapamies2023\/wp-content\/uploads\/2023\/03\/20221122_133606-225x300.jpg 225w\" sizes=\"auto, (max-width: 673px) 100vw, 673px\" \/><figcaption class=\"wp-element-caption\">La Elektra i l\u2019Iker treballant en l\u2019activitat de confian\u00e7a. Dos companys treballant.<\/figcaption><\/figure>\n\n\n\n<figure class=\"wp-block-gallery has-nested-images columns-default is-cropped wp-block-gallery-3 is-layout-flex wp-block-gallery-is-layout-flex\">\n<figure class=\"wp-block-image size-large\"><img loading=\"lazy\" decoding=\"async\" width=\"540\" height=\"720\" data-id=\"58\" src=\"https:\/\/blocsenresidencia.bcn.cat\/teresapamies2023\/wp-content\/uploads\/2023\/03\/IMG-20221122-WA0020.jpg\" alt=\"\" class=\"wp-image-58\" srcset=\"https:\/\/blocsenresidencia.bcn.cat\/teresapamies2023\/wp-content\/uploads\/2023\/03\/IMG-20221122-WA0020.jpg 540w, https:\/\/blocsenresidencia.bcn.cat\/teresapamies2023\/wp-content\/uploads\/2023\/03\/IMG-20221122-WA0020-225x300.jpg 225w\" sizes=\"auto, (max-width: 540px) 100vw, 540px\" \/><figcaption class=\"wp-element-caption\">Anant al mercat de les flors.<\/figcaption><\/figure>\n<\/figure>\n\n\n\n<figure class=\"wp-block-gallery has-nested-images columns-default is-cropped wp-block-gallery-4 is-layout-flex wp-block-gallery-is-layout-flex\">\n<figure class=\"wp-block-image size-large\"><img loading=\"lazy\" decoding=\"async\" width=\"720\" height=\"540\" data-id=\"59\" src=\"https:\/\/blocsenresidencia.bcn.cat\/teresapamies2023\/wp-content\/uploads\/2023\/03\/IMG-20221122-WA0018.jpg\" alt=\"\" class=\"wp-image-59\" srcset=\"https:\/\/blocsenresidencia.bcn.cat\/teresapamies2023\/wp-content\/uploads\/2023\/03\/IMG-20221122-WA0018.jpg 720w, https:\/\/blocsenresidencia.bcn.cat\/teresapamies2023\/wp-content\/uploads\/2023\/03\/IMG-20221122-WA0018-300x225.jpg 300w\" sizes=\"auto, (max-width: 720px) 100vw, 720px\" \/><figcaption class=\"wp-element-caption\"><strong>En Toni ens explica la il\u00b7lustraci\u00f3 del sostre.<\/strong><\/figcaption><\/figure>\n<\/figure>\n\n\n\n<figure class=\"wp-block-gallery has-nested-images columns-default is-cropped wp-block-gallery-5 is-layout-flex wp-block-gallery-is-layout-flex\">\n<figure class=\"wp-block-image size-large\"><img loading=\"lazy\" decoding=\"async\" width=\"540\" height=\"720\" data-id=\"60\" src=\"https:\/\/blocsenresidencia.bcn.cat\/teresapamies2023\/wp-content\/uploads\/2023\/03\/IMG-20221122-WA0015.jpg\" alt=\"\" class=\"wp-image-60\" srcset=\"https:\/\/blocsenresidencia.bcn.cat\/teresapamies2023\/wp-content\/uploads\/2023\/03\/IMG-20221122-WA0015.jpg 540w, https:\/\/blocsenresidencia.bcn.cat\/teresapamies2023\/wp-content\/uploads\/2023\/03\/IMG-20221122-WA0015-225x300.jpg 225w\" sizes=\"auto, (max-width: 540px) 100vw, 540px\" \/><figcaption class=\"wp-element-caption\"><strong>Foto dels peus al metro.<\/strong><\/figcaption><\/figure>\n<\/figure>\n\n\n\n<figure class=\"wp-block-gallery has-nested-images columns-default is-cropped wp-block-gallery-6 is-layout-flex wp-block-gallery-is-layout-flex\">\n<figure class=\"wp-block-image size-large\"><img loading=\"lazy\" decoding=\"async\" width=\"720\" height=\"540\" data-id=\"61\" src=\"https:\/\/blocsenresidencia.bcn.cat\/teresapamies2023\/wp-content\/uploads\/2023\/03\/IMG-20221122-WA0069.jpg\" alt=\"\" class=\"wp-image-61\" srcset=\"https:\/\/blocsenresidencia.bcn.cat\/teresapamies2023\/wp-content\/uploads\/2023\/03\/IMG-20221122-WA0069.jpg 720w, https:\/\/blocsenresidencia.bcn.cat\/teresapamies2023\/wp-content\/uploads\/2023\/03\/IMG-20221122-WA0069-300x225.jpg 300w\" sizes=\"auto, (max-width: 720px) 100vw, 720px\" \/><figcaption class=\"wp-element-caption\"><strong>Esgotats despr\u00e9s de pujar les escales.<\/strong> Todos sentados despu\u00e9s de subir las escaleras de caracol.<\/figcaption><\/figure>\n<\/figure>\n\n\n\n<figure class=\"wp-block-gallery has-nested-images columns-default is-cropped wp-block-gallery-7 is-layout-flex wp-block-gallery-is-layout-flex\">\n<figure class=\"wp-block-image size-large\"><img loading=\"lazy\" decoding=\"async\" width=\"720\" height=\"540\" data-id=\"62\" src=\"https:\/\/blocsenresidencia.bcn.cat\/teresapamies2023\/wp-content\/uploads\/2023\/03\/IMG-20221122-WA0070.jpg\" alt=\"\" class=\"wp-image-62\" srcset=\"https:\/\/blocsenresidencia.bcn.cat\/teresapamies2023\/wp-content\/uploads\/2023\/03\/IMG-20221122-WA0070.jpg 720w, https:\/\/blocsenresidencia.bcn.cat\/teresapamies2023\/wp-content\/uploads\/2023\/03\/IMG-20221122-WA0070-300x225.jpg 300w\" sizes=\"auto, (max-width: 720px) 100vw, 720px\" \/><figcaption class=\"wp-element-caption\"><br><br>Estem sentats en una aula de Mercat de les Flors, i les persones que treballen all\u00ed estan explicant la utilitzaci\u00f3 d\u2019aquesta aula.\u00a0<\/figcaption><\/figure>\n<\/figure>\n\n\n\n<figure class=\"wp-block-gallery has-nested-images columns-default is-cropped wp-block-gallery-8 is-layout-flex wp-block-gallery-is-layout-flex\">\n<figure class=\"wp-block-image size-large\"><img loading=\"lazy\" decoding=\"async\" width=\"720\" height=\"540\" data-id=\"63\" src=\"https:\/\/blocsenresidencia.bcn.cat\/teresapamies2023\/wp-content\/uploads\/2023\/03\/IMG-20221122-WA0076.jpg\" alt=\"Banc de peixos.\" class=\"wp-image-63\" srcset=\"https:\/\/blocsenresidencia.bcn.cat\/teresapamies2023\/wp-content\/uploads\/2023\/03\/IMG-20221122-WA0076.jpg 720w, https:\/\/blocsenresidencia.bcn.cat\/teresapamies2023\/wp-content\/uploads\/2023\/03\/IMG-20221122-WA0076-300x225.jpg 300w\" sizes=\"auto, (max-width: 720px) 100vw, 720px\" \/><figcaption class=\"wp-element-caption\"><br><br><br><br><strong>Fent la din\u00e0mica de seguir al del davant<\/strong>. <em><strong>Banc de peixos.<\/strong><\/em><\/figcaption><\/figure>\n<\/figure>\n\n\n\n<figure class=\"wp-block-gallery has-nested-images columns-default is-cropped wp-block-gallery-9 is-layout-flex wp-block-gallery-is-layout-flex\">\n<figure class=\"wp-block-image size-large\"><img loading=\"lazy\" decoding=\"async\" width=\"720\" height=\"540\" data-id=\"64\" src=\"https:\/\/blocsenresidencia.bcn.cat\/teresapamies2023\/wp-content\/uploads\/2023\/03\/20221122_121429.jpg\" alt=\"\" class=\"wp-image-64\" srcset=\"https:\/\/blocsenresidencia.bcn.cat\/teresapamies2023\/wp-content\/uploads\/2023\/03\/20221122_121429.jpg 720w, https:\/\/blocsenresidencia.bcn.cat\/teresapamies2023\/wp-content\/uploads\/2023\/03\/20221122_121429-300x225.jpg 300w\" sizes=\"auto, (max-width: 720px) 100vw, 720px\" \/><figcaption class=\"wp-element-caption\"><strong>Exercicis amb grups de 4.<\/strong><\/figcaption><\/figure>\n<\/figure>\n\n\n\n<figure class=\"wp-block-gallery has-nested-images columns-default is-cropped wp-block-gallery-10 is-layout-flex wp-block-gallery-is-layout-flex\">\n<figure class=\"wp-block-image size-large\"><img loading=\"lazy\" decoding=\"async\" width=\"720\" height=\"540\" data-id=\"65\" src=\"https:\/\/blocsenresidencia.bcn.cat\/teresapamies2023\/wp-content\/uploads\/2023\/03\/20221122_122254.jpg\" alt=\"\" class=\"wp-image-65\" srcset=\"https:\/\/blocsenresidencia.bcn.cat\/teresapamies2023\/wp-content\/uploads\/2023\/03\/20221122_122254.jpg 720w, https:\/\/blocsenresidencia.bcn.cat\/teresapamies2023\/wp-content\/uploads\/2023\/03\/20221122_122254-300x225.jpg 300w\" sizes=\"auto, (max-width: 720px) 100vw, 720px\" \/><figcaption class=\"wp-element-caption\">Escoltant l\u2019explicaci\u00f3 de la seg\u00fcent activitat.<\/figcaption><\/figure>\n<\/figure>\n\n\n\n<figure class=\"wp-block-gallery has-nested-images columns-default is-cropped wp-block-gallery-11 is-layout-flex wp-block-gallery-is-layout-flex\">\n<figure class=\"wp-block-image size-large\"><img loading=\"lazy\" decoding=\"async\" width=\"540\" height=\"720\" data-id=\"66\" src=\"https:\/\/blocsenresidencia.bcn.cat\/teresapamies2023\/wp-content\/uploads\/2023\/03\/20221122_133659.jpg\" alt=\"\" class=\"wp-image-66\" srcset=\"https:\/\/blocsenresidencia.bcn.cat\/teresapamies2023\/wp-content\/uploads\/2023\/03\/20221122_133659.jpg 540w, https:\/\/blocsenresidencia.bcn.cat\/teresapamies2023\/wp-content\/uploads\/2023\/03\/20221122_133659-225x300.jpg 225w\" sizes=\"auto, (max-width: 540px) 100vw, 540px\" \/><figcaption class=\"wp-element-caption\"><strong>Resultat final del treball reflexat en els mitjons<\/strong>. \u00a0<strong>Mitjons trencats.<\/strong><\/figcaption><\/figure>\n<\/figure>\n","protected":false},"excerpt":{"rendered":"<p>anem al Mercat de les Flors<\/p>\n","protected":false},"author":4,"featured_media":49,"comment_status":"open","ping_status":"open","sticky":false,"template":"","format":"gallery","meta":{"footnotes":""},"categories":[1],"tags":[],"class_list":["post-48","post","type-post","status-publish","format-gallery","has-post-thumbnail","hentry","category-general","post_format-post-format-gallery"],"_links":{"self":[{"href":"https:\/\/blocsenresidencia.bcn.cat\/teresapamies2023\/wp-json\/wp\/v2\/posts\/48","targetHints":{"allow":["GET"]}}],"collection":[{"href":"https:\/\/blocsenresidencia.bcn.cat\/teresapamies2023\/wp-json\/wp\/v2\/posts"}],"about":[{"href":"https:\/\/blocsenresidencia.bcn.cat\/teresapamies2023\/wp-json\/wp\/v2\/types\/post"}],"author":[{"embeddable":true,"href":"https:\/\/blocsenresidencia.bcn.cat\/teresapamies2023\/wp-json\/wp\/v2\/users\/4"}],"replies":[{"embeddable":true,"href":"https:\/\/blocsenresidencia.bcn.cat\/teresapamies2023\/wp-json\/wp\/v2\/comments?post=48"}],"version-history":[{"count":4,"href":"https:\/\/blocsenresidencia.bcn.cat\/teresapamies2023\/wp-json\/wp\/v2\/posts\/48\/revisions"}],"predecessor-version":[{"id":70,"href":"https:\/\/blocsenresidencia.bcn.cat\/teresapamies2023\/wp-json\/wp\/v2\/posts\/48\/revisions\/70"}],"wp:featuredmedia":[{"embeddable":true,"href":"https:\/\/blocsenresidencia.bcn.cat\/teresapamies2023\/wp-json\/wp\/v2\/media\/49"}],"wp:attachment":[{"href":"https:\/\/blocsenresidencia.bcn.cat\/teresapamies2023\/wp-json\/wp\/v2\/media?parent=48"}],"wp:term":[{"taxonomy":"category","embeddable":true,"href":"https:\/\/blocsenresidencia.bcn.cat\/teresapamies2023\/wp-json\/wp\/v2\/categories?post=48"},{"taxonomy":"post_tag","embeddable":true,"href":"https:\/\/blocsenresidencia.bcn.cat\/teresapamies2023\/wp-json\/wp\/v2\/tags?post=48"}],"curies":[{"name":"wp","href":"https:\/\/api.w.org\/{rel}","templated":true}]}}