{"id":1,"date":"2022-11-15T11:13:00","date_gmt":"2022-11-15T09:13:00","guid":{"rendered":"https:\/\/blocsenresidencia.bcn.cat\/trinitatnova2023\/?p=1"},"modified":"2022-11-15T16:58:54","modified_gmt":"2022-11-15T14:58:54","slug":"xesca-salva-en-residencia-a-linstitut-escola-trinitat-nova","status":"publish","type":"post","link":"https:\/\/blocsenresidencia.bcn.cat\/trinitatnova2023\/2022\/11\/15\/xesca-salva-en-residencia-a-linstitut-escola-trinitat-nova\/","title":{"rendered":"Xesca Salv\u00e0 EN RESiD\u00c8NCiA a l&#8217;Institut Escola Trinitat Nova"},"content":{"rendered":"\n<p>Xesca Salv\u00e0 ja ha iniciat el proc\u00e9s de creaci\u00f3 EN RESiD\u00c8NCiA a l&#8217;Institut Escola Trinitat Nova, amb un grup d\u2019alumnes de 3r d\u2019ESO, les professores Lara Sanchez i Ana Puerto, i amb la mediaci\u00f3 d\u2019A Bao A Qu. En aquest blog podreu anar seguint moments clau d\u2019un proc\u00e9s obert, amb un final no pre-definit. Fins molt aviat!<\/p>\n\n\n\n<p><\/p>\n","protected":false},"excerpt":{"rendered":"<p>Xesca Salv\u00e0 ja ha iniciat el proc\u00e9s de creaci\u00f3 EN RESiD\u00c8NCiA a l&#8217;Institut Escola Trinitat Nova, amb un grup d\u2019alumnes de 3r d\u2019ESO, les professores Lara Sanchez i Ana Puerto, i amb la mediaci\u00f3 d\u2019A Bao A Qu. En aquest blog podreu anar seguint moments clau d\u2019un proc\u00e9s obert, amb un final no pre-definit. Fins &hellip; <\/p>\n<p class=\"link-more\"><a href=\"https:\/\/blocsenresidencia.bcn.cat\/trinitatnova2023\/2022\/11\/15\/xesca-salva-en-residencia-a-linstitut-escola-trinitat-nova\/\" class=\"more-link\">Continua llegint <span class=\"screen-reader-text\">\u00abXesca Salv\u00e0 EN RESiD\u00c8NCiA a l&#8217;Institut Escola Trinitat Nova\u00bb<\/span><\/a><\/p>\n","protected":false},"author":1,"featured_media":0,"comment_status":"open","ping_status":"open","sticky":false,"template":"","format":"standard","meta":{"footnotes":""},"categories":[1],"tags":[],"class_list":["post-1","post","type-post","status-publish","format-standard","hentry","category-general"],"_links":{"self":[{"href":"https:\/\/blocsenresidencia.bcn.cat\/trinitatnova2023\/wp-json\/wp\/v2\/posts\/1","targetHints":{"allow":["GET"]}}],"collection":[{"href":"https:\/\/blocsenresidencia.bcn.cat\/trinitatnova2023\/wp-json\/wp\/v2\/posts"}],"about":[{"href":"https:\/\/blocsenresidencia.bcn.cat\/trinitatnova2023\/wp-json\/wp\/v2\/types\/post"}],"author":[{"embeddable":true,"href":"https:\/\/blocsenresidencia.bcn.cat\/trinitatnova2023\/wp-json\/wp\/v2\/users\/1"}],"replies":[{"embeddable":true,"href":"https:\/\/blocsenresidencia.bcn.cat\/trinitatnova2023\/wp-json\/wp\/v2\/comments?post=1"}],"version-history":[{"count":1,"href":"https:\/\/blocsenresidencia.bcn.cat\/trinitatnova2023\/wp-json\/wp\/v2\/posts\/1\/revisions"}],"predecessor-version":[{"id":35,"href":"https:\/\/blocsenresidencia.bcn.cat\/trinitatnova2023\/wp-json\/wp\/v2\/posts\/1\/revisions\/35"}],"wp:attachment":[{"href":"https:\/\/blocsenresidencia.bcn.cat\/trinitatnova2023\/wp-json\/wp\/v2\/media?parent=1"}],"wp:term":[{"taxonomy":"category","embeddable":true,"href":"https:\/\/blocsenresidencia.bcn.cat\/trinitatnova2023\/wp-json\/wp\/v2\/categories?post=1"},{"taxonomy":"post_tag","embeddable":true,"href":"https:\/\/blocsenresidencia.bcn.cat\/trinitatnova2023\/wp-json\/wp\/v2\/tags?post=1"}],"curies":[{"name":"wp","href":"https:\/\/api.w.org\/{rel}","templated":true}]}}